{"id":27024,"date":"2017-01-26T17:13:57","date_gmt":"2017-01-26T21:13:57","guid":{"rendered":"http:\/\/www.brazilianpress.com\/v1\/?p=27024"},"modified":"2017-01-26T17:13:57","modified_gmt":"2017-01-26T21:13:57","slug":"estudo-vincula-tatuagens-com-o-cancer","status":"publish","type":"post","link":"https:\/\/www.brazilianpress.com\/v1\/2017\/01\/26\/estudo-vincula-tatuagens-com-o-cancer\/","title":{"rendered":"Estudo vincula tatuagens com o c\u00e2ncer"},"content":{"rendered":"<p><img loading=\"lazy\" class=\"alignright size-full wp-image-27025\" src=\"http:\/\/www.brazilianpress.com\/v1\/wp-content\/uploads\/2017\/01\/tatuagens.jpg\" alt=\"tatuagens\" width=\"300\" height=\"170\" \/>Um novo estudo da Uni\u00e3o Europeia revela que alguns dos pigmentos utilizados na pintura das tatuagens poderiam ser de baixa pureza ou n\u00e3o terem sido fabricados para utilizar-se na pele humana.<!--more--><\/p>\n<p>Os especialistas advertem que mais de 80% desses colorantes s\u00e3o org\u00e2nicos e pelo menos a metade pode liberar subst\u00e2ncias cancer\u00edgenas. Estes elementos tamb\u00e9m j\u00e1 foram encontrados em maquiagens permanentes.<\/p>\n<p>Daniel Fern\u00e1ndez, um reconhecido tatuador da Cidade do M\u00e9xico, reconhece que algumas peles s\u00e3o mais sens\u00edveis que outras, e podem terem rea\u00e7\u00f5es negativas, mas afirma que as tintas s\u00e3o muito seguras.<\/p>\n<p>O estudo tamb\u00e9m explica que muitas das cores utilizadas nas tatuagens n\u00e3o s\u00e3o sol\u00faveis em \u00e1gua, por isso uma porcentagem importante desses pigmentos termina com o tempo estendendo-se atrav\u00e9s do corpo.<\/p>\n<p>Os especialistas dizem que grande parte desta pintura finalmente termina no sangue, o que tamb\u00e9m poderia representar um risco para a sa\u00fade humana.<\/p>\n","protected":false},"excerpt":{"rendered":"<p>Um novo estudo da Uni\u00e3o Europeia revela que alguns dos pigmentos utilizados na pintura das tatuagens poderiam ser de baixa pureza ou n\u00e3o terem sido fabricados para utilizar-se na pele humana.<\/p>\n","protected":false},"author":1,"featured_media":27025,"comment_status":"open","ping_status":"open","sticky":false,"template":"","format":"standard","meta":{"_links_to":"","_links_to_target":""},"categories":[4,1],"tags":[],"views":1654,"_links":{"self":[{"href":"https:\/\/www.brazilianpress.com\/v1\/wp-json\/wp\/v2\/posts\/27024"}],"collection":[{"href":"https:\/\/www.brazilianpress.com\/v1\/wp-json\/wp\/v2\/posts"}],"about":[{"href":"https:\/\/www.brazilianpress.com\/v1\/wp-json\/wp\/v2\/types\/post"}],"author":[{"embeddable":true,"href":"https:\/\/www.brazilianpress.com\/v1\/wp-json\/wp\/v2\/users\/1"}],"replies":[{"embeddable":true,"href":"https:\/\/www.brazilianpress.com\/v1\/wp-json\/wp\/v2\/comments?post=27024"}],"version-history":[{"count":1,"href":"https:\/\/www.brazilianpress.com\/v1\/wp-json\/wp\/v2\/posts\/27024\/revisions"}],"predecessor-version":[{"id":27026,"href":"https:\/\/www.brazilianpress.com\/v1\/wp-json\/wp\/v2\/posts\/27024\/revisions\/27026"}],"wp:featuredmedia":[{"embeddable":true,"href":"https:\/\/www.brazilianpress.com\/v1\/wp-json\/wp\/v2\/media\/27025"}],"wp:attachment":[{"href":"https:\/\/www.brazilianpress.com\/v1\/wp-json\/wp\/v2\/media?parent=27024"}],"wp:term":[{"taxonomy":"category","embeddable":true,"href":"https:\/\/www.brazilianpress.com\/v1\/wp-json\/wp\/v2\/categories?post=27024"},{"taxonomy":"post_tag","embeddable":true,"href":"https:\/\/www.brazilianpress.com\/v1\/wp-json\/wp\/v2\/tags?post=27024"}],"curies":[{"name":"wp","href":"https:\/\/api.w.org\/{rel}","templated":true}]}}