{"id":27272,"date":"2017-02-09T16:12:34","date_gmt":"2017-02-09T20:12:34","guid":{"rendered":"http:\/\/www.brazilianpress.com\/v1\/?p=27272"},"modified":"2017-02-09T16:12:34","modified_gmt":"2017-02-09T20:12:34","slug":"moma-se-une-a-protesto-contra-medida-migratoria","status":"publish","type":"post","link":"https:\/\/www.brazilianpress.com\/v1\/2017\/02\/09\/moma-se-une-a-protesto-contra-medida-migratoria\/","title":{"rendered":"MoMA se une a protesto contra medida migrat\u00f3ria"},"content":{"rendered":"<p><img loading=\"lazy\" class=\"alignnone size-full wp-image-27273\" src=\"http:\/\/www.brazilianpress.com\/v1\/wp-content\/uploads\/2017\/02\/MoMA-Zaha-Hadid.jpg\" alt=\"MoMA+Zaha+Hadid\" width=\"500\" height=\"283\" srcset=\"https:\/\/www.brazilianpress.com\/v1\/wp-content\/uploads\/2017\/02\/MoMA-Zaha-Hadid.jpg 500w, https:\/\/www.brazilianpress.com\/v1\/wp-content\/uploads\/2017\/02\/MoMA-Zaha-Hadid-300x170.jpg 300w\" sizes=\"(max-width: 500px) 100vw, 500px\" \/><\/p>\n<p>A ordem executiva emitida pelo presidente Trump que restringe temporariamente os viajantes de sete pa\u00edses predominantemente mu\u00e7ulmanos aos Estados Unidos tem inspirado protestos por toda a na\u00e7\u00e3o e ao redor do mundo.<!--more--><\/p>\n<p>Agora, o Museu de Arte Moderna da cidade de NY se uniu aos protestos.<\/p>\n<p>O museu reinstalou obras de arte de artistas dos lugares afetados pela ordem executiva.<\/p>\n<p>As pe\u00e7as est\u00e3o colocadas nas galerias e apresentam trabalhos de artistas de cole\u00e7\u00f5es permanentes do museu, incluindo Picasso, Mattisse e Picabia.<\/p>\n<p>Os artistas expostos incluem o pintor sudan\u00eas Ibrahim el-Salahi, o artista iraniano Hossein Zenderoudi e o arquiteto iraquiano Zaha Hadid.<\/p>\n<p>Embora a restri\u00e7\u00e3o de viagens tenha sido detida pelo juiz federal James Robart, a administra\u00e7\u00e3o de Donald Trump busca reincorpor\u00e1-la.<\/p>\n","protected":false},"excerpt":{"rendered":"<p>A ordem executiva emitida pelo presidente Trump que restringe temporariamente os viajantes de sete pa\u00edses predominantemente mu\u00e7ulmanos aos Estados Unidos tem inspirado protestos por toda a na\u00e7\u00e3o e ao redor do mundo.<\/p>\n","protected":false},"author":1,"featured_media":27273,"comment_status":"open","ping_status":"open","sticky":false,"template":"","format":"standard","meta":{"_links_to":"","_links_to_target":""},"categories":[4,1],"tags":[],"views":5848,"_links":{"self":[{"href":"https:\/\/www.brazilianpress.com\/v1\/wp-json\/wp\/v2\/posts\/27272"}],"collection":[{"href":"https:\/\/www.brazilianpress.com\/v1\/wp-json\/wp\/v2\/posts"}],"about":[{"href":"https:\/\/www.brazilianpress.com\/v1\/wp-json\/wp\/v2\/types\/post"}],"author":[{"embeddable":true,"href":"https:\/\/www.brazilianpress.com\/v1\/wp-json\/wp\/v2\/users\/1"}],"replies":[{"embeddable":true,"href":"https:\/\/www.brazilianpress.com\/v1\/wp-json\/wp\/v2\/comments?post=27272"}],"version-history":[{"count":1,"href":"https:\/\/www.brazilianpress.com\/v1\/wp-json\/wp\/v2\/posts\/27272\/revisions"}],"predecessor-version":[{"id":27274,"href":"https:\/\/www.brazilianpress.com\/v1\/wp-json\/wp\/v2\/posts\/27272\/revisions\/27274"}],"wp:featuredmedia":[{"embeddable":true,"href":"https:\/\/www.brazilianpress.com\/v1\/wp-json\/wp\/v2\/media\/27273"}],"wp:attachment":[{"href":"https:\/\/www.brazilianpress.com\/v1\/wp-json\/wp\/v2\/media?parent=27272"}],"wp:term":[{"taxonomy":"category","embeddable":true,"href":"https:\/\/www.brazilianpress.com\/v1\/wp-json\/wp\/v2\/categories?post=27272"},{"taxonomy":"post_tag","embeddable":true,"href":"https:\/\/www.brazilianpress.com\/v1\/wp-json\/wp\/v2\/tags?post=27272"}],"curies":[{"name":"wp","href":"https:\/\/api.w.org\/{rel}","templated":true}]}}