{"id":27288,"date":"2017-02-13T19:11:07","date_gmt":"2017-02-13T23:11:07","guid":{"rendered":"http:\/\/www.brazilianpress.com\/v1\/?p=27288"},"modified":"2017-02-16T11:25:39","modified_gmt":"2017-02-16T15:25:39","slug":"um-dia-sem-imigrantes-protestos-em-wisconsin-incentivam-comunidades-em-new-jersey-a-boicotarem-o-sistema","status":"publish","type":"post","link":"https:\/\/www.brazilianpress.com\/v1\/2017\/02\/13\/um-dia-sem-imigrantes-protestos-em-wisconsin-incentivam-comunidades-em-new-jersey-a-boicotarem-o-sistema\/","title":{"rendered":"Um Dia Sem Imigrantes: Protestos em Wisconsin incentivam comunidades em New Jersey a boicotarem o sistema"},"content":{"rendered":"<p><img loading=\"lazy\" class=\"alignnone size-full wp-image-27289\" src=\"http:\/\/www.brazilianpress.com\/v1\/wp-content\/uploads\/2017\/02\/protesto-imigrantes-2.jpg\" alt=\"protesto imigrantes (2)\" width=\"500\" height=\"246\" srcset=\"https:\/\/www.brazilianpress.com\/v1\/wp-content\/uploads\/2017\/02\/protesto-imigrantes-2.jpg 500w, https:\/\/www.brazilianpress.com\/v1\/wp-content\/uploads\/2017\/02\/protesto-imigrantes-2-300x148.jpg 300w\" sizes=\"(max-width: 500px) 100vw, 500px\" \/><\/p>\n<p><strong>Roger Costa &#8211;<\/strong> Milhares de imigrantes e associados a causa contra as ordens executivas assinadas pelo Presidente Trump vetando a entrada de imigrantes, mesmo os portadores do cart\u00e3o-verde e de vistos de 7 Pa\u00edses de origem mul\u00e7umana marcharam em protesto em Milwaukee, no estado de Wisconsin, nesta segunda-feira(13).<!--more--> O gigantesco protesto foi a primeira demonstra\u00e7\u00e3o do movimento \u201cUm Dia Sem Imigrantes\u201d levantada por grupos e organiza\u00e7\u00f5es ao redor do pa\u00eds. O protesto obteve resultados positivos sem a interven\u00e7\u00e3o da pol\u00edcia, ou registros de incidentes, tampouco atos de vandalismo e viol\u00eancia. Os participantes seguiram as regras do protesto, que consta n\u00e3o trabalhar, n\u00e3o ir mandar crian\u00e7as \u00e0s escolas, n\u00e3o comprar nas lojas, internet, supermercados ou restaurantes. Caminhando ao longo da cidade por v\u00e1rias horas, mesmo sob temperaturas fr\u00edgidas, e causando um tremendo transtorno financeiro aos cofres da cidade. O movimento est\u00e1 sendo analisado e discutido por l\u00edderes comunit\u00e1rios em New York e New Jersey e uma sugest\u00e3o informativa no Facebook chamou aten\u00e7\u00e3o sobre o assunto, espalhando-se rapidamente incitando a todos os imigrantes a fazerem o mesmo e participarem do protesto nesta quinta-feira, dia 16, fechando grande parte do com\u00e9rcio e business nas cidades e bairros principais, Queens, Newark, Manhattan, Long Branch e Jersey City.<\/p>\n<p><img loading=\"lazy\" class=\"alignnone size-full wp-image-27290\" src=\"http:\/\/www.brazilianpress.com\/v1\/wp-content\/uploads\/2017\/02\/protesto-imigrantes-1.jpg\" alt=\"protesto imigrantes (1)\" width=\"500\" height=\"278\" srcset=\"https:\/\/www.brazilianpress.com\/v1\/wp-content\/uploads\/2017\/02\/protesto-imigrantes-1.jpg 500w, https:\/\/www.brazilianpress.com\/v1\/wp-content\/uploads\/2017\/02\/protesto-imigrantes-1-300x167.jpg 300w\" sizes=\"(max-width: 500px) 100vw, 500px\" \/><\/p>\n<p>No entanto, at\u00e9 o momento n\u00e3o existe nenhum \u00f3rg\u00e3o autorizado respons\u00e1vel confirmando o protesto para esta quinta-feira. O convite est\u00e1 aberto atrav\u00e9s de alguns canais no YouTube e no Facebook, e j\u00e1 existem at\u00e9 alguns estabelecimentos na cidade de Long Branch em New Jersey,\u00a0 demonstrando concord\u00e2ncia com o movimento e est\u00e3o dispostos a seguirem as regras e fecharem seus com\u00e9rcios na quinta-feira. Por outro lado, cerca de 400 pessoas, entre elas advogados, pais de fam\u00edlias, l\u00edderes e autoridades de prote\u00e7\u00e3o a imigrantes, se reuniram durante f\u00f3rum de 3 dias em Boston para discutirem os detalhes de um boicote nacional programado para o pr\u00f3ximo dia 1\u00ba de Maio.<\/p>\n","protected":false},"excerpt":{"rendered":"<p>Roger Costa &#8211; Milhares de imigrantes e associados a causa contra as ordens executivas assinadas pelo Presidente Trump vetando a entrada de imigrantes, mesmo os portadores do cart\u00e3o-verde e de vistos de 7 Pa\u00edses de origem mul\u00e7umana marcharam em protesto em Milwaukee, no estado de Wisconsin, nesta segunda-feira(13).<\/p>\n","protected":false},"author":1,"featured_media":27289,"comment_status":"open","ping_status":"open","sticky":false,"template":"","format":"standard","meta":{"_links_to":"","_links_to_target":""},"categories":[4,1],"tags":[],"views":4124,"_links":{"self":[{"href":"https:\/\/www.brazilianpress.com\/v1\/wp-json\/wp\/v2\/posts\/27288"}],"collection":[{"href":"https:\/\/www.brazilianpress.com\/v1\/wp-json\/wp\/v2\/posts"}],"about":[{"href":"https:\/\/www.brazilianpress.com\/v1\/wp-json\/wp\/v2\/types\/post"}],"author":[{"embeddable":true,"href":"https:\/\/www.brazilianpress.com\/v1\/wp-json\/wp\/v2\/users\/1"}],"replies":[{"embeddable":true,"href":"https:\/\/www.brazilianpress.com\/v1\/wp-json\/wp\/v2\/comments?post=27288"}],"version-history":[{"count":1,"href":"https:\/\/www.brazilianpress.com\/v1\/wp-json\/wp\/v2\/posts\/27288\/revisions"}],"predecessor-version":[{"id":27291,"href":"https:\/\/www.brazilianpress.com\/v1\/wp-json\/wp\/v2\/posts\/27288\/revisions\/27291"}],"wp:featuredmedia":[{"embeddable":true,"href":"https:\/\/www.brazilianpress.com\/v1\/wp-json\/wp\/v2\/media\/27289"}],"wp:attachment":[{"href":"https:\/\/www.brazilianpress.com\/v1\/wp-json\/wp\/v2\/media?parent=27288"}],"wp:term":[{"taxonomy":"category","embeddable":true,"href":"https:\/\/www.brazilianpress.com\/v1\/wp-json\/wp\/v2\/categories?post=27288"},{"taxonomy":"post_tag","embeddable":true,"href":"https:\/\/www.brazilianpress.com\/v1\/wp-json\/wp\/v2\/tags?post=27288"}],"curies":[{"name":"wp","href":"https:\/\/api.w.org\/{rel}","templated":true}]}}