{"id":27302,"date":"2017-02-16T09:44:55","date_gmt":"2017-02-16T13:44:55","guid":{"rendered":"http:\/\/www.brazilianpress.com\/v1\/?p=27302"},"modified":"2017-02-23T08:52:37","modified_gmt":"2017-02-23T12:52:37","slug":"social-press-16022017","status":"publish","type":"post","link":"https:\/\/www.brazilianpress.com\/v1\/2017\/02\/16\/social-press-16022017\/","title":{"rendered":"Social Press . 16\/02\/2017"},"content":{"rendered":"<p><strong><img loading=\"lazy\" class=\"alignnone size-full wp-image-27295\" src=\"http:\/\/www.brazilianpress.com\/v1\/wp-content\/uploads\/2017\/02\/social-press-ed1823-20170216-2.jpg\" alt=\"social press ed1823 20170216 (2)\" width=\"450\" height=\"300\" srcset=\"https:\/\/www.brazilianpress.com\/v1\/wp-content\/uploads\/2017\/02\/social-press-ed1823-20170216-2.jpg 450w, https:\/\/www.brazilianpress.com\/v1\/wp-content\/uploads\/2017\/02\/social-press-ed1823-20170216-2-300x200.jpg 300w\" sizes=\"(max-width: 450px) 100vw, 450px\" \/><br \/>\nOpen Mic\u00a0 todas as segundas com o maior sucesso no Vivo, Traga sua Banda e participe, vale a pena conferir.<\/strong><\/p>\n<p><strong><img loading=\"lazy\" class=\"alignnone size-full wp-image-27296\" src=\"http:\/\/www.brazilianpress.com\/v1\/wp-content\/uploads\/2017\/02\/social-press-ed1823-20170216-3.jpg\" alt=\"social press ed1823 20170216 (3)\" width=\"450\" height=\"338\" srcset=\"https:\/\/www.brazilianpress.com\/v1\/wp-content\/uploads\/2017\/02\/social-press-ed1823-20170216-3.jpg 450w, https:\/\/www.brazilianpress.com\/v1\/wp-content\/uploads\/2017\/02\/social-press-ed1823-20170216-3-300x225.jpg 300w\" sizes=\"(max-width: 450px) 100vw, 450px\" \/><br \/>\nUm dos pioneiros da Bossa Nova, Marcos Valle e o conceituado compositor Celso Fonseca, saudam o p\u00fablico durante a s\u00e9rie de shows Bossa Brasil no Birdland.<\/strong><!--more--><\/p>\n<p><strong><img loading=\"lazy\" class=\"alignnone size-full wp-image-27297\" src=\"http:\/\/www.brazilianpress.com\/v1\/wp-content\/uploads\/2017\/02\/social-press-ed1823-20170216-4.jpg\" alt=\"social press ed1823 20170216 (4)\" width=\"450\" height=\"385\" srcset=\"https:\/\/www.brazilianpress.com\/v1\/wp-content\/uploads\/2017\/02\/social-press-ed1823-20170216-4.jpg 450w, https:\/\/www.brazilianpress.com\/v1\/wp-content\/uploads\/2017\/02\/social-press-ed1823-20170216-4-300x257.jpg 300w\" sizes=\"(max-width: 450px) 100vw, 450px\" \/><br \/>\nO camarada Bone Nogueira, gerente do Seabras na Ferry St, levou a bandeira brasileira para a mega noite de UFC no Barclays Center Sabado passado. Vida Boa!<\/strong><\/p>\n<p><strong><img loading=\"lazy\" class=\"alignnone size-full wp-image-27298\" src=\"http:\/\/www.brazilianpress.com\/v1\/wp-content\/uploads\/2017\/02\/social-press-ed1823-20170216-5.jpg\" alt=\"social press ed1823 20170216 (5)\" width=\"450\" height=\"398\" srcset=\"https:\/\/www.brazilianpress.com\/v1\/wp-content\/uploads\/2017\/02\/social-press-ed1823-20170216-5.jpg 450w, https:\/\/www.brazilianpress.com\/v1\/wp-content\/uploads\/2017\/02\/social-press-ed1823-20170216-5-300x265.jpg 300w\" sizes=\"(max-width: 450px) 100vw, 450px\" \/><br \/>\nHappy Birthday a querida amiga Flavia Fernandes Alicea que completou 40 anos com muita alegria e uma festa super elegante!<\/strong><\/p>\n<p><strong><img loading=\"lazy\" class=\"alignnone size-full wp-image-27299\" src=\"http:\/\/www.brazilianpress.com\/v1\/wp-content\/uploads\/2017\/02\/social-press-ed1823-20170216-6.jpg\" alt=\"social press ed1823 20170216 (6)\" width=\"450\" height=\"450\" srcset=\"https:\/\/www.brazilianpress.com\/v1\/wp-content\/uploads\/2017\/02\/social-press-ed1823-20170216-6.jpg 450w, https:\/\/www.brazilianpress.com\/v1\/wp-content\/uploads\/2017\/02\/social-press-ed1823-20170216-6-150x150.jpg 150w, https:\/\/www.brazilianpress.com\/v1\/wp-content\/uploads\/2017\/02\/social-press-ed1823-20170216-6-300x300.jpg 300w\" sizes=\"(max-width: 450px) 100vw, 450px\" \/><br \/>\nNossas felicita\u00e7\u00f5es a Cristina Marques que completa mais uma Primavera neste sabado, aqui no aconchego da linda fam\u00edlia. Parabens!!!<\/strong><\/p>\n<p><strong><img loading=\"lazy\" class=\"alignnone size-full wp-image-27300\" src=\"http:\/\/www.brazilianpress.com\/v1\/wp-content\/uploads\/2017\/02\/social-press-ed1823-20170216-7.jpg\" alt=\"social press ed1823 20170216 (7)\" width=\"450\" height=\"338\" srcset=\"https:\/\/www.brazilianpress.com\/v1\/wp-content\/uploads\/2017\/02\/social-press-ed1823-20170216-7.jpg 450w, https:\/\/www.brazilianpress.com\/v1\/wp-content\/uploads\/2017\/02\/social-press-ed1823-20170216-7-300x225.jpg 300w\" sizes=\"(max-width: 450px) 100vw, 450px\" \/><br \/>\nGrande abertura Wine Art in Astoria \u00a0NY, na foto Adriana Lima, Marconi Maia, Carlos Milholi e Amanda Milholi. Parab\u00e9ns e muito sucesso!<\/strong><\/p>\n<p><strong><img loading=\"lazy\" class=\"alignnone size-full wp-image-27294\" src=\"http:\/\/www.brazilianpress.com\/v1\/wp-content\/uploads\/2017\/02\/social-press-ed1823-20170216-1.jpg\" alt=\"social press ed1823 20170216 (1)\" width=\"450\" height=\"523\" srcset=\"https:\/\/www.brazilianpress.com\/v1\/wp-content\/uploads\/2017\/02\/social-press-ed1823-20170216-1.jpg 450w, https:\/\/www.brazilianpress.com\/v1\/wp-content\/uploads\/2017\/02\/social-press-ed1823-20170216-1-258x300.jpg 258w\" sizes=\"(max-width: 450px) 100vw, 450px\" \/><br \/>\nHappy birthday\u00a0 Andre Neves, um dos m\u00fasicos de melhor qualidade de New Jersey. Felicidades!<\/strong><\/p>\n","protected":false},"excerpt":{"rendered":"<p>Open Mic\u00a0 todas as segundas com o maior sucesso no Vivo, Traga sua Banda e participe, vale a pena conferir. Um dos pioneiros da Bossa Nova, Marcos Valle e o conceituado compositor Celso Fonseca, saudam o p\u00fablico durante a s\u00e9rie de shows Bossa Brasil no Birdland.<\/p>\n","protected":false},"author":1,"featured_media":27295,"comment_status":"open","ping_status":"open","sticky":false,"template":"","format":"standard","meta":{"_links_to":"","_links_to_target":""},"categories":[4,19,1,6],"tags":[],"views":4264,"_links":{"self":[{"href":"https:\/\/www.brazilianpress.com\/v1\/wp-json\/wp\/v2\/posts\/27302"}],"collection":[{"href":"https:\/\/www.brazilianpress.com\/v1\/wp-json\/wp\/v2\/posts"}],"about":[{"href":"https:\/\/www.brazilianpress.com\/v1\/wp-json\/wp\/v2\/types\/post"}],"author":[{"embeddable":true,"href":"https:\/\/www.brazilianpress.com\/v1\/wp-json\/wp\/v2\/users\/1"}],"replies":[{"embeddable":true,"href":"https:\/\/www.brazilianpress.com\/v1\/wp-json\/wp\/v2\/comments?post=27302"}],"version-history":[{"count":1,"href":"https:\/\/www.brazilianpress.com\/v1\/wp-json\/wp\/v2\/posts\/27302\/revisions"}],"predecessor-version":[{"id":27303,"href":"https:\/\/www.brazilianpress.com\/v1\/wp-json\/wp\/v2\/posts\/27302\/revisions\/27303"}],"wp:featuredmedia":[{"embeddable":true,"href":"https:\/\/www.brazilianpress.com\/v1\/wp-json\/wp\/v2\/media\/27295"}],"wp:attachment":[{"href":"https:\/\/www.brazilianpress.com\/v1\/wp-json\/wp\/v2\/media?parent=27302"}],"wp:term":[{"taxonomy":"category","embeddable":true,"href":"https:\/\/www.brazilianpress.com\/v1\/wp-json\/wp\/v2\/categories?post=27302"},{"taxonomy":"post_tag","embeddable":true,"href":"https:\/\/www.brazilianpress.com\/v1\/wp-json\/wp\/v2\/tags?post=27302"}],"curies":[{"name":"wp","href":"https:\/\/api.w.org\/{rel}","templated":true}]}}