{"id":27304,"date":"2017-02-16T10:47:40","date_gmt":"2017-02-16T14:47:40","guid":{"rendered":"http:\/\/www.brazilianpress.com\/v1\/?p=27304"},"modified":"2017-02-20T18:28:08","modified_gmt":"2017-02-20T22:28:08","slug":"okaida-e-estados-unidos-travam-guerra-dentro-e-fora-das-cadeias-no-nordeste-brasileiro","status":"publish","type":"post","link":"https:\/\/www.brazilianpress.com\/v1\/2017\/02\/16\/okaida-e-estados-unidos-travam-guerra-dentro-e-fora-das-cadeias-no-nordeste-brasileiro\/","title":{"rendered":"&#8216;Okaida&#8217; e &#8216;Estados Unidos&#8217; travam guerra dentro e fora das cadeias no Nordeste brasileiro"},"content":{"rendered":"<p><img loading=\"lazy\" class=\"alignnone size-full wp-image-27305\" src=\"http:\/\/www.brazilianpress.com\/v1\/wp-content\/uploads\/2017\/02\/okaida.jpg\" alt=\"okaida\" width=\"500\" height=\"281\" srcset=\"https:\/\/www.brazilianpress.com\/v1\/wp-content\/uploads\/2017\/02\/okaida.jpg 500w, https:\/\/www.brazilianpress.com\/v1\/wp-content\/uploads\/2017\/02\/okaida-300x169.jpg 300w\" sizes=\"(max-width: 500px) 100vw, 500px\" \/><\/p>\n<p>Na Para\u00edba, uma guerra peculiar inspirada no conflito entre os EUA e os fundamentalistas isl\u00e2micos da Al Qaeda \u00e9 travada diariamente dentro e fora das cadeias.<!--more--><\/p>\n<p>As organiza\u00e7\u00f5es criminosas que se autointitulam &#8220;Estados Unidos&#8221; e &#8220;Okaida&#8221; &#8211; forma abrasileirada de dizer Al Qaeda &#8211; disputam o comando do narcotr\u00e1fico no Estado e tensionam o sistema penitenci\u00e1rio.<\/p>\n<p>Os dois grupos surgiram nas pris\u00f5es paraibanas e vivem em confronto. Por isso, quando a s\u00e9rie de rebeli\u00f5es e massacres em pris\u00f5es do Amazonas, Roraima e na vizinha Rio Grande do Norte foram deflagradas, a Para\u00edba entrou em estado de alerta. Primeiro, por volta de 2004, surgiu a &#8220;Okaida&#8221; ou OKD, &#8220;o jeito que encontraram de falar e escrever Al Qaeda&#8221;, explica o militar. O grupo rival imediatamente se autobatizou de &#8220;Estados Unidos&#8221;. Desde ent\u00e3o, est\u00e3o em disputa.<\/p>\n<p>Os dois grupos reproduzem o modelo de outras fac\u00e7\u00f5es como o PCC (Primeiro Comando da Capital) dando prote\u00e7\u00e3o dos integrantes presos, que tamb\u00e9m \u00e9 estendida aos familiares mais desamparados do lado de fora, sustentada pelo pagamento de uma esp\u00e9cie de d\u00edzimo. &#8220;Passaram muito tempo ouvindo sobre Bin Laden. A inspira\u00e7\u00e3o se limita ao nome, n\u00e3o tem nada a ver com religi\u00e3o. \u00c9 disputa por territ\u00f3rio e drogas&#8221;, explica o tenente-coronel.<\/p>\n<p>A Secretaria de Estado da Administra\u00e7\u00e3o Penitenci\u00e1ria da Para\u00edba informou, por meio da assessoria de imprensa, que &#8220;est\u00e1 utilizando todos os recursos dispon\u00edveis para manter o sistema penitenci\u00e1rio paraibano dentro da normalidade, levando-se em conta a realidade que estamos acompanhando em outras unidades da federa\u00e7\u00e3o&#8221;.<\/p>\n<p>O tenente-coronel Carlos Santos conta que o PCC bem que tentou costurar um acordo de paz na Para\u00edba para conter a disputa entre os dois grupos locais e poder operar sem a repress\u00e3o ostensiva da pol\u00edcia, mas o emiss\u00e1rio da organiza\u00e7\u00e3o paulista foi assassinado.<\/p>\n<p>&#8220;Okaida e Estados Unidos s\u00e3o rivais ao extremo e a filosofia deles n\u00e3o se encaixa na do PCC. Deixaram o estatuto do PCC em cima do cad\u00e1ver&#8221;, lembra Santos. Durante sua pesquisa, ele entrevistou v\u00e1rios detentos, a maioria deles associados a um dos dois grupos paraibanos e constatou que h\u00e1 um crescimento na Para\u00edba do n\u00famero de integrantes da Okaida e dos Estados Unidos.<\/p>\n<p>A marca dos dois grupos est\u00e1 em picha\u00e7\u00f5es em muros e paredes e tamb\u00e9m na pele de seus integrantes. As letras &#8220;OKD&#8221; aparecem onde a Okaida domina. Tatuados no corpo de seus integrantes est\u00e3o a imagem de Chucky, o &#8220;boneco assassino&#8221;, ou de um palha\u00e7o macabro, \u00e0s vezes fumando ou empunhando armas.<\/p>\n<p>Presos dos Estados Unidos, por sua vez, t\u00eam o costume de tatuar a bandeira dos EUA ou uma carpa. O militar diz que ainda n\u00e3o h\u00e1 ind\u00edcios para afirmar que os dois grupos estejam expandindo suas a\u00e7\u00f5es para outros Estados, como Pernambuco. Santos admite que, de dentro da pris\u00e3o, eles d\u00e3o ordens para fechar escolas e impor toque de recolher em determinados pontos de Jo\u00e3o Pessoa, a capital paraibana.<\/p>\n","protected":false},"excerpt":{"rendered":"<p>Na Para\u00edba, uma guerra peculiar inspirada no conflito entre os EUA e os fundamentalistas isl\u00e2micos da Al Qaeda \u00e9 travada diariamente dentro e fora das cadeias.<\/p>\n","protected":false},"author":1,"featured_media":27305,"comment_status":"open","ping_status":"open","sticky":false,"template":"","format":"standard","meta":{"_links_to":"","_links_to_target":""},"categories":[7,1],"tags":[],"views":2720,"_links":{"self":[{"href":"https:\/\/www.brazilianpress.com\/v1\/wp-json\/wp\/v2\/posts\/27304"}],"collection":[{"href":"https:\/\/www.brazilianpress.com\/v1\/wp-json\/wp\/v2\/posts"}],"about":[{"href":"https:\/\/www.brazilianpress.com\/v1\/wp-json\/wp\/v2\/types\/post"}],"author":[{"embeddable":true,"href":"https:\/\/www.brazilianpress.com\/v1\/wp-json\/wp\/v2\/users\/1"}],"replies":[{"embeddable":true,"href":"https:\/\/www.brazilianpress.com\/v1\/wp-json\/wp\/v2\/comments?post=27304"}],"version-history":[{"count":1,"href":"https:\/\/www.brazilianpress.com\/v1\/wp-json\/wp\/v2\/posts\/27304\/revisions"}],"predecessor-version":[{"id":27306,"href":"https:\/\/www.brazilianpress.com\/v1\/wp-json\/wp\/v2\/posts\/27304\/revisions\/27306"}],"wp:featuredmedia":[{"embeddable":true,"href":"https:\/\/www.brazilianpress.com\/v1\/wp-json\/wp\/v2\/media\/27305"}],"wp:attachment":[{"href":"https:\/\/www.brazilianpress.com\/v1\/wp-json\/wp\/v2\/media?parent=27304"}],"wp:term":[{"taxonomy":"category","embeddable":true,"href":"https:\/\/www.brazilianpress.com\/v1\/wp-json\/wp\/v2\/categories?post=27304"},{"taxonomy":"post_tag","embeddable":true,"href":"https:\/\/www.brazilianpress.com\/v1\/wp-json\/wp\/v2\/tags?post=27304"}],"curies":[{"name":"wp","href":"https:\/\/api.w.org\/{rel}","templated":true}]}}