{"id":27320,"date":"2017-02-16T15:07:39","date_gmt":"2017-02-16T19:07:39","guid":{"rendered":"http:\/\/www.brazilianpress.com\/v1\/?p=27320"},"modified":"2017-02-16T15:07:39","modified_gmt":"2017-02-16T19:07:39","slug":"lea-campos-querem-mudar-a-historia","status":"publish","type":"post","link":"https:\/\/www.brazilianpress.com\/v1\/2017\/02\/16\/lea-campos-querem-mudar-a-historia\/","title":{"rendered":"L\u00e9a Campos: Querem Mudar a Hist\u00f3ria"},"content":{"rendered":"<p><img loading=\"lazy\" class=\"alignright size-medium wp-image-81\" src=\"http:\/\/www.brazilianpress.com\/v1\/wp-content\/uploads\/2013\/04\/lea_campos-300x200.jpg\" alt=\"lea_campos\" width=\"300\" height=\"200\" srcset=\"https:\/\/www.brazilianpress.com\/v1\/wp-content\/uploads\/2013\/04\/lea_campos-300x200.jpg 300w, https:\/\/www.brazilianpress.com\/v1\/wp-content\/uploads\/2013\/04\/lea_campos.jpg 507w\" sizes=\"(max-width: 300px) 100vw, 300px\" \/>Desde 2015 n\u00e3o escrevo sobre pol\u00edtica, me dediquei ao esporte com destaque para o futebol feminino, entretanto o momento que estamos vivendo me obriga a dar outro rumo \u00e0s cr\u00f4nicas que escrevo, o que n\u00e3o significa dizer que continuarei com a pol\u00edtica.<!--more--><\/p>\n<p>Desde a campanha para elei\u00e7\u00e3o presidencial estamos vivendo cheios de d\u00favidas e medo.<\/p>\n<p>J\u00e1 foi comprovado pelo sistema de intelig\u00eancia dos Estados Unidos, que a campanha de Hillary, foi invadida pelos russos para beneficiar Trump.<\/p>\n<p>Ao tomar posse, o presidente usa as medidas provis\u00f3rias<\/p>\n<p>(aqui chamadas leis executivas) para, segundo ele, cumprir promessas feitas em campanha.<\/p>\n<p>O que nos causa esp\u00e9cie \u00e9 que ele est\u00e1 cumprindo somente o que prometeu para tirar os imigrantes do pa\u00eds.<\/p>\n<p>Segundo palavras dele seriam deportados os imigrantes com vincula\u00e7\u00e3o criminosa, o que n\u00e3o \u00e9 verdade.<\/p>\n<p>A imigra\u00e7\u00e3o est\u00e1 fazendo verdadeiros arrast\u00f5es, prendendo aleatoriamente e deportando em seguida tirando inclusive o direito de ser ouvido por um juiz.<\/p>\n<p>Trump diz em alto e bom tom que quer o pa\u00eds para os americanos, ningu\u00e9m mais.<\/p>\n<p>Nem mesmo os que possuem o &#8220;green card&#8221; est\u00e3o livres de dita persegui\u00e7\u00e3o.<\/p>\n<p>Vivenciamos casos de imigrantes legais, que ao regressar de uma viagem foram deportados, outros foram seguidos at\u00e9 \u00e0 sa\u00edda e prenderam quem estava esperando e ambos foram deportados.<\/p>\n<p>Apesar de Reince Priebus, chefe de gabinete do presidente, afirmar que os que t\u00eam &#8220;green card&#8221; n\u00e3o ser\u00e3o barrados nos aeroportos, n\u00e3o \u00e9 o que estamos vendo, logo \u00e9 um governo composto por magnatas mentirosos.<\/p>\n<p>Se fosse verdade dita afirmativa, por que barraram tantos residentes legais nos aeroportos?<\/p>\n<p>Apenas por serem de origem \u00e1rabe? Segundo ainda o governo atual os mu\u00e7ulmanos s\u00e3o terroristas, isso n\u00e3o pode ser generalizado, afinal os dedos das m\u00e3os n\u00e3o s\u00e3o iguais.<\/p>\n<p>Advogados especializados em imigra\u00e7\u00e3o, orientam para n\u00e3o abrirem a porta de casa quando chegam dizendo que \u00e9 a pol\u00edcia, eles usam nomes falsos (fict\u00edcios) para enganar os moradores que ao abrirem a porta s\u00e3o algemados levados para o departamento imigrat\u00f3rio\u00a0e em seguida deportados.<\/p>\n<p>Uma senhora que foi deportada semana passada, foi presa \u00e0s 8 horas da manh\u00e3 e as 10 j\u00e1 estava no M\u00e9xico, n\u00e3o deram a ela nem mesmo os direitos constitucionais.<\/p>\n<p>N\u00e3o dou conselho, mas posso fazer um alerta: se pensa em viajar, deixe a poeira baixar para ver o que segue.<\/p>\n<p>Entre as promessas\u00a0feitas est\u00e1 a cria\u00e7\u00e3o de empregos, at\u00e9 agora n\u00e3o criou nada.<\/p>\n<p>Nos 24 dias de poder, a \u00fanica coisa que ele fez foi acabar com o &#8220;Obama Care&#8221; e deportar imigrantes, al\u00e9m de destruir outros benef\u00edcios criados pelo presidente anterior.<\/p>\n<p>O atual presidente, cr\u00ea que o pa\u00eds \u00e9 um dos cassinos dele e que ele administra a seu bel prazer.<\/p>\n<p>Vamos ver no que acabar\u00e1 esse autoritarismo dele.<\/p>\n<p>Para meus conterr\u00e2neos digo, que caldo de galinha e cautela n\u00e3o matam ningu\u00e9m<\/p>\n<p>O mesmo vale para os que est\u00e3o no Brasil com visto para viajar, n\u00e3o o fa\u00e7am neste momento, pois correm o risco de perderem a viagem.<\/p>\n<p>Aos que chegarem nos Estados Unidos por favor, n\u00e3o assinem o formul\u00e1rio I- 407, pois ao faz\u00ea-lo estar\u00e3o renunciando \u00e0 resid\u00eancia.<\/p>\n","protected":false},"excerpt":{"rendered":"<p>Desde 2015 n\u00e3o escrevo sobre pol\u00edtica, me dediquei ao esporte com destaque para o futebol feminino, entretanto o momento que estamos vivendo me obriga a dar outro rumo \u00e0s cr\u00f4nicas que escrevo, o que n\u00e3o significa dizer que continuarei com a pol\u00edtica.<\/p>\n","protected":false},"author":1,"featured_media":81,"comment_status":"open","ping_status":"open","sticky":false,"template":"","format":"standard","meta":{"_links_to":"","_links_to_target":""},"categories":[15,1],"tags":[],"views":2024,"_links":{"self":[{"href":"https:\/\/www.brazilianpress.com\/v1\/wp-json\/wp\/v2\/posts\/27320"}],"collection":[{"href":"https:\/\/www.brazilianpress.com\/v1\/wp-json\/wp\/v2\/posts"}],"about":[{"href":"https:\/\/www.brazilianpress.com\/v1\/wp-json\/wp\/v2\/types\/post"}],"author":[{"embeddable":true,"href":"https:\/\/www.brazilianpress.com\/v1\/wp-json\/wp\/v2\/users\/1"}],"replies":[{"embeddable":true,"href":"https:\/\/www.brazilianpress.com\/v1\/wp-json\/wp\/v2\/comments?post=27320"}],"version-history":[{"count":1,"href":"https:\/\/www.brazilianpress.com\/v1\/wp-json\/wp\/v2\/posts\/27320\/revisions"}],"predecessor-version":[{"id":27321,"href":"https:\/\/www.brazilianpress.com\/v1\/wp-json\/wp\/v2\/posts\/27320\/revisions\/27321"}],"wp:featuredmedia":[{"embeddable":true,"href":"https:\/\/www.brazilianpress.com\/v1\/wp-json\/wp\/v2\/media\/81"}],"wp:attachment":[{"href":"https:\/\/www.brazilianpress.com\/v1\/wp-json\/wp\/v2\/media?parent=27320"}],"wp:term":[{"taxonomy":"category","embeddable":true,"href":"https:\/\/www.brazilianpress.com\/v1\/wp-json\/wp\/v2\/categories?post=27320"},{"taxonomy":"post_tag","embeddable":true,"href":"https:\/\/www.brazilianpress.com\/v1\/wp-json\/wp\/v2\/tags?post=27320"}],"curies":[{"name":"wp","href":"https:\/\/api.w.org\/{rel}","templated":true}]}}