{"id":27333,"date":"2017-02-16T15:20:48","date_gmt":"2017-02-16T19:20:48","guid":{"rendered":"http:\/\/www.brazilianpress.com\/v1\/?p=27333"},"modified":"2017-02-16T15:20:48","modified_gmt":"2017-02-16T19:20:48","slug":"agenda-cultural-16022017-by-roger-costa","status":"publish","type":"post","link":"https:\/\/www.brazilianpress.com\/v1\/2017\/02\/16\/agenda-cultural-16022017-by-roger-costa\/","title":{"rendered":"Agenda Cultural 16\/02\/2017, by Roger Costa"},"content":{"rendered":"<p><img loading=\"lazy\" class=\"alignnone size-full wp-image-27334\" src=\"http:\/\/www.brazilianpress.com\/v1\/wp-content\/uploads\/2017\/02\/Brasileiros-integram-Festival-de-Musica.jpg\" alt=\"Brasileiros integram Festival de Musica\" width=\"500\" height=\"281\" srcset=\"https:\/\/www.brazilianpress.com\/v1\/wp-content\/uploads\/2017\/02\/Brasileiros-integram-Festival-de-Musica.jpg 500w, https:\/\/www.brazilianpress.com\/v1\/wp-content\/uploads\/2017\/02\/Brasileiros-integram-Festival-de-Musica-300x169.jpg 300w\" sizes=\"(max-width: 500px) 100vw, 500px\" \/><\/p>\n<p>*Brasileiros integram Festival de M\u00fasica Guitar Marathon em New York&gt; O festival Guitar Marathon retorna ao palco do 92nd Street Y&#8217;s Kaufmann Concert Hall pr\u00f3ximo s\u00e1bado, dia 25, \u00e0s 2h00pm e \u00e0s 8h00pm.<!--more--> Iniciando a temporada com o duplo programa &#8220;The Innovation of Transcriptions-Session 1 and 2 a maratona celebra grandes nomes com um repert\u00f3rio ecl\u00e9tico que vai de Mozart a Villa-Lobos, e Jimi Hendrix a Prince, apresentados pelos maiores guitarristas e violeiros do mundo na atualidade, incluindo a talentosa dupla Douglas Lora e Jo\u00e3o Luiz a bordo do Brasil Guitar Duo, os irm\u00e3os S\u00e9rgio &amp; Odair Assad, Jorge Caballero e Ana Vidovic, al\u00e9m de outros artistas. INFO: <a href=\"https:\/\/www.92y.org\/Event\/Guitar-Marathon-Session-1.aspx\">https:\/\/www.92y.org\/Event\/Guitar-Marathon-Session-1.aspx<\/a>.<\/p>\n<p><img loading=\"lazy\" class=\"alignnone size-full wp-image-27335\" src=\"http:\/\/www.brazilianpress.com\/v1\/wp-content\/uploads\/2017\/02\/Os-filmes-mais-intrigantes.jpg\" alt=\"Os filmes mais intrigantes\" width=\"500\" height=\"281\" srcset=\"https:\/\/www.brazilianpress.com\/v1\/wp-content\/uploads\/2017\/02\/Os-filmes-mais-intrigantes.jpg 500w, https:\/\/www.brazilianpress.com\/v1\/wp-content\/uploads\/2017\/02\/Os-filmes-mais-intrigantes-300x169.jpg 300w\" sizes=\"(max-width: 500px) 100vw, 500px\" \/><\/p>\n<p>*Os filmes mais intrigantes do ano come\u00e7am no Film Comment Selects&gt; O Festival chega \u00e0 sua 17th edi\u00e7\u00e3o trazendo uma sele\u00e7\u00e3o de descobertas frescas, produ\u00e7\u00f5es audaciosas e cultuadas por suas qualidades art\u00edsticas, de temas e est\u00e9ticas diversas. Realizado pela Film Society of Lincoln Center de 17 a 23 de fevereiro, o Festival ser\u00e1 inaugurado com a exibi\u00e7\u00e3o do romance sofisticado &#8220;A Woman&#8217;s Life&#8221; da diretora francesa St\u00e9phane Briz\u00e9, e o polon\u00eas &#8220;All These Sleepless Nights&#8221; ser\u00e1 a atra\u00e7\u00e3o da noite final. Ambos realizadores estar\u00e3o presentes na ocasi\u00e3o. Outros destaques s\u00e3o &#8220;Voyage of Time in Ultra-widescreen 3.6&#8221; de Terrence malick, o document\u00e1rio chin\u00eas &#8220;Bittar Money&#8221; e um revival especial em tributo a Paul Newman. INFO: <a href=\"http:\/\/www.filmlinc.org\/festivals\/film-comment-selects\/#films\">http:\/\/www.filmlinc.org\/festivals\/film-comment-selects\/#films<\/a>.<\/p>\n<p><img loading=\"lazy\" class=\"alignnone size-full wp-image-27336\" src=\"http:\/\/www.brazilianpress.com\/v1\/wp-content\/uploads\/2017\/02\/Peking-Acrobats-promovem-tarde-de-Aventura-e-adrenalina-Ha.jpg\" alt=\"Peking Acrobats promovem tarde de Aventura e adrenalina Ha\" width=\"500\" height=\"300\" srcset=\"https:\/\/www.brazilianpress.com\/v1\/wp-content\/uploads\/2017\/02\/Peking-Acrobats-promovem-tarde-de-Aventura-e-adrenalina-Ha.jpg 500w, https:\/\/www.brazilianpress.com\/v1\/wp-content\/uploads\/2017\/02\/Peking-Acrobats-promovem-tarde-de-Aventura-e-adrenalina-Ha-300x180.jpg 300w\" sizes=\"(max-width: 500px) 100vw, 500px\" \/><\/p>\n<p>*Peking Acrobats promovem tarde de aventura e adrenalina&gt; H\u00e1 mais de 31 anos ganhando reconhecimento ao redor do mundo por suas t\u00e9cnicas de resist\u00eancia gin\u00e1stica, habilidades f\u00edsicas e identidade, a companhia de acrobatas chegam a Newark neste s\u00e1bado, com apresenta\u00e7\u00e3o exclusiva no NJPAC a 1h00 da tarde. Truques radicais de ciclismo, malabarismo, cambalhotas e mais, promover\u00e3o uma tarde de aventuras sensacionais e adrenalina para toda a fam\u00edlia. Ingressos $25. Use c\u00f3digo FAMILY. INFO: <a href=\"http:\/\/www.njpac.org\/events\/detail\/peking-acrobats\">http:\/\/www.njpac.org\/events\/detail\/peking-acrobats<\/a>.<\/p>\n<p><img loading=\"lazy\" class=\"alignnone size-full wp-image-27337\" src=\"http:\/\/www.brazilianpress.com\/v1\/wp-content\/uploads\/2017\/02\/Projeto-futurista-apresenta-detalhes.jpg\" alt=\"Projeto futurista apresenta detalhes\" width=\"500\" height=\"281\" srcset=\"https:\/\/www.brazilianpress.com\/v1\/wp-content\/uploads\/2017\/02\/Projeto-futurista-apresenta-detalhes.jpg 500w, https:\/\/www.brazilianpress.com\/v1\/wp-content\/uploads\/2017\/02\/Projeto-futurista-apresenta-detalhes-300x169.jpg 300w\" sizes=\"(max-width: 500px) 100vw, 500px\" \/><\/p>\n<p>*Projeto futurista apresenta detalhes sobre o Parque subterr\u00e2neo LowLine&gt; Projeto criado com o objetivo inovador no uso de tecnologia solar, o LowLine ser\u00e1 2\u00ba, o primeiro parque subterr\u00e2neo do mundo, localizado no Lower East Side em Manhattan. Aberto ao p\u00fablico gratuitamente at\u00e9 pr\u00f3ximo dia 26, o laborat\u00f3rio oferece uma amostra do Parque (programado para concluir em 2021) um passeio por uma minifloresta, balc\u00f5es de informa\u00e7\u00f5es sobre ecologia e ci\u00eancia solar, atividades para crian\u00e7as e curiosidades para os adultos. Free, 140 Essex Street. S\u00e1bado e domingo das 11am-5pm. INFO: <a href=\"http:\/\/thelowline.org\/\">http:\/\/thelowline.org\/<\/a>.<\/p>\n","protected":false},"excerpt":{"rendered":"<p>*Brasileiros integram Festival de M\u00fasica Guitar Marathon em New York&gt; O festival Guitar Marathon retorna ao palco do 92nd Street Y&#8217;s Kaufmann Concert Hall pr\u00f3ximo s\u00e1bado, dia 25, \u00e0s 2h00pm e \u00e0s 8h00pm.<\/p>\n","protected":false},"author":1,"featured_media":27334,"comment_status":"open","ping_status":"open","sticky":false,"template":"","format":"standard","meta":{"_links_to":"","_links_to_target":""},"categories":[20,1],"tags":[],"views":2084,"_links":{"self":[{"href":"https:\/\/www.brazilianpress.com\/v1\/wp-json\/wp\/v2\/posts\/27333"}],"collection":[{"href":"https:\/\/www.brazilianpress.com\/v1\/wp-json\/wp\/v2\/posts"}],"about":[{"href":"https:\/\/www.brazilianpress.com\/v1\/wp-json\/wp\/v2\/types\/post"}],"author":[{"embeddable":true,"href":"https:\/\/www.brazilianpress.com\/v1\/wp-json\/wp\/v2\/users\/1"}],"replies":[{"embeddable":true,"href":"https:\/\/www.brazilianpress.com\/v1\/wp-json\/wp\/v2\/comments?post=27333"}],"version-history":[{"count":1,"href":"https:\/\/www.brazilianpress.com\/v1\/wp-json\/wp\/v2\/posts\/27333\/revisions"}],"predecessor-version":[{"id":27338,"href":"https:\/\/www.brazilianpress.com\/v1\/wp-json\/wp\/v2\/posts\/27333\/revisions\/27338"}],"wp:featuredmedia":[{"embeddable":true,"href":"https:\/\/www.brazilianpress.com\/v1\/wp-json\/wp\/v2\/media\/27334"}],"wp:attachment":[{"href":"https:\/\/www.brazilianpress.com\/v1\/wp-json\/wp\/v2\/media?parent=27333"}],"wp:term":[{"taxonomy":"category","embeddable":true,"href":"https:\/\/www.brazilianpress.com\/v1\/wp-json\/wp\/v2\/categories?post=27333"},{"taxonomy":"post_tag","embeddable":true,"href":"https:\/\/www.brazilianpress.com\/v1\/wp-json\/wp\/v2\/tags?post=27333"}],"curies":[{"name":"wp","href":"https:\/\/api.w.org\/{rel}","templated":true}]}}