{"id":27339,"date":"2017-02-16T15:24:22","date_gmt":"2017-02-16T19:24:22","guid":{"rendered":"http:\/\/www.brazilianpress.com\/v1\/?p=27339"},"modified":"2017-02-16T15:24:22","modified_gmt":"2017-02-16T19:24:22","slug":"renato-define-meia-e-atacante-como-reforcos-prioritarios-do-gremio","status":"publish","type":"post","link":"https:\/\/www.brazilianpress.com\/v1\/2017\/02\/16\/renato-define-meia-e-atacante-como-reforcos-prioritarios-do-gremio\/","title":{"rendered":"Renato define meia e atacante como refor\u00e7os priorit\u00e1rios do Gr\u00eamio"},"content":{"rendered":"<p><img loading=\"lazy\" class=\"alignnone size-full wp-image-27340\" src=\"http:\/\/www.brazilianpress.com\/v1\/wp-content\/uploads\/2017\/02\/renato-gaucho-gremio.jpg\" alt=\"renato gaucho gremio\" width=\"501\" height=\"300\" srcset=\"https:\/\/www.brazilianpress.com\/v1\/wp-content\/uploads\/2017\/02\/renato-gaucho-gremio.jpg 501w, https:\/\/www.brazilianpress.com\/v1\/wp-content\/uploads\/2017\/02\/renato-gaucho-gremio-300x180.jpg 300w\" sizes=\"(max-width: 501px) 100vw, 501px\" \/><\/p>\n<p>A lista de compras do Gr\u00eamio n\u00e3o para de crescer. Depois de confirmar que busca zagueiro, volante e meia, o Tricolor est\u00e1 no mercado atr\u00e1s de um novo atacante. Neste domingo (12), Renato Ga\u00facho definiu a chegada de um jogador de \u00e1rea e de um substituto de Douglas como as prioridades do clube.<!--more--><\/p>\n<p>&#8220;Eu gostaria muito de um meia e de um atacante de \u00e1rea. No momento, seriam as nossas prioridades. Mas a gente conversa, troca ideias. Vamos ver o que acontece. Mas n\u00e3o pense que a diretoria est\u00e1 acomodada, quieta. Eles est\u00e3o se mexendo, na hora certa as coisas acontecem&#8221;, disse Renato Ga\u00facho depois da vit\u00f3ria em cima do Passo Fundo, pela terceira rodada do Campeonato Ga\u00facho.<\/p>\n<p>At\u00e9 aqui, o Gr\u00eamio fechou com seis refor\u00e7os: Leonardo, ex-Boa Esporte, L\u00e9o Moura, egresso do Santa Cruz, Michel, ex-Atl\u00e9tico-GO, Bruno Cortez, liberado pelo S\u00e3o Paulo, Jael que estava livre ap\u00f3s deixar o Joinville, e Beto da Silva, do PSV-HOL.<\/p>\n<p>Beto da Silva, ali\u00e1s, teve les\u00e3o na coxa e ficar\u00e1 parado por um m\u00eas. O problema cl\u00ednico dele refor\u00e7a o discurso de Renato por mais refor\u00e7os.<\/p>\n<p>&#8220;Temos que trabalhar com o dinheiro que o clube tem&#8230; Sabemos das nossas necessidades, mas a diretoria n\u00e3o est\u00e1 acomodada. Estamos correndo atr\u00e1s. O problema \u00e9 que n\u00e3o \u00e9 f\u00e1cil encontrar os jogadores que a gente precisa pelos valores (&#8230;)N\u00e3o vou botar ningu\u00e9m na parede. N\u00e3o, vamos com calma. Trocando ideias. A gente vai trazer, vai trazer. O grupo do Gr\u00eamio \u00e9 bom, n\u00e3o pense que n\u00e3o. Daqui a pouco chegam novas pe\u00e7as, mas enquanto isso vou dando oportunidades aqui e ali e cabe ao jogador dar resultado bom para eu quebrar ainda mais a cabe\u00e7a&#8221;, comentou Renato.<\/p>\n<p>Mais cedo, o Gr\u00eamio revelou ter feito uma sondagem por Lucas Leiva. Aos 30 anos, o volante ficar\u00e1 livre no mercado em junho \u2013 quando termina o contrato junto ao Liverpool. Os valores s\u00e3o considerados acima do padr\u00e3o e inviabilizam acerto.<\/p>\n<p>Nos \u00faltimos dias, o clube ga\u00facho recebeu oferta de Carlos Eduardo, meia revelado no clube e que agora est\u00e1 no Atl\u00e9tico-MG, e Willians, volante fora dos planos do Cruzeiro. Ambos foram descartados. Paulo Miranda, ex-S\u00e3o Paulo, foi tentado. O Red Bull Salzburg, contudo,\u00a0<em>n\u00e3o aceitou liber\u00e1-lo agora e frustrou o neg\u00f3cio<\/em>. A mesma resposta foi dada pelo\u00a0<em>Rosario Central-ARG diante de uma sondagem do Tricolor por Damian Musto<\/em>, volante de 29 anos.<\/p>\n<p>&nbsp;<\/p>\n","protected":false},"excerpt":{"rendered":"<p>A lista de compras do Gr\u00eamio n\u00e3o para de crescer. Depois de confirmar que busca zagueiro, volante e meia, o Tricolor est\u00e1 no mercado atr\u00e1s de um novo atacante. Neste domingo (12), Renato Ga\u00facho definiu a chegada de um jogador de \u00e1rea e de um substituto de Douglas como as prioridades do clube.<\/p>\n","protected":false},"author":1,"featured_media":27340,"comment_status":"open","ping_status":"open","sticky":false,"template":"","format":"standard","meta":{"_links_to":"","_links_to_target":""},"categories":[9,1],"tags":[],"views":1881,"_links":{"self":[{"href":"https:\/\/www.brazilianpress.com\/v1\/wp-json\/wp\/v2\/posts\/27339"}],"collection":[{"href":"https:\/\/www.brazilianpress.com\/v1\/wp-json\/wp\/v2\/posts"}],"about":[{"href":"https:\/\/www.brazilianpress.com\/v1\/wp-json\/wp\/v2\/types\/post"}],"author":[{"embeddable":true,"href":"https:\/\/www.brazilianpress.com\/v1\/wp-json\/wp\/v2\/users\/1"}],"replies":[{"embeddable":true,"href":"https:\/\/www.brazilianpress.com\/v1\/wp-json\/wp\/v2\/comments?post=27339"}],"version-history":[{"count":1,"href":"https:\/\/www.brazilianpress.com\/v1\/wp-json\/wp\/v2\/posts\/27339\/revisions"}],"predecessor-version":[{"id":27341,"href":"https:\/\/www.brazilianpress.com\/v1\/wp-json\/wp\/v2\/posts\/27339\/revisions\/27341"}],"wp:featuredmedia":[{"embeddable":true,"href":"https:\/\/www.brazilianpress.com\/v1\/wp-json\/wp\/v2\/media\/27340"}],"wp:attachment":[{"href":"https:\/\/www.brazilianpress.com\/v1\/wp-json\/wp\/v2\/media?parent=27339"}],"wp:term":[{"taxonomy":"category","embeddable":true,"href":"https:\/\/www.brazilianpress.com\/v1\/wp-json\/wp\/v2\/categories?post=27339"},{"taxonomy":"post_tag","embeddable":true,"href":"https:\/\/www.brazilianpress.com\/v1\/wp-json\/wp\/v2\/tags?post=27339"}],"curies":[{"name":"wp","href":"https:\/\/api.w.org\/{rel}","templated":true}]}}