{"id":27342,"date":"2017-02-16T15:25:39","date_gmt":"2017-02-16T19:25:39","guid":{"rendered":"http:\/\/www.brazilianpress.com\/v1\/?p=27342"},"modified":"2017-02-16T15:25:39","modified_gmt":"2017-02-16T19:25:39","slug":"everton-supera-bonde-da-stella-recusa-propostas-e-vira-destaque-do-fla","status":"publish","type":"post","link":"https:\/\/www.brazilianpress.com\/v1\/2017\/02\/16\/everton-supera-bonde-da-stella-recusa-propostas-e-vira-destaque-do-fla\/","title":{"rendered":"Everton supera &#8216;Bonde da Stella&#8217;, recusa propostas e vira destaque do Fla"},"content":{"rendered":"<p><img loading=\"lazy\" class=\"alignnone size-full wp-image-27343\" src=\"http:\/\/www.brazilianpress.com\/v1\/wp-content\/uploads\/2017\/02\/everton-flamengo.jpg\" alt=\"everton flamengo\" width=\"501\" height=\"300\" srcset=\"https:\/\/www.brazilianpress.com\/v1\/wp-content\/uploads\/2017\/02\/everton-flamengo.jpg 501w, https:\/\/www.brazilianpress.com\/v1\/wp-content\/uploads\/2017\/02\/everton-flamengo-300x180.jpg 300w\" sizes=\"(max-width: 501px) 100vw, 501px\" \/><\/p>\n<p>Everton j\u00e1 viveu de tudo um pouco no Flamengo. Chegou ao clube em 2008 e passou por maus bocados na entrevista coletiva de apresenta\u00e7\u00e3o.<!--more--> Mas a timidez para enfrentar a imprensa ficou no passado. Lidar com a exig\u00eancia inerente ao Rubro-negro se transformou em um dever di\u00e1rio. O camisa 22 virou destaque e ainda completou 200 jogos com direito a gol e vit\u00f3ria por 2 a 1 no cl\u00e1ssico contra o Botafogo.<\/p>\n<p>O meia est\u00e1 na segunda passagem pelo Flamengo. H\u00e1 pouco mais de um ano teve chances de se transferir para Corinthians e Tianjin Quanjian, da China. Recentemente, novas propostas de outros clubes. Prevaleceu o desejo de ficar no Rubro-negro, com o qual renovou contrato at\u00e9 dezembro de 2019.<\/p>\n<p>&#8220;Tive algumas propostas para sair. Esse ano mesmo. Mas a renova\u00e7\u00e3o estava adiantada com o Flamengo. Tivemos uma conversa boa. \u00c9 um clube que jogo h\u00e1 muito tempo e a adapta\u00e7\u00e3o da minha fam\u00edlia ao Rio de Janeiro tamb\u00e9m contou. Estou concentrado e tenho o objetivo de conseguir um t\u00edtulo importante aqui. Fiquei tamb\u00e9m por isso. O Flamengo est\u00e1 muito bem estruturado e tenho a certeza de grandes conquistas&#8221;, afirmou ao\u00a0<strong>UOL Esporte<\/strong>.<\/p>\n<p>Se hoje vive um dos melhores momentos no clube, Everton enfrentou em 2015 o epis\u00f3dio que por pouco n\u00e3o o fez deixar o Flamengo pela porta dos fundos.\u00a0<strong>O &#8220;Bonde da Stella&#8221;<\/strong>, conforme ficou conhecido entre os torcedores, causou o afastamento dele e de outros jogadores do elenco profissional por conta de excessos extracampo. O meia deu a volta por cima e reconhece que o caso poderia ter complicado a carreira.<\/p>\n<p>&#8220;Foi um momento muito dif\u00edcil, o pior deles. Terminou em um afastamento muito doloroso e n\u00e3o quero\u00a0lembrar disso. Sou um cara trabalhador, n\u00e3o chego atrasado e cumpro com as obriga\u00e7\u00f5es. J\u00e1 passei de tudo no Flamengo. N\u00e3o podemos nos empolgar com elogios e tamb\u00e9m n\u00e3o d\u00e1 para meter a cara no travesseiro na hora das cr\u00edticas. A minha cabe\u00e7a est\u00e1 no lugar&#8221;, garantiu.<\/p>\n<p>O pior momento passou e o melhor ainda est\u00e1 por vir. \u00c9 nisso que Everton acredita, apesar de ter no curr\u00edculo o t\u00edtulo brasileiro de 2009 pelo Flamengo. &#8220;Era muito jovem. Estou muito mais preparado agora. E o pr\u00f3prio clube \u00e9 outro. Na \u00e9poca em que cheguei aqui peguei tr\u00eas meses de sal\u00e1rios atrasados. Hoje, o jogador pode fechar os olhos e vir para o Flamengo. \u00c9 um clube estruturado e que paga em dia. Isso faz diferen\u00e7a. N\u00e3o adianta&#8221;, comentou.<\/p>\n<p>Feliz com a boa fase e por ter comemorado com estilo os 200 jogos, Everton se acostumou a ser visto como op\u00e7\u00e3o no banco de reservas a cada in\u00edcio de temporada. O filme se repete. Boa parte dos torcedores projeta as entradas de Berr\u00edo e Conca entre os titulares rubro-negros em breve. Comendo pelas beiradas, o camisa 22 n\u00e3o se incomoda e diz ter a receita do sucesso na G\u00e1vea.<\/p>\n<p>&#8220;Todos os anos me colocam no banco, mas acabo entre os titulares [risos]. Conhecemos o clube, mas nada acontece sem regularidade. Espero terminar o ano desse jeito e com t\u00edtulos. \u00c9 para isso que estou aqui&#8221;, encerrou.<\/p>\n","protected":false},"excerpt":{"rendered":"<p>Everton j\u00e1 viveu de tudo um pouco no Flamengo. Chegou ao clube em 2008 e passou por maus bocados na entrevista coletiva de apresenta\u00e7\u00e3o.<\/p>\n","protected":false},"author":1,"featured_media":27343,"comment_status":"open","ping_status":"open","sticky":false,"template":"","format":"standard","meta":{"_links_to":"","_links_to_target":""},"categories":[9,1],"tags":[],"views":2676,"_links":{"self":[{"href":"https:\/\/www.brazilianpress.com\/v1\/wp-json\/wp\/v2\/posts\/27342"}],"collection":[{"href":"https:\/\/www.brazilianpress.com\/v1\/wp-json\/wp\/v2\/posts"}],"about":[{"href":"https:\/\/www.brazilianpress.com\/v1\/wp-json\/wp\/v2\/types\/post"}],"author":[{"embeddable":true,"href":"https:\/\/www.brazilianpress.com\/v1\/wp-json\/wp\/v2\/users\/1"}],"replies":[{"embeddable":true,"href":"https:\/\/www.brazilianpress.com\/v1\/wp-json\/wp\/v2\/comments?post=27342"}],"version-history":[{"count":1,"href":"https:\/\/www.brazilianpress.com\/v1\/wp-json\/wp\/v2\/posts\/27342\/revisions"}],"predecessor-version":[{"id":27344,"href":"https:\/\/www.brazilianpress.com\/v1\/wp-json\/wp\/v2\/posts\/27342\/revisions\/27344"}],"wp:featuredmedia":[{"embeddable":true,"href":"https:\/\/www.brazilianpress.com\/v1\/wp-json\/wp\/v2\/media\/27343"}],"wp:attachment":[{"href":"https:\/\/www.brazilianpress.com\/v1\/wp-json\/wp\/v2\/media?parent=27342"}],"wp:term":[{"taxonomy":"category","embeddable":true,"href":"https:\/\/www.brazilianpress.com\/v1\/wp-json\/wp\/v2\/categories?post=27342"},{"taxonomy":"post_tag","embeddable":true,"href":"https:\/\/www.brazilianpress.com\/v1\/wp-json\/wp\/v2\/tags?post=27342"}],"curies":[{"name":"wp","href":"https:\/\/api.w.org\/{rel}","templated":true}]}}