{"id":27345,"date":"2017-02-16T15:26:52","date_gmt":"2017-02-16T19:26:52","guid":{"rendered":"http:\/\/www.brazilianpress.com\/v1\/?p=27345"},"modified":"2017-02-16T15:26:52","modified_gmt":"2017-02-16T19:26:52","slug":"dede-supera-expectativas-e-pode-voltar-ao-cruzeiro-antes-do-previsto","status":"publish","type":"post","link":"https:\/\/www.brazilianpress.com\/v1\/2017\/02\/16\/dede-supera-expectativas-e-pode-voltar-ao-cruzeiro-antes-do-previsto\/","title":{"rendered":"Ded\u00e9 supera expectativas e pode voltar ao Cruzeiro antes do previsto"},"content":{"rendered":"<p><img loading=\"lazy\" class=\"alignnone size-full wp-image-27346\" src=\"http:\/\/www.brazilianpress.com\/v1\/wp-content\/uploads\/2017\/02\/dede-cruzeiro.jpg\" alt=\"dede cruzeiro\" width=\"500\" height=\"300\" srcset=\"https:\/\/www.brazilianpress.com\/v1\/wp-content\/uploads\/2017\/02\/dede-cruzeiro.jpg 500w, https:\/\/www.brazilianpress.com\/v1\/wp-content\/uploads\/2017\/02\/dede-cruzeiro-300x180.jpg 300w\" sizes=\"(max-width: 500px) 100vw, 500px\" \/><\/p>\n<p>Ded\u00e9 n\u00e3o deve demorar a jogar futebol pelo Cruzeiro novamente. Recuperando-se de uma fratura por estresse no joelho direito, o zagueiro j\u00e1 faz atividades com bola e deve retornar aos gramados at\u00e9 mar\u00e7o.<!--more--><\/p>\n<p>Por se tratar de um caso delicado, o departamento m\u00e9dico do clube evita confirmar uma data para o retorno. Em agosto de 2016, quando foi anunciada a opera\u00e7\u00e3o com um cirurgi\u00e3o especialista em joelho, a previs\u00e3o de atua\u00e7\u00e3o era abril de 2017. Contudo, uma pessoa ligada ao time informou que h\u00e1 grandes chances de o jogador entrar em campo antes da previs\u00e3o inicial.<\/p>\n<p>A data exata ainda n\u00e3o foi informada ao defensor, mas ele trata a situa\u00e7\u00e3o com muito otimismo. Livre das dores no joelho, o atleta precisar\u00e1 de cautela para entrar em campo, conforme informado \u00e0 reportagem. A ideia \u00e9 que ele entre aos poucos nos confrontos do time de Mano Menezes.<\/p>\n<p>Embora n\u00e3o entre em campo desde 28 de fevereiro de 2016, no empate por 1 a 1 com o Am\u00e9rica-MG, pelo Campeonato Mineiro, o atleta renovou contrato com o Cruzeiro. O novo v\u00ednculo de Ded\u00e9 com os mineiros se encerra em dezembro de 2018.<\/p>\n","protected":false},"excerpt":{"rendered":"<p>Ded\u00e9 n\u00e3o deve demorar a jogar futebol pelo Cruzeiro novamente. Recuperando-se de uma fratura por estresse no joelho direito, o zagueiro j\u00e1 faz atividades com bola e deve retornar aos gramados at\u00e9 mar\u00e7o.<\/p>\n","protected":false},"author":1,"featured_media":27346,"comment_status":"open","ping_status":"open","sticky":false,"template":"","format":"standard","meta":{"_links_to":"","_links_to_target":""},"categories":[9,1],"tags":[],"views":2251,"_links":{"self":[{"href":"https:\/\/www.brazilianpress.com\/v1\/wp-json\/wp\/v2\/posts\/27345"}],"collection":[{"href":"https:\/\/www.brazilianpress.com\/v1\/wp-json\/wp\/v2\/posts"}],"about":[{"href":"https:\/\/www.brazilianpress.com\/v1\/wp-json\/wp\/v2\/types\/post"}],"author":[{"embeddable":true,"href":"https:\/\/www.brazilianpress.com\/v1\/wp-json\/wp\/v2\/users\/1"}],"replies":[{"embeddable":true,"href":"https:\/\/www.brazilianpress.com\/v1\/wp-json\/wp\/v2\/comments?post=27345"}],"version-history":[{"count":1,"href":"https:\/\/www.brazilianpress.com\/v1\/wp-json\/wp\/v2\/posts\/27345\/revisions"}],"predecessor-version":[{"id":27347,"href":"https:\/\/www.brazilianpress.com\/v1\/wp-json\/wp\/v2\/posts\/27345\/revisions\/27347"}],"wp:featuredmedia":[{"embeddable":true,"href":"https:\/\/www.brazilianpress.com\/v1\/wp-json\/wp\/v2\/media\/27346"}],"wp:attachment":[{"href":"https:\/\/www.brazilianpress.com\/v1\/wp-json\/wp\/v2\/media?parent=27345"}],"wp:term":[{"taxonomy":"category","embeddable":true,"href":"https:\/\/www.brazilianpress.com\/v1\/wp-json\/wp\/v2\/categories?post=27345"},{"taxonomy":"post_tag","embeddable":true,"href":"https:\/\/www.brazilianpress.com\/v1\/wp-json\/wp\/v2\/tags?post=27345"}],"curies":[{"name":"wp","href":"https:\/\/api.w.org\/{rel}","templated":true}]}}