{"id":27348,"date":"2017-02-16T15:29:49","date_gmt":"2017-02-16T19:29:49","guid":{"rendered":"http:\/\/www.brazilianpress.com\/v1\/?p=27348"},"modified":"2017-02-16T15:29:49","modified_gmt":"2017-02-16T19:29:49","slug":"coronel-do-exercito-italiano-produz-legalmente-100-kg-de-maconha-ao-ano-na-italia","status":"publish","type":"post","link":"https:\/\/www.brazilianpress.com\/v1\/2017\/02\/16\/coronel-do-exercito-italiano-produz-legalmente-100-kg-de-maconha-ao-ano-na-italia\/","title":{"rendered":"Coronel do Ex\u00e9rcito italiano produz legalmente 100 kg de maconha ao ano na It\u00e1lia"},"content":{"rendered":"<p><img loading=\"lazy\" class=\"alignright size-full wp-image-27349\" src=\"http:\/\/www.brazilianpress.com\/v1\/wp-content\/uploads\/2017\/02\/coronel.jpg\" alt=\"coronel\" width=\"300\" height=\"146\" \/>O coronel Antonio Medica cuida de uma opera\u00e7\u00e3o \u00fanica no Ex\u00e9rcito italiano.<\/p>\n<p>Em uma instala\u00e7\u00e3o em Floren\u00e7a, ele \u00e9 respons\u00e1vel por uma planta\u00e7\u00e3o guardada a sete chaves com nada menos que cem p\u00e9s de maconha.<!--more--><\/p>\n<p>As plantas s\u00e3o usadas para produzir 100 kg de cannabis medicinal por ano.<\/p>\n<p>Esse uso da maconha \u00e9 legalizado no pa\u00eds, sendo prescrita para aliviar a dor de pacientes com c\u00e2ncer ou esclerose m\u00faltipla.<\/p>\n<p>O governo decidiu que seria necess\u00e1ria uma fonte confi\u00e1vel de maconha para a produ\u00e7\u00e3o desse produto. E quem melhor que o Ex\u00e9rcito para cultivar as plantas &#8211; e proteg\u00ea-las?<\/p>\n<p>\u201c(Quando o projeto come\u00e7ou, em 2014) n\u00e3o est\u00e1vamos familiarizados com esse tipo de cultivo\u201d, conta o coronel.<\/p>\n<p>Em setembro daquele ano, uma instala\u00e7\u00e3o militar usada para produzir medicamentos foi adaptada para a produ\u00e7\u00e3o da maconha medicinal.<\/p>\n<p>\u201cO projeto tem tr\u00eas objetivos. Produzir maconha medicinal para uso terap\u00eautico, manter baixo o pre\u00e7o final do produto e, acima de tudo, garantir sua disponibilidade para pacientes na It\u00e1lia\u201d, diz Medica.<\/p>\n<p>Em janeiro desde ano, farm\u00e1cias de Floren\u00e7a que antes importavam o produto da Holanda come\u00e7aram a vender a maconha estatal feita localmente, o que reduziu os custos da opera\u00e7\u00e3o e baixou em 30% o pre\u00e7o para o consumidor final.<\/p>\n<p>A demanda \u00e9 t\u00e3o grande que Medica recebeu autoriza\u00e7\u00e3o para dobrar a produ\u00e7\u00e3o.<\/p>\n<p>\u201cA meta \u00e9 atender uma necessidade dos italianos, e temos outras \u00e1reas nesta instala\u00e7\u00e3o dispon\u00edveis para expandir o cultivo\u201d.<\/p>\n","protected":false},"excerpt":{"rendered":"<p>O coronel Antonio Medica cuida de uma opera\u00e7\u00e3o \u00fanica no Ex\u00e9rcito italiano. Em uma instala\u00e7\u00e3o em Floren\u00e7a, ele \u00e9 respons\u00e1vel por uma planta\u00e7\u00e3o guardada a sete chaves com nada menos que cem p\u00e9s de maconha.<\/p>\n","protected":false},"author":1,"featured_media":27349,"comment_status":"open","ping_status":"open","sticky":false,"template":"","format":"standard","meta":{"_links_to":"","_links_to_target":""},"categories":[8,1],"tags":[],"views":1893,"_links":{"self":[{"href":"https:\/\/www.brazilianpress.com\/v1\/wp-json\/wp\/v2\/posts\/27348"}],"collection":[{"href":"https:\/\/www.brazilianpress.com\/v1\/wp-json\/wp\/v2\/posts"}],"about":[{"href":"https:\/\/www.brazilianpress.com\/v1\/wp-json\/wp\/v2\/types\/post"}],"author":[{"embeddable":true,"href":"https:\/\/www.brazilianpress.com\/v1\/wp-json\/wp\/v2\/users\/1"}],"replies":[{"embeddable":true,"href":"https:\/\/www.brazilianpress.com\/v1\/wp-json\/wp\/v2\/comments?post=27348"}],"version-history":[{"count":1,"href":"https:\/\/www.brazilianpress.com\/v1\/wp-json\/wp\/v2\/posts\/27348\/revisions"}],"predecessor-version":[{"id":27350,"href":"https:\/\/www.brazilianpress.com\/v1\/wp-json\/wp\/v2\/posts\/27348\/revisions\/27350"}],"wp:featuredmedia":[{"embeddable":true,"href":"https:\/\/www.brazilianpress.com\/v1\/wp-json\/wp\/v2\/media\/27349"}],"wp:attachment":[{"href":"https:\/\/www.brazilianpress.com\/v1\/wp-json\/wp\/v2\/media?parent=27348"}],"wp:term":[{"taxonomy":"category","embeddable":true,"href":"https:\/\/www.brazilianpress.com\/v1\/wp-json\/wp\/v2\/categories?post=27348"},{"taxonomy":"post_tag","embeddable":true,"href":"https:\/\/www.brazilianpress.com\/v1\/wp-json\/wp\/v2\/tags?post=27348"}],"curies":[{"name":"wp","href":"https:\/\/api.w.org\/{rel}","templated":true}]}}