{"id":27351,"date":"2017-02-16T15:31:45","date_gmt":"2017-02-16T19:31:45","guid":{"rendered":"http:\/\/www.brazilianpress.com\/v1\/?p=27351"},"modified":"2017-02-16T15:31:45","modified_gmt":"2017-02-16T19:31:45","slug":"o-segredo-da-islandia-para-fazer-com-que-seus-jovens-deixassem-de-beber-e-fumar","status":"publish","type":"post","link":"https:\/\/www.brazilianpress.com\/v1\/2017\/02\/16\/o-segredo-da-islandia-para-fazer-com-que-seus-jovens-deixassem-de-beber-e-fumar\/","title":{"rendered":"O segredo da Isl\u00e2ndia para fazer com que seus jovens deixassem de beber e fumar"},"content":{"rendered":"<p><img loading=\"lazy\" class=\"alignnone size-full wp-image-27352\" src=\"http:\/\/www.brazilianpress.com\/v1\/wp-content\/uploads\/2017\/02\/islandia.jpg\" alt=\"islandia\" width=\"500\" height=\"281\" srcset=\"https:\/\/www.brazilianpress.com\/v1\/wp-content\/uploads\/2017\/02\/islandia.jpg 500w, https:\/\/www.brazilianpress.com\/v1\/wp-content\/uploads\/2017\/02\/islandia-300x169.jpg 300w\" sizes=\"(max-width: 500px) 100vw, 500px\" \/><\/p>\n<p>Na Isl\u00e2ndia, n\u00e3o \u00e9 moda entre adolescentes consumir bebidas alco\u00f3licas. E encontrar um jovem que fume tabaco ou maconha \u00e9 at\u00e9 dif\u00edcil. Os dados sobre o uso de subst\u00e2ncias que causam depend\u00eancia exp\u00f5em um cen\u00e1rio em que apenas 5% dos jovens entre 14 e 16 anos dizem ter consumido \u00e1lcool no m\u00eas anterior.<!--more--><\/p>\n<p>Al\u00e9m disso, apenas 3% dizem fumar tabaco diariamente e 7% consumiram maconha ao menos uma vez nos \u00faltimos 30 dias.<\/p>\n<p>Enquanto isso, a m\u00e9dia europeia \u00e9 de 47%, 13% e 7%, respectivamente. Na Am\u00e9rica Latina, 35% dos jovens entre 13 e 15 anos dizem ter consumido \u00e1lcool no \u00faltimo m\u00eas e 17% fumam diariamente, segundo dados da Unicef.<\/p>\n<p>Mas a Isl\u00e2ndia nem sempre foi um modelo a se seguir: no final dos anos 90, era um dos pa\u00edses europeus com maior incid\u00eancia de consumo de \u00e1lcool e tabaco entre jovens.<\/p>\n<p>Como foi poss\u00edvel transformar, em menos de duas d\u00e9cadas, os h\u00e1bitos de adolescentes no territ\u00f3rio de pouco mais de 300 mil habitantes?<\/p>\n<p>As raz\u00f5es do \u00eaxito island\u00eas est\u00e3o no programa Youth in Iceland, iniciado em 1998, cujo pilar est\u00e1 na pesquisa cont\u00ednua dos h\u00e1bitos e preocupa\u00e7\u00f5es dos adolescentes.<\/p>\n<p>Ele explica que o programa mapeia, por meio de question\u00e1rios aplicados a cada dois anos, adolescentes de todas as escolas do pa\u00eds.<\/p>\n<p>Entre outras vari\u00e1veis, s\u00e3o coletados dados sobre padr\u00f5es de consumo, caracter\u00edsticas das fam\u00edlias, evas\u00e3o escolar e problemas emocionais dos jovens.<\/p>\n<p>Com esses elementos, s\u00e3o elaborados informes espec\u00edficos para cada distrito e escola.<\/p>\n<p>&#8220;Fazemos a coleta de dados e, dois meses depois, as escolas recebem os resultados novos&#8221;, destaca o respons\u00e1vel pelo programa.<\/p>\n<p>O passo seguinte \u00e9 analisar esses dados num trabalho conjunto entre escolas, comunidades e munic\u00edpios, que identificam os principais fatores de risco e prote\u00e7\u00e3o contra o consumo de \u00e1lcool e drogas.<\/p>\n<p>A partir da\u00ed, pensa-se em como fortalecer os segundos e enfraquecer os primeiros.<\/p>\n<p>&#8220;Nada aconteceu de um dia para o outro. Mas foi poss\u00edvel atuar porque os dados nos ensinavam, por exemplo, a grande import\u00e2ncia do fator parental&#8221;, indica S\u00edgfusson.<\/p>\n<p>&#8220;Isso mostrou a necessidade de informar os pais e lhes explicar que eles s\u00e3o o principal fator preventivo para seus filhos: passar tempo com eles, apoi\u00e1-los, control\u00e1-los, vigi\u00e1-los&#8221;, explica.<\/p>\n<p>Segundo o diretor do Youth in Iceland, antes de come\u00e7ar o programa, uma das principais medidas preventivas que era ensinar \u00e0s crian\u00e7as os efeitos negativos do uso de drogas.<\/p>\n<p>Por\u00e9m, essa a\u00e7\u00e3o sozinha n\u00e3o funcionava. Foi ent\u00e3o que o enfoque sofreu uma dr\u00e1stica mudan\u00e7a.<\/p>\n<p>&#8220;Os respons\u00e1veis n\u00e3o s\u00e3o as crian\u00e7as, e sim n\u00f3s, adultos. Devemos criar um entorno onde eles fiquem bem e tenham a op\u00e7\u00e3o de preencher seu tempo com atividades positivas. Isso diminui a probabilidade de eles consumirem subst\u00e2ncias mal\u00e9ficas&#8221;, afirma.<\/p>\n<p>Os estudos mostraram que a maior participa\u00e7\u00e3o em atividades extracurriculares e o aumento do tempo passado com os pais diminuem o risco de se consumir \u00e1lcool e outras subst\u00e2ncias.<\/p>\n<p>Por isso, a Isl\u00e2ndia aumentou os recursos destinados \u00e0 oferta de atividades para adolescentes, como esportes, m\u00fasica, teatro e dan\u00e7a.<\/p>\n<p>E desde 2002 foi proibido que, salvo exce\u00e7\u00f5es, as crian\u00e7as menores de 12 anos e adolescentes de 13 a 16 anos andem sozinhos na rua depois das 20h e das 22h, respectivamente.<\/p>\n","protected":false},"excerpt":{"rendered":"<p>Na Isl\u00e2ndia, n\u00e3o \u00e9 moda entre adolescentes consumir bebidas alco\u00f3licas. E encontrar um jovem que fume tabaco ou maconha \u00e9 at\u00e9 dif\u00edcil. Os dados sobre o uso de subst\u00e2ncias que causam depend\u00eancia exp\u00f5em um cen\u00e1rio em que apenas 5% dos jovens entre 14 e 16 anos dizem ter consumido \u00e1lcool no m\u00eas anterior.<\/p>\n","protected":false},"author":1,"featured_media":27352,"comment_status":"open","ping_status":"open","sticky":false,"template":"","format":"standard","meta":{"_links_to":"","_links_to_target":""},"categories":[8,1],"tags":[],"views":2066,"_links":{"self":[{"href":"https:\/\/www.brazilianpress.com\/v1\/wp-json\/wp\/v2\/posts\/27351"}],"collection":[{"href":"https:\/\/www.brazilianpress.com\/v1\/wp-json\/wp\/v2\/posts"}],"about":[{"href":"https:\/\/www.brazilianpress.com\/v1\/wp-json\/wp\/v2\/types\/post"}],"author":[{"embeddable":true,"href":"https:\/\/www.brazilianpress.com\/v1\/wp-json\/wp\/v2\/users\/1"}],"replies":[{"embeddable":true,"href":"https:\/\/www.brazilianpress.com\/v1\/wp-json\/wp\/v2\/comments?post=27351"}],"version-history":[{"count":1,"href":"https:\/\/www.brazilianpress.com\/v1\/wp-json\/wp\/v2\/posts\/27351\/revisions"}],"predecessor-version":[{"id":27353,"href":"https:\/\/www.brazilianpress.com\/v1\/wp-json\/wp\/v2\/posts\/27351\/revisions\/27353"}],"wp:featuredmedia":[{"embeddable":true,"href":"https:\/\/www.brazilianpress.com\/v1\/wp-json\/wp\/v2\/media\/27352"}],"wp:attachment":[{"href":"https:\/\/www.brazilianpress.com\/v1\/wp-json\/wp\/v2\/media?parent=27351"}],"wp:term":[{"taxonomy":"category","embeddable":true,"href":"https:\/\/www.brazilianpress.com\/v1\/wp-json\/wp\/v2\/categories?post=27351"},{"taxonomy":"post_tag","embeddable":true,"href":"https:\/\/www.brazilianpress.com\/v1\/wp-json\/wp\/v2\/tags?post=27351"}],"curies":[{"name":"wp","href":"https:\/\/api.w.org\/{rel}","templated":true}]}}