{"id":27354,"date":"2017-02-16T15:33:23","date_gmt":"2017-02-16T19:33:23","guid":{"rendered":"http:\/\/www.brazilianpress.com\/v1\/?p=27354"},"modified":"2017-02-16T15:33:23","modified_gmt":"2017-02-16T19:33:23","slug":"o-polemico-vilarejo-que-quer-banir-muculmanos-e-gays-para-se-manter-branco-e-cristao","status":"publish","type":"post","link":"https:\/\/www.brazilianpress.com\/v1\/2017\/02\/16\/o-polemico-vilarejo-que-quer-banir-muculmanos-e-gays-para-se-manter-branco-e-cristao\/","title":{"rendered":"O pol\u00eamico vilarejo que quer banir mu\u00e7ulmanos e gays para se manter &#8216;branco e crist\u00e3o&#8217;"},"content":{"rendered":"<p><img loading=\"lazy\" class=\"alignnone size-full wp-image-27355\" src=\"http:\/\/www.brazilianpress.com\/v1\/wp-content\/uploads\/2017\/02\/vilarejo.jpg\" alt=\"vilarejo anti-gay\" width=\"500\" height=\"281\" srcset=\"https:\/\/www.brazilianpress.com\/v1\/wp-content\/uploads\/2017\/02\/vilarejo.jpg 500w, https:\/\/www.brazilianpress.com\/v1\/wp-content\/uploads\/2017\/02\/vilarejo-300x169.jpg 300w\" sizes=\"(max-width: 500px) 100vw, 500px\" \/><\/p>\n<p>\u00c1sotthalom, um vilarejo de pouco mais de 4 mil habitantes no sul da Hungria, proibiu o uso de trajes mu\u00e7ulmanos, os chamados para preces e a constru\u00e7\u00e3o de mesquita.<!--more--><\/p>\n<p>Segundo seu prefeito, a cidade se v\u00ea como ponta de lan\u00e7a de uma &#8220;guerra contra a cultura mu\u00e7ulmana&#8221; e espera atrair crist\u00e3os europeus que se op\u00f5em \u00e0 diversidade cultural em seus pa\u00edses.<\/p>\n<p>&#8220;N\u00f3s recebemos basicamente pessoas da Europa Ocidental &#8211; gente que n\u00e3o gosta de viver em uma sociedade multicultural&#8221;, disse o prefeito, Laszlo Toroczkai, em entrevista ao programa\u00a0Victoria Derbyshire, da BBC. &#8220;N\u00f3s n\u00e3o gostar\u00edamos de atrair mu\u00e7ulmanos&#8221;.<\/p>\n<p>\u00c1sotthalom fica nas remotas plan\u00edcies do sul do pa\u00eds, a duas horas da capital, Budapeste.<\/p>\n<p>A crise de refugiados de conflitos no Oriente M\u00e9dio tem contribu\u00eddo para o aumento da rejei\u00e7\u00e3o aos imigrantes por parte dos habitantes da Europa &#8211; e na Hungria n\u00e3o \u00e9 diferente.<\/p>\n<p>Em 2015, no auge da crise migrat\u00f3ria europeia, 10 mil pessoas cruzavam diariamente a fronteira da S\u00e9rvia para a Hungria, que fica a poucos minutos de \u00c1sotthalom.<\/p>\n<p>O prefeito se aproveitou do clima de tens\u00e3o com o aumento do fluxo de imigrantes na regi\u00e3o e decretou leis pol\u00eamicas &#8211; e legalmente question\u00e1veis.<\/p>\n<p>Assim, a nova legisla\u00e7\u00e3o local pro\u00edbe o uso de trajes mu\u00e7ulmanos como o hijab (o v\u00e9u que cobre a cabe\u00e7a das mulheres), o chamado p\u00fablico para preces e veta ainda demonstra\u00e7\u00f5es p\u00fablicas de afeto entre gays.<\/p>\n<p>Tamb\u00e9m est\u00e1 sendo introduzida uma lei para proibir a constru\u00e7\u00e3o de mesquitas no vilarejo, embora apenas duas pessoas mu\u00e7ulmanas vivam l\u00e1 atualmente.<\/p>\n<p>Para muitos juristas, as medidas desrespeitam a Constitui\u00e7\u00e3o da Hungria e, at\u00e9 o fim deste m\u00eas, o governo central vai rever a legisla\u00e7\u00e3o de \u00c1sotthalom.<\/p>\n<p>O pa\u00eds tem sido repetidamente acusado de desrespeitar valores europeus e j\u00e1 sofreu san\u00e7\u00f5es da Uni\u00e3o Europeia que causaram um preju\u00edzo de 6 bilh\u00f5es de euros; a Hungria tamb\u00e9m foi amea\u00e7ada de expuls\u00e3o do bloco econ\u00f4mico.<\/p>\n<p>Em 2015, o governo nacionalista do primeiro-ministro, Viktor Orb\u00e1n, no poder desde 2010, chegou a fechar com arame farpado os 175 quil\u00f4metros de fronteira com a S\u00e9rvia e a Cro\u00e1cia para impedir a passagem dos imigrantes.<\/p>\n<p>Tamb\u00e9m deslocou 10 mil soldados e policiais para patrulhar a regi\u00e3o.<\/p>\n<p>O prefeito, Laszlo Toroczkai, de 38 anos, fundou e liderou um movimento de jovens de extrema-direita, do qual se afastou ao vencer as elei\u00e7\u00f5es em 2013.<\/p>\n<p>As leis criadas por ele, no entanto, t\u00eam o apoio de v\u00e1rios moradores como Eniko Undreiner, que disse ter sido &#8220;muito assustador&#8221; ver &#8220;multid\u00f5es de migrantes passando pela cidade&#8221;.<\/p>\n<p>Os dois \u00fanicos mu\u00e7ulmanos que vivem no vilarejo n\u00e3o quiseram se manifestar porque n\u00e3o querem chamar a aten\u00e7\u00e3o da comunidade. Mas um morador disse que eles est\u00e3o &#8220;completamente integrados&#8221;.<\/p>\n<p>Foi criada mil\u00edcias para patrulhar as fronteiras, medida que, acredita, atrair\u00e1 moradores brancos europeus.<\/p>\n<p>A organiza\u00e7\u00e3o Knights Templar International, ligada \u00e0 extrema-direita brit\u00e2nica, tem anunciado casas em \u00c1sotthalom na sua p\u00e1gina no Facebook.<\/p>\n<p>&#8220;Quando tudo tiver dado muito errado no Ocidente, mais pessoas v\u00e3o se mudar para a Hungria, e a Hungria precisa dessa gente&#8221;.<\/p>\n","protected":false},"excerpt":{"rendered":"<p>\u00c1sotthalom, um vilarejo de pouco mais de 4 mil habitantes no sul da Hungria, proibiu o uso de trajes mu\u00e7ulmanos, os chamados para preces e a constru\u00e7\u00e3o de mesquita.<\/p>\n","protected":false},"author":1,"featured_media":27355,"comment_status":"open","ping_status":"open","sticky":false,"template":"","format":"standard","meta":{"_links_to":"","_links_to_target":""},"categories":[8,1],"tags":[],"views":1730,"_links":{"self":[{"href":"https:\/\/www.brazilianpress.com\/v1\/wp-json\/wp\/v2\/posts\/27354"}],"collection":[{"href":"https:\/\/www.brazilianpress.com\/v1\/wp-json\/wp\/v2\/posts"}],"about":[{"href":"https:\/\/www.brazilianpress.com\/v1\/wp-json\/wp\/v2\/types\/post"}],"author":[{"embeddable":true,"href":"https:\/\/www.brazilianpress.com\/v1\/wp-json\/wp\/v2\/users\/1"}],"replies":[{"embeddable":true,"href":"https:\/\/www.brazilianpress.com\/v1\/wp-json\/wp\/v2\/comments?post=27354"}],"version-history":[{"count":1,"href":"https:\/\/www.brazilianpress.com\/v1\/wp-json\/wp\/v2\/posts\/27354\/revisions"}],"predecessor-version":[{"id":27356,"href":"https:\/\/www.brazilianpress.com\/v1\/wp-json\/wp\/v2\/posts\/27354\/revisions\/27356"}],"wp:featuredmedia":[{"embeddable":true,"href":"https:\/\/www.brazilianpress.com\/v1\/wp-json\/wp\/v2\/media\/27355"}],"wp:attachment":[{"href":"https:\/\/www.brazilianpress.com\/v1\/wp-json\/wp\/v2\/media?parent=27354"}],"wp:term":[{"taxonomy":"category","embeddable":true,"href":"https:\/\/www.brazilianpress.com\/v1\/wp-json\/wp\/v2\/categories?post=27354"},{"taxonomy":"post_tag","embeddable":true,"href":"https:\/\/www.brazilianpress.com\/v1\/wp-json\/wp\/v2\/tags?post=27354"}],"curies":[{"name":"wp","href":"https:\/\/api.w.org\/{rel}","templated":true}]}}