{"id":27361,"date":"2017-02-16T15:41:04","date_gmt":"2017-02-16T19:41:04","guid":{"rendered":"http:\/\/www.brazilianpress.com\/v1\/?p=27361"},"modified":"2017-02-16T15:41:04","modified_gmt":"2017-02-16T19:41:04","slug":"chikungunya-provoca-doencas-vasculares-irreversiveis-em-pacientes-revela-pesquisa","status":"publish","type":"post","link":"https:\/\/www.brazilianpress.com\/v1\/2017\/02\/16\/chikungunya-provoca-doencas-vasculares-irreversiveis-em-pacientes-revela-pesquisa\/","title":{"rendered":"Chikungunya provoca doen\u00e7as vasculares irrevers\u00edveis em pacientes, revela pesquisa"},"content":{"rendered":"<p><img loading=\"lazy\" class=\"alignnone size-full wp-image-27362\" src=\"http:\/\/www.brazilianpress.com\/v1\/wp-content\/uploads\/2017\/02\/Chikungunya.jpg\" alt=\"Chikungunya\" width=\"500\" height=\"281\" srcset=\"https:\/\/www.brazilianpress.com\/v1\/wp-content\/uploads\/2017\/02\/Chikungunya.jpg 500w, https:\/\/www.brazilianpress.com\/v1\/wp-content\/uploads\/2017\/02\/Chikungunya-300x169.jpg 300w\" sizes=\"(max-width: 500px) 100vw, 500px\" \/><\/p>\n<p>As pernas pesadas, o incha\u00e7o nos p\u00e9s e a dificuldade de andar fizeram a dona de casa Vera L\u00facia Amaral Marques, de 45 anos, usar sand\u00e1lias especiais ortop\u00e9dicas e muleta um ano ap\u00f3s ser diagnosticada com o v\u00edrus da febre chikungunya no Recife.<!--more--><\/p>\n<p>Ela integra o grupo de pacientes que participam de uma pesquisa in\u00e9dita do Hospital das Cl\u00ednicas da Universidade Federal de Pernambuco (UFPE), que revela les\u00f5es vasculares irrevers\u00edveis provocadas pela doen\u00e7a.<\/p>\n<p>Dos 32 pacientes analisados com os sintomas, 29 voltaram para serem acompanhados pelos especialistas no estudo. Destes, 20 repetiram o exame e foi constatado que 65% mantinham as altera\u00e7\u00f5es vasculares cr\u00f4nicas.<\/p>\n<p>&#8220;Manifesta\u00e7\u00f5es vasculares na chikungunya estavam restritas a fases iniciais da doen\u00e7a. Agora, o estudo mostra n\u00e3o s\u00f3 uma nova manifesta\u00e7\u00e3o como a cronifica\u00e7\u00e3o dela, j\u00e1 que os sintomas persistiram por mais de tr\u00eas meses&#8221;, destaca Catarina Almeida, cirurgi\u00e3 vascular respons\u00e1vel pelo estudo, que defende o tema em sua tese de mestrado.<\/p>\n<p>Os pacientes apresentaram problemas como linfedema agudo (ac\u00famulo de l\u00edquido nas pernas devido ao bloqueio do sistema linf\u00e1tico) e edema no dorso do p\u00e9.<\/p>\n<p>As altera\u00e7\u00f5es linf\u00e1ticas foram detectadas pelo exame de linfocintigrafia. Ainda \u00e9 desconhecido o motivo das les\u00f5es vasculares cr\u00f4nicas atingirem apenas os membros inferiores.<\/p>\n<p>Os pesquisadores explicam ainda que a morbidade do paciente aumenta com essas les\u00f5es e eles ficam mais suscet\u00edveis a terem infec\u00e7\u00e3o nos membros inferiores. &#8220;Al\u00e9m disso, o linfedema cr\u00f4nico n\u00e3o tem cura &#8211; \u00e9 irrevers\u00edvel.&#8221;<\/p>\n<p>O levantamento foi feito de mar\u00e7o a novembro de 2016. Assim como a dengue e a zika, a chikungunya tamb\u00e9m \u00e9 uma doen\u00e7a viral transmitida pelo mosquito\u00a0<em>Aedes aegypti<\/em>.<\/p>\n<p>A grande maioria dos pacientes que participaram da pesquisa s\u00e3o mulheres &#8211; segundo m\u00e9dicos, isso acontece porque os homens buscam com menos frequ\u00eancia o sistema de sa\u00fade.<\/p>\n<p>Para amenizar o problema, a orienta\u00e7\u00e3o \u00e9 o uso de meias de compress\u00e3o, drenagem linf\u00e1tica e eleva\u00e7\u00e3o dos membros.<\/p>\n<p>De acordo com o \u00faltimo boletim epidemiol\u00f3gico divulgado pela Secretaria de Vigil\u00e2ncia em Sa\u00fade do governo federal, em 2016 foram registrados 271.824 mil casos de chikungunya no pa\u00eds &#8211; um aumento expressivo se comparado a 2015, que teve 36 mil casos.<\/p>\n<p>Segundo o Minist\u00e9rio da Sa\u00fade, houve ocorr\u00eancia de casos em todo o pa\u00eds, mas com maior incid\u00eancia no Nordeste (235.136 casos) e no Sudeste (24.478).<\/p>\n<p>O n\u00famero de mortes passou de 14 em 2015 para 196 em 2016. Os Estados que apresentaram o maior n\u00famero de v\u00edtimas s\u00e3o Pernambuco (54), Para\u00edba (32), Rio Grande do Norte (25), Cear\u00e1 (21) e Rio de Janeiro (9).<\/p>\n<p>Um levantamento feito pelo Hospital para Doen\u00e7as Tropicais de Londres mostra, em um mapa, que pouco mais de 100 pa\u00edses j\u00e1 registraram casos reportados em poss\u00edvel transmiss\u00e3o local. Na Am\u00e9rica Latina, apenas Chile e Uruguai ficaram de fora do \u00edndice de ocorr\u00eancia.<\/p>\n","protected":false},"excerpt":{"rendered":"<p>As pernas pesadas, o incha\u00e7o nos p\u00e9s e a dificuldade de andar fizeram a dona de casa Vera L\u00facia Amaral Marques, de 45 anos, usar sand\u00e1lias especiais ortop\u00e9dicas e muleta um ano ap\u00f3s ser diagnosticada com o v\u00edrus da febre chikungunya no Recife.<\/p>\n","protected":false},"author":1,"featured_media":27362,"comment_status":"open","ping_status":"open","sticky":false,"template":"","format":"standard","meta":{"_links_to":"","_links_to_target":""},"categories":[7,1],"tags":[],"views":1713,"_links":{"self":[{"href":"https:\/\/www.brazilianpress.com\/v1\/wp-json\/wp\/v2\/posts\/27361"}],"collection":[{"href":"https:\/\/www.brazilianpress.com\/v1\/wp-json\/wp\/v2\/posts"}],"about":[{"href":"https:\/\/www.brazilianpress.com\/v1\/wp-json\/wp\/v2\/types\/post"}],"author":[{"embeddable":true,"href":"https:\/\/www.brazilianpress.com\/v1\/wp-json\/wp\/v2\/users\/1"}],"replies":[{"embeddable":true,"href":"https:\/\/www.brazilianpress.com\/v1\/wp-json\/wp\/v2\/comments?post=27361"}],"version-history":[{"count":1,"href":"https:\/\/www.brazilianpress.com\/v1\/wp-json\/wp\/v2\/posts\/27361\/revisions"}],"predecessor-version":[{"id":27363,"href":"https:\/\/www.brazilianpress.com\/v1\/wp-json\/wp\/v2\/posts\/27361\/revisions\/27363"}],"wp:featuredmedia":[{"embeddable":true,"href":"https:\/\/www.brazilianpress.com\/v1\/wp-json\/wp\/v2\/media\/27362"}],"wp:attachment":[{"href":"https:\/\/www.brazilianpress.com\/v1\/wp-json\/wp\/v2\/media?parent=27361"}],"wp:term":[{"taxonomy":"category","embeddable":true,"href":"https:\/\/www.brazilianpress.com\/v1\/wp-json\/wp\/v2\/categories?post=27361"},{"taxonomy":"post_tag","embeddable":true,"href":"https:\/\/www.brazilianpress.com\/v1\/wp-json\/wp\/v2\/tags?post=27361"}],"curies":[{"name":"wp","href":"https:\/\/api.w.org\/{rel}","templated":true}]}}