{"id":27409,"date":"2017-02-20T18:23:05","date_gmt":"2017-02-20T22:23:05","guid":{"rendered":"http:\/\/www.brazilianpress.com\/v1\/?p=27409"},"modified":"2017-02-23T13:58:33","modified_gmt":"2017-02-23T17:58:33","slug":"em-turne-ao-redor-do-pais-os-mutantes-faz-apresentacao-exclusiva-no-webster-hall-em-manhattan","status":"publish","type":"post","link":"https:\/\/www.brazilianpress.com\/v1\/2017\/02\/20\/em-turne-ao-redor-do-pais-os-mutantes-faz-apresentacao-exclusiva-no-webster-hall-em-manhattan\/","title":{"rendered":"Em turn\u00ea ao redor do pa\u00eds, Os Mutantes faz apresenta\u00e7\u00e3o exclusiva no Webster Hall em Manhattan"},"content":{"rendered":"<p><img loading=\"lazy\" class=\"alignnone size-full wp-image-27413\" src=\"http:\/\/www.brazilianpress.com\/v1\/wp-content\/uploads\/2017\/02\/mutantes-4.jpg\" alt=\"mutantes (4)\" width=\"500\" height=\"375\" srcset=\"https:\/\/www.brazilianpress.com\/v1\/wp-content\/uploads\/2017\/02\/mutantes-4.jpg 500w, https:\/\/www.brazilianpress.com\/v1\/wp-content\/uploads\/2017\/02\/mutantes-4-300x225.jpg 300w\" sizes=\"(max-width: 500px) 100vw, 500px\" \/><\/p>\n<p><strong><em>Roger Costa- <\/em><\/strong>Formado inicialmente em 1964 por S\u00e9rgio Dias, Rita Lee e Arnaldo Baptista como parte do movimento Tropic\u00e1lia, o consagrado grupo de rock psicod\u00e9lico Os Mutantes, tem sido refer\u00eancia musical, inspira\u00e7\u00e3o e influ\u00eancia essencial nos ritmos brasileiros ao longo das d\u00e9cadas.<!--more--> A banda atravessou momentos importantes na hist\u00f3ria do Brasil e no mundo, experimentando o sucesso, os riscos pol\u00edticos e lidando tamb\u00e9m com a separa\u00e7\u00e3o de seus integrantes iniciais, sendo reformulado em alguns per\u00edodos. H\u00e1 mais de 50 anos viajando o mundo com a energia de can\u00e7\u00f5es que se tornaram c\u00e9lebres tais como \u201cMinha Menina\u201d, &#8220;Ando Meio Desligado&#8221; e &#8220;Caminhante Noturno&#8221;, SERGIO DIAS E OS MUTANTES est\u00e3o percorrendo os Estados Unidos com uma nova turn\u00ea, e chegam a New York na pr\u00f3xima segunda-feira, dia 27 de Fevereiro, para uma \u00fanica e exclusiva, imperd\u00edvel apresenta\u00e7\u00e3o no Webster Hall em Manhattan. Os Mutantes tem sido grandes influ\u00eancias do rock contempor\u00e2neo, com admiradores como o falecido Kurt Cobain, Flaming Lips e David Byrne, al\u00e9m de colaborarem com os m\u00fasicos Tom Z\u00e9 e Jorge Ben, e conquistarem milh\u00f5es de f\u00e3s por onde passam com o som contagiante.<\/p>\n<p><img loading=\"lazy\" class=\"alignnone size-full wp-image-27410\" src=\"http:\/\/www.brazilianpress.com\/v1\/wp-content\/uploads\/2017\/02\/mutantes-1.jpg\" alt=\"mutantes (1)\" width=\"470\" height=\"470\" srcset=\"https:\/\/www.brazilianpress.com\/v1\/wp-content\/uploads\/2017\/02\/mutantes-1.jpg 470w, https:\/\/www.brazilianpress.com\/v1\/wp-content\/uploads\/2017\/02\/mutantes-1-150x150.jpg 150w, https:\/\/www.brazilianpress.com\/v1\/wp-content\/uploads\/2017\/02\/mutantes-1-300x300.jpg 300w\" sizes=\"(max-width: 470px) 100vw, 470px\" \/><\/p>\n<p><strong><em>OS MUTANTES apresentam-se no palco do Marlin Room no Webster Hall, 125 East 11th Street, New York City, pr\u00f3xima Segunda-feira, 27 de Fevereiro as 8 da noite, portas abrem as 7. Para ingressos e detalhes ligue (212) 353-1600 ou visite <a href=\"http:\/\/www.ticketweb.com\/t3\/sale\/SaleEventDetail?dispatch=loadSelectionData&amp;eventId=7091625&amp;pl=webhall&amp;REFID=whsite\">http:\/\/www.ticketweb.com\/t3\/sale\/SaleEventDetail?dispatch=loadSelectionData&amp;eventId=7091625&amp;pl=webhall&amp;REFID=whsite<\/a><\/em><\/strong><\/p>\n<p><img loading=\"lazy\" class=\"alignnone size-full wp-image-27414\" src=\"http:\/\/www.brazilianpress.com\/v1\/wp-content\/uploads\/2017\/02\/mutantes-5.jpg\" alt=\"mutantes (5)\" width=\"480\" height=\"321\" srcset=\"https:\/\/www.brazilianpress.com\/v1\/wp-content\/uploads\/2017\/02\/mutantes-5.jpg 480w, https:\/\/www.brazilianpress.com\/v1\/wp-content\/uploads\/2017\/02\/mutantes-5-300x201.jpg 300w\" sizes=\"(max-width: 480px) 100vw, 480px\" \/> <img loading=\"lazy\" class=\"alignnone size-full wp-image-27412\" src=\"http:\/\/www.brazilianpress.com\/v1\/wp-content\/uploads\/2017\/02\/mutantes-3.jpg\" alt=\"mutantes (3)\" width=\"495\" height=\"329\" srcset=\"https:\/\/www.brazilianpress.com\/v1\/wp-content\/uploads\/2017\/02\/mutantes-3.jpg 495w, https:\/\/www.brazilianpress.com\/v1\/wp-content\/uploads\/2017\/02\/mutantes-3-300x199.jpg 300w\" sizes=\"(max-width: 495px) 100vw, 495px\" \/> <img loading=\"lazy\" class=\"alignnone size-full wp-image-27411\" src=\"http:\/\/www.brazilianpress.com\/v1\/wp-content\/uploads\/2017\/02\/mutantes-2.jpg\" alt=\"mutantes (2)\" width=\"500\" height=\"645\" srcset=\"https:\/\/www.brazilianpress.com\/v1\/wp-content\/uploads\/2017\/02\/mutantes-2.jpg 500w, https:\/\/www.brazilianpress.com\/v1\/wp-content\/uploads\/2017\/02\/mutantes-2-233x300.jpg 233w\" sizes=\"(max-width: 500px) 100vw, 500px\" \/><\/p>\n","protected":false},"excerpt":{"rendered":"<p>Roger Costa- Formado inicialmente em 1964 por S\u00e9rgio Dias, Rita Lee e Arnaldo Baptista como parte do movimento Tropic\u00e1lia, o consagrado grupo de rock psicod\u00e9lico Os Mutantes, tem sido refer\u00eancia musical, inspira\u00e7\u00e3o e influ\u00eancia essencial nos ritmos brasileiros ao longo das d\u00e9cadas.<\/p>\n","protected":false},"author":1,"featured_media":27413,"comment_status":"open","ping_status":"open","sticky":false,"template":"","format":"standard","meta":{"_links_to":"","_links_to_target":""},"categories":[20,1],"tags":[],"views":3870,"_links":{"self":[{"href":"https:\/\/www.brazilianpress.com\/v1\/wp-json\/wp\/v2\/posts\/27409"}],"collection":[{"href":"https:\/\/www.brazilianpress.com\/v1\/wp-json\/wp\/v2\/posts"}],"about":[{"href":"https:\/\/www.brazilianpress.com\/v1\/wp-json\/wp\/v2\/types\/post"}],"author":[{"embeddable":true,"href":"https:\/\/www.brazilianpress.com\/v1\/wp-json\/wp\/v2\/users\/1"}],"replies":[{"embeddable":true,"href":"https:\/\/www.brazilianpress.com\/v1\/wp-json\/wp\/v2\/comments?post=27409"}],"version-history":[{"count":1,"href":"https:\/\/www.brazilianpress.com\/v1\/wp-json\/wp\/v2\/posts\/27409\/revisions"}],"predecessor-version":[{"id":27415,"href":"https:\/\/www.brazilianpress.com\/v1\/wp-json\/wp\/v2\/posts\/27409\/revisions\/27415"}],"wp:featuredmedia":[{"embeddable":true,"href":"https:\/\/www.brazilianpress.com\/v1\/wp-json\/wp\/v2\/media\/27413"}],"wp:attachment":[{"href":"https:\/\/www.brazilianpress.com\/v1\/wp-json\/wp\/v2\/media?parent=27409"}],"wp:term":[{"taxonomy":"category","embeddable":true,"href":"https:\/\/www.brazilianpress.com\/v1\/wp-json\/wp\/v2\/categories?post=27409"},{"taxonomy":"post_tag","embeddable":true,"href":"https:\/\/www.brazilianpress.com\/v1\/wp-json\/wp\/v2\/tags?post=27409"}],"curies":[{"name":"wp","href":"https:\/\/api.w.org\/{rel}","templated":true}]}}