{"id":27416,"date":"2017-02-20T18:26:10","date_gmt":"2017-02-20T22:26:10","guid":{"rendered":"http:\/\/www.brazilianpress.com\/v1\/?p=27416"},"modified":"2017-02-23T08:52:44","modified_gmt":"2017-02-23T12:52:44","slug":"no-dia-do-presidente-americanos-saem-as-ruas-para-protestar-contra-o-lider-da-nacao","status":"publish","type":"post","link":"https:\/\/www.brazilianpress.com\/v1\/2017\/02\/20\/no-dia-do-presidente-americanos-saem-as-ruas-para-protestar-contra-o-lider-da-nacao\/","title":{"rendered":"No Dia do Presidente, americanos saem as ruas para protestar contra o l\u00edder da na\u00e7\u00e3o"},"content":{"rendered":"<p><img loading=\"lazy\" class=\"alignnone size-full wp-image-27417\" src=\"http:\/\/www.brazilianpress.com\/v1\/wp-content\/uploads\/2017\/02\/foto-2-presidents-day.jpg\" alt=\"foto 2 presidents day\" width=\"500\" height=\"281\" srcset=\"https:\/\/www.brazilianpress.com\/v1\/wp-content\/uploads\/2017\/02\/foto-2-presidents-day.jpg 500w, https:\/\/www.brazilianpress.com\/v1\/wp-content\/uploads\/2017\/02\/foto-2-presidents-day-300x169.jpg 300w\" sizes=\"(max-width: 500px) 100vw, 500px\" \/><\/p>\n<p><strong><em>RC- <\/em><\/strong>O feriado de President&#8217;s Day desta segunda-feira (20) nos Estados Unidos tomou dimensoes de protestos ao redor do pais, com milhares de pessoas reunidas em muitas cidades. <!--more-->Em New York a concentracao foi no Columbus Circle, a entrada do Central Park bem em frente ao predio Trump International Hotel, onde reside o recem-eleito Presidente Donald Trump. Organizadores do movimento Anti-Trump se reuniram no fim de semana para discutir estrategias para o evento, que incluia o tema &#8220;Not My President Day&#8221; e placas a favor dos imigrantes e punindo a ordem executiva contra nacoes muculmanas. Um dia anterior, eles reuniram-se no Times Square no movimento chamado &#8220;I Am A Muslim Too&#8221;, defendendo os direitos humanos dos muculmanos. Oficiais duivulgaram que aproximadamente 1.000 pessoas estiveram no Times Square no domingo.<\/p>\n<p><img loading=\"lazy\" class=\"alignnone size-full wp-image-27418\" src=\"http:\/\/www.brazilianpress.com\/v1\/wp-content\/uploads\/2017\/02\/foto-1-presidents-day.jpg\" alt=\"foto 1 presidents day\" width=\"500\" height=\"281\" srcset=\"https:\/\/www.brazilianpress.com\/v1\/wp-content\/uploads\/2017\/02\/foto-1-presidents-day.jpg 500w, https:\/\/www.brazilianpress.com\/v1\/wp-content\/uploads\/2017\/02\/foto-1-presidents-day-300x169.jpg 300w\" sizes=\"(max-width: 500px) 100vw, 500px\" \/><\/p>\n<p>Outras cidades participantes do movimento do feriado sao Los Angeles e Chicago, onde milhares se uniram em protesto. Em New York, o numero de participantes cresceu durante as horas do meio-dia ate as 4, alcancando milhares de pessoas. Entre os participantes, crencas de todos os tipos, racas, imigrantes, autoridades e lideres comuinitarios, e ate mesmo apoiadores do Presidente, alem de turistas. Uma delas comentou &#8220;ate a Natureza colaborou, elevando as temperaturas&#8221;.<\/p>\n","protected":false},"excerpt":{"rendered":"<p>RC- O feriado de President&#8217;s Day desta segunda-feira (20) nos Estados Unidos tomou dimensoes de protestos ao redor do pais, com milhares de pessoas reunidas em muitas cidades.<\/p>\n","protected":false},"author":1,"featured_media":27417,"comment_status":"open","ping_status":"open","sticky":false,"template":"","format":"standard","meta":{"_links_to":"","_links_to_target":""},"categories":[4,1],"tags":[],"views":1886,"_links":{"self":[{"href":"https:\/\/www.brazilianpress.com\/v1\/wp-json\/wp\/v2\/posts\/27416"}],"collection":[{"href":"https:\/\/www.brazilianpress.com\/v1\/wp-json\/wp\/v2\/posts"}],"about":[{"href":"https:\/\/www.brazilianpress.com\/v1\/wp-json\/wp\/v2\/types\/post"}],"author":[{"embeddable":true,"href":"https:\/\/www.brazilianpress.com\/v1\/wp-json\/wp\/v2\/users\/1"}],"replies":[{"embeddable":true,"href":"https:\/\/www.brazilianpress.com\/v1\/wp-json\/wp\/v2\/comments?post=27416"}],"version-history":[{"count":1,"href":"https:\/\/www.brazilianpress.com\/v1\/wp-json\/wp\/v2\/posts\/27416\/revisions"}],"predecessor-version":[{"id":27419,"href":"https:\/\/www.brazilianpress.com\/v1\/wp-json\/wp\/v2\/posts\/27416\/revisions\/27419"}],"wp:featuredmedia":[{"embeddable":true,"href":"https:\/\/www.brazilianpress.com\/v1\/wp-json\/wp\/v2\/media\/27417"}],"wp:attachment":[{"href":"https:\/\/www.brazilianpress.com\/v1\/wp-json\/wp\/v2\/media?parent=27416"}],"wp:term":[{"taxonomy":"category","embeddable":true,"href":"https:\/\/www.brazilianpress.com\/v1\/wp-json\/wp\/v2\/categories?post=27416"},{"taxonomy":"post_tag","embeddable":true,"href":"https:\/\/www.brazilianpress.com\/v1\/wp-json\/wp\/v2\/tags?post=27416"}],"curies":[{"name":"wp","href":"https:\/\/api.w.org\/{rel}","templated":true}]}}