{"id":27421,"date":"2017-02-20T18:31:29","date_gmt":"2017-02-20T22:31:29","guid":{"rendered":"http:\/\/www.brazilianpress.com\/v1\/?p=27421"},"modified":"2017-02-23T08:52:50","modified_gmt":"2017-02-23T12:52:50","slug":"policiais-no-brooklyn-disparam-fatalmente-contra-jovem-adolescente-usando-arma-falsa","status":"publish","type":"post","link":"https:\/\/www.brazilianpress.com\/v1\/2017\/02\/20\/policiais-no-brooklyn-disparam-fatalmente-contra-jovem-adolescente-usando-arma-falsa\/","title":{"rendered":"Policiais no Brooklyn disparam fatalmente contra jovem adolescente usando arma falsa"},"content":{"rendered":"<p><img loading=\"lazy\" class=\"alignnone size-full wp-image-27424\" src=\"http:\/\/www.brazilianpress.com\/v1\/wp-content\/uploads\/2017\/02\/tiroteio-brooklyn-3.jpg\" alt=\"tiroteio brooklyn (3)\" width=\"500\" height=\"281\" srcset=\"https:\/\/www.brazilianpress.com\/v1\/wp-content\/uploads\/2017\/02\/tiroteio-brooklyn-3.jpg 500w, https:\/\/www.brazilianpress.com\/v1\/wp-content\/uploads\/2017\/02\/tiroteio-brooklyn-3-300x169.jpg 300w\" sizes=\"(max-width: 500px) 100vw, 500px\" \/><\/p>\n<p><strong>RC-<\/strong> O adolescente S\u00e9rgio Reyes de 18 anos foi fatalmente baleado durante confronto com a Pol\u00edcia na noite de domingo em uma \u00e1rea do Brooklyn. <!--more-->Policiais divulgaram um v\u00eddeo, onde apresenta o rapaz roubando e amea\u00e7ando o atendente de um liquor store na \u00e1rea de Bushwick, demandando dinheiro e alcool. O jovem era conhecido na regi\u00e3o como tranquilo, mas com alguns dist\u00farbios de personalidade levando-o a situa\u00e7\u00f5es fora de controle.<\/p>\n<p><img loading=\"lazy\" class=\"alignnone size-full wp-image-27423\" src=\"http:\/\/www.brazilianpress.com\/v1\/wp-content\/uploads\/2017\/02\/tiroteio-brooklyn-2.jpg\" alt=\"tiroteio brooklyn (2)\" width=\"500\" height=\"328\" srcset=\"https:\/\/www.brazilianpress.com\/v1\/wp-content\/uploads\/2017\/02\/tiroteio-brooklyn-2.jpg 500w, https:\/\/www.brazilianpress.com\/v1\/wp-content\/uploads\/2017\/02\/tiroteio-brooklyn-2-300x197.jpg 300w\" sizes=\"(max-width: 500px) 100vw, 500px\" \/><\/p>\n<p>&nbsp;<\/p>\n<p>Ele estava carregando uma arma falsa, e quando foi abordado por policias, mirou-lhes a arma, causando a a\u00e7\u00e3o imediata de defesa dos agentes. A fam\u00edlia do assaltante declarou ter sido desnecess\u00e1rio a quantidade de tiros desparados pela Pol\u00edcia, \u201cPoderiam apenas t\u00ea-lo ferido, deixando inconsciente, agora perdemos nosso garoto.\u201d Ningu\u00e9m ficou ferido durante o assalto, tampouco durante o confronto com a pol\u00edcia. Autoridades divulgaram lamentar o desconhecimento total de que Sergio carregava uma arma falsa.<\/p>\n<p><img loading=\"lazy\" class=\"alignnone size-full wp-image-27422\" src=\"http:\/\/www.brazilianpress.com\/v1\/wp-content\/uploads\/2017\/02\/tiroteio-brooklyn-1.jpg\" alt=\"tiroteio brooklyn (1)\" width=\"500\" height=\"375\" srcset=\"https:\/\/www.brazilianpress.com\/v1\/wp-content\/uploads\/2017\/02\/tiroteio-brooklyn-1.jpg 500w, https:\/\/www.brazilianpress.com\/v1\/wp-content\/uploads\/2017\/02\/tiroteio-brooklyn-1-300x225.jpg 300w\" sizes=\"(max-width: 500px) 100vw, 500px\" \/> <img loading=\"lazy\" class=\"alignnone size-full wp-image-27425\" src=\"http:\/\/www.brazilianpress.com\/v1\/wp-content\/uploads\/2017\/02\/tiroteio-brooklyn-4.jpg\" alt=\"tiroteio brooklyn (4)\" width=\"500\" height=\"281\" srcset=\"https:\/\/www.brazilianpress.com\/v1\/wp-content\/uploads\/2017\/02\/tiroteio-brooklyn-4.jpg 500w, https:\/\/www.brazilianpress.com\/v1\/wp-content\/uploads\/2017\/02\/tiroteio-brooklyn-4-300x169.jpg 300w\" sizes=\"(max-width: 500px) 100vw, 500px\" \/><\/p>\n","protected":false},"excerpt":{"rendered":"<p>RC- O adolescente S\u00e9rgio Reyes de 18 anos foi fatalmente baleado durante confronto com a Pol\u00edcia na noite de domingo em uma \u00e1rea do Brooklyn.<\/p>\n","protected":false},"author":1,"featured_media":27424,"comment_status":"open","ping_status":"open","sticky":false,"template":"","format":"standard","meta":{"_links_to":"","_links_to_target":""},"categories":[4,1],"tags":[],"views":2142,"_links":{"self":[{"href":"https:\/\/www.brazilianpress.com\/v1\/wp-json\/wp\/v2\/posts\/27421"}],"collection":[{"href":"https:\/\/www.brazilianpress.com\/v1\/wp-json\/wp\/v2\/posts"}],"about":[{"href":"https:\/\/www.brazilianpress.com\/v1\/wp-json\/wp\/v2\/types\/post"}],"author":[{"embeddable":true,"href":"https:\/\/www.brazilianpress.com\/v1\/wp-json\/wp\/v2\/users\/1"}],"replies":[{"embeddable":true,"href":"https:\/\/www.brazilianpress.com\/v1\/wp-json\/wp\/v2\/comments?post=27421"}],"version-history":[{"count":1,"href":"https:\/\/www.brazilianpress.com\/v1\/wp-json\/wp\/v2\/posts\/27421\/revisions"}],"predecessor-version":[{"id":27426,"href":"https:\/\/www.brazilianpress.com\/v1\/wp-json\/wp\/v2\/posts\/27421\/revisions\/27426"}],"wp:featuredmedia":[{"embeddable":true,"href":"https:\/\/www.brazilianpress.com\/v1\/wp-json\/wp\/v2\/media\/27424"}],"wp:attachment":[{"href":"https:\/\/www.brazilianpress.com\/v1\/wp-json\/wp\/v2\/media?parent=27421"}],"wp:term":[{"taxonomy":"category","embeddable":true,"href":"https:\/\/www.brazilianpress.com\/v1\/wp-json\/wp\/v2\/categories?post=27421"},{"taxonomy":"post_tag","embeddable":true,"href":"https:\/\/www.brazilianpress.com\/v1\/wp-json\/wp\/v2\/tags?post=27421"}],"curies":[{"name":"wp","href":"https:\/\/api.w.org\/{rel}","templated":true}]}}