{"id":27436,"date":"2017-02-23T08:52:06","date_gmt":"2017-02-23T12:52:06","guid":{"rendered":"http:\/\/www.brazilianpress.com\/v1\/?p=27436"},"modified":"2017-03-02T09:07:25","modified_gmt":"2017-03-02T13:07:25","slug":"social-press-23022017","status":"publish","type":"post","link":"https:\/\/www.brazilianpress.com\/v1\/2017\/02\/23\/social-press-23022017\/","title":{"rendered":"Social Press . 23\/02\/2017"},"content":{"rendered":"<p><strong><em><img loading=\"lazy\" class=\"alignnone size-full wp-image-27429\" src=\"http:\/\/www.brazilianpress.com\/v1\/wp-content\/uploads\/2017\/02\/social-press-ed1824-20170223-1.jpg\" alt=\"social press ed1824 20170223 (1)\" width=\"450\" height=\"253\" srcset=\"https:\/\/www.brazilianpress.com\/v1\/wp-content\/uploads\/2017\/02\/social-press-ed1824-20170223-1.jpg 450w, https:\/\/www.brazilianpress.com\/v1\/wp-content\/uploads\/2017\/02\/social-press-ed1824-20170223-1-300x169.jpg 300w\" sizes=\"(max-width: 450px) 100vw, 450px\" \/><br \/>\nHappy Birthday ao nosso grande amigo, Rafael Moreira, propriet\u00e1rio do Altas Horas Lanches, figura ilustre colaborando positivamente com a comunidade na luta pelos direitos dos imigrantes. Na foto ao lado da sua bela namorada Vanessa.<\/em><\/strong><\/p>\n<p><strong><em><img loading=\"lazy\" class=\"alignnone size-full wp-image-27430\" src=\"http:\/\/www.brazilianpress.com\/v1\/wp-content\/uploads\/2017\/02\/social-press-ed1824-20170223-2.jpg\" alt=\"social press ed1824 20170223 (2)\" width=\"450\" height=\"338\" srcset=\"https:\/\/www.brazilianpress.com\/v1\/wp-content\/uploads\/2017\/02\/social-press-ed1824-20170223-2.jpg 450w, https:\/\/www.brazilianpress.com\/v1\/wp-content\/uploads\/2017\/02\/social-press-ed1824-20170223-2-300x225.jpg 300w\" sizes=\"(max-width: 450px) 100vw, 450px\" \/><br \/>\nA super chef Tina Dias, respons\u00e1vel pelos sabores tradicionais brasileiros encontrados no Casa Nova Grill esta celebrando mais uma Primavera! Parabens!!!<\/em><\/strong><!--more--><\/p>\n<p><strong><em><img loading=\"lazy\" class=\"alignnone size-full wp-image-27431\" src=\"http:\/\/www.brazilianpress.com\/v1\/wp-content\/uploads\/2017\/02\/social-press-ed1824-20170223-3.jpg\" alt=\"social press ed1824 20170223 (3)\" width=\"450\" height=\"338\" srcset=\"https:\/\/www.brazilianpress.com\/v1\/wp-content\/uploads\/2017\/02\/social-press-ed1824-20170223-3.jpg 450w, https:\/\/www.brazilianpress.com\/v1\/wp-content\/uploads\/2017\/02\/social-press-ed1824-20170223-3-300x225.jpg 300w\" sizes=\"(max-width: 450px) 100vw, 450px\" \/><br \/>\nViva La Vida: a gatinha Giselle da Silva aproveitou f\u00e9rias super divertidas em Las Vegas ao lado da mam\u00e3e Tereza e Shawn Smith. Awesome!<\/em><\/strong><\/p>\n<p><strong><em><img loading=\"lazy\" class=\"alignnone size-full wp-image-27432\" src=\"http:\/\/www.brazilianpress.com\/v1\/wp-content\/uploads\/2017\/02\/social-press-ed1824-20170223-4.jpg\" alt=\"social press ed1824 20170223 (4)\" width=\"450\" height=\"446\" srcset=\"https:\/\/www.brazilianpress.com\/v1\/wp-content\/uploads\/2017\/02\/social-press-ed1824-20170223-4.jpg 450w, https:\/\/www.brazilianpress.com\/v1\/wp-content\/uploads\/2017\/02\/social-press-ed1824-20170223-4-150x150.jpg 150w, https:\/\/www.brazilianpress.com\/v1\/wp-content\/uploads\/2017\/02\/social-press-ed1824-20170223-4-300x297.jpg 300w\" sizes=\"(max-width: 450px) 100vw, 450px\" \/><br \/>\nA fam\u00edlia Batista est\u00e1 em festa com a chegada da princesinha Camila. Os pais corujas Eder e Andrea est\u00e3o descobrindo as maravilhas do reflexo vivo do amor de Deus, o Presente da Vida.<\/em><\/strong><\/p>\n<p><strong><em><img loading=\"lazy\" class=\"alignnone size-full wp-image-27433\" src=\"http:\/\/www.brazilianpress.com\/v1\/wp-content\/uploads\/2017\/02\/social-press-ed1824-20170223-5.jpg\" alt=\"social press ed1824 20170223 (5)\" width=\"450\" height=\"540\" srcset=\"https:\/\/www.brazilianpress.com\/v1\/wp-content\/uploads\/2017\/02\/social-press-ed1824-20170223-5.jpg 450w, https:\/\/www.brazilianpress.com\/v1\/wp-content\/uploads\/2017\/02\/social-press-ed1824-20170223-5-250x300.jpg 250w\" sizes=\"(max-width: 450px) 100vw, 450px\" \/><br \/>\nSauda\u00e7\u00f5es a nossa amiga Maria Paula Sant&#8217;Anna, uma jovem linda e super talentosa, que agora esta dedicando-se aos dons patriotas na National Guard da America. Congrats!<\/em><\/strong><\/p>\n<p><strong><em><img loading=\"lazy\" class=\"alignnone size-full wp-image-27434\" src=\"http:\/\/www.brazilianpress.com\/v1\/wp-content\/uploads\/2017\/02\/social-press-ed1824-20170223-6.jpg\" alt=\"social press ed1824 20170223 (6)\" width=\"450\" height=\"345\" srcset=\"https:\/\/www.brazilianpress.com\/v1\/wp-content\/uploads\/2017\/02\/social-press-ed1824-20170223-6.jpg 450w, https:\/\/www.brazilianpress.com\/v1\/wp-content\/uploads\/2017\/02\/social-press-ed1824-20170223-6-300x230.jpg 300w\" sizes=\"(max-width: 450px) 100vw, 450px\" \/><br \/>\nChegou mais um local para organizar seu evento em Newark, Espa\u00e7o Mega Party, confira . Ligue para Kaira (973) 960-3809<\/em><\/strong><\/p>\n","protected":false},"excerpt":{"rendered":"<p>Happy Birthday ao nosso grande amigo, Rafael Moreira, propriet\u00e1rio do Altas Horas Lanches, figura ilustre colaborando positivamente com a comunidade na luta pelos direitos dos imigrantes. Na foto ao lado da sua bela namorada Vanessa. A super chef Tina Dias, respons\u00e1vel pelos sabores tradicionais brasileiros encontrados no Casa Nova Grill esta celebrando mais uma Primavera! Parabens!!!<\/p>\n","protected":false},"author":1,"featured_media":27429,"comment_status":"open","ping_status":"open","sticky":false,"template":"","format":"standard","meta":{"_links_to":"","_links_to_target":""},"categories":[1,6],"tags":[],"views":2466,"_links":{"self":[{"href":"https:\/\/www.brazilianpress.com\/v1\/wp-json\/wp\/v2\/posts\/27436"}],"collection":[{"href":"https:\/\/www.brazilianpress.com\/v1\/wp-json\/wp\/v2\/posts"}],"about":[{"href":"https:\/\/www.brazilianpress.com\/v1\/wp-json\/wp\/v2\/types\/post"}],"author":[{"embeddable":true,"href":"https:\/\/www.brazilianpress.com\/v1\/wp-json\/wp\/v2\/users\/1"}],"replies":[{"embeddable":true,"href":"https:\/\/www.brazilianpress.com\/v1\/wp-json\/wp\/v2\/comments?post=27436"}],"version-history":[{"count":1,"href":"https:\/\/www.brazilianpress.com\/v1\/wp-json\/wp\/v2\/posts\/27436\/revisions"}],"predecessor-version":[{"id":27437,"href":"https:\/\/www.brazilianpress.com\/v1\/wp-json\/wp\/v2\/posts\/27436\/revisions\/27437"}],"wp:featuredmedia":[{"embeddable":true,"href":"https:\/\/www.brazilianpress.com\/v1\/wp-json\/wp\/v2\/media\/27429"}],"wp:attachment":[{"href":"https:\/\/www.brazilianpress.com\/v1\/wp-json\/wp\/v2\/media?parent=27436"}],"wp:term":[{"taxonomy":"category","embeddable":true,"href":"https:\/\/www.brazilianpress.com\/v1\/wp-json\/wp\/v2\/categories?post=27436"},{"taxonomy":"post_tag","embeddable":true,"href":"https:\/\/www.brazilianpress.com\/v1\/wp-json\/wp\/v2\/tags?post=27436"}],"curies":[{"name":"wp","href":"https:\/\/api.w.org\/{rel}","templated":true}]}}