{"id":27453,"date":"2017-02-23T13:58:10","date_gmt":"2017-02-23T17:58:10","guid":{"rendered":"http:\/\/www.brazilianpress.com\/v1\/?p=27453"},"modified":"2017-03-02T09:07:32","modified_gmt":"2017-03-02T13:07:32","slug":"estudante-de-23-anos-que-matou-100-militantes-do-isis-tem-recompensa-de-1-milhao-por-sua-cabeca","status":"publish","type":"post","link":"https:\/\/www.brazilianpress.com\/v1\/2017\/02\/23\/estudante-de-23-anos-que-matou-100-militantes-do-isis-tem-recompensa-de-1-milhao-por-sua-cabeca\/","title":{"rendered":"Estudante de 23 anos que matou 100 militantes do ISIS tem recompensa de 1 milh\u00e3o por sua cabe\u00e7a"},"content":{"rendered":"<p><img loading=\"lazy\" class=\"alignnone size-full wp-image-27454\" src=\"http:\/\/www.brazilianpress.com\/v1\/wp-content\/uploads\/2017\/02\/estudante.jpg\" alt=\"estudante\" width=\"500\" height=\"284\" srcset=\"https:\/\/www.brazilianpress.com\/v1\/wp-content\/uploads\/2017\/02\/estudante.jpg 500w, https:\/\/www.brazilianpress.com\/v1\/wp-content\/uploads\/2017\/02\/estudante-300x170.jpg 300w\" sizes=\"(max-width: 500px) 100vw, 500px\" \/><\/p>\n<p>Joanna Palani, de 23 anos, uma estudante dinamarquesa de Pol\u00edtica e Filosofia, h\u00e1 alguns anos abandonou a faculdade para se juntar \u00e0s for\u00e7as curdas na S\u00edria para lutar contra os jihadistas.<!--more--><\/p>\n<p>Treinada como sniper, ela matou uma centena de militantes do ISIS. Agora, for\u00e7ada a se esconder, uma vez que o grupo ofereceu uma recompensa de um milh\u00e3o de d\u00f3lares por sua cabe\u00e7a, enfrenta uma condena\u00e7\u00e3o de dois anos por ter desafiado as autoridades ao deixar o pa\u00eds para lutar contra os jihadistas.<\/p>\n<p>Em uma entrevista exclusiva ao jornal ingl\u00eas, ela contou que arriscou tudo o que tinha, incluindo sua liberdade, para lutar contra o ISIS na S\u00edria junto \u00e0s unidades de YPG e Peshmerga<\/p>\n<p>Ela admitiu ter violado uma lei antiterrorista para retornar \u00e0 S\u00edria no ano passado. \u201c<em>Lamento ter quebrado a proibi\u00e7\u00e3o de viajar imposta a mim, mas senti que n\u00e3o tinha escolha<\/em>\u201d, continuou. \u201c<em>Eu sou uma sniper. Gosto de usar meu c\u00e9rebro e corpo para me concertar em uma miss\u00e3o<\/em>\u201d.<\/p>\n<p>Joanna foi informada de sua proibi\u00e7\u00e3o em setembro de 2015, mas desafiou as autoridades quando se reuniu novamente aos companheiros de sua unidade curda entre junho e outubro de 2016. No entanto, quando retornou \u00e0 Dinamarca, junto a um grupo de refugiados vindo do Iraque, foi presa por violar a proibi\u00e7\u00e3o, ficando na cadeia por tr\u00eas semanas antes de ser liberada em dezembro passado.<\/p>\n<p>Ela contou que, enquanto se sente ca\u00e7ada pelas autoridades dinamarquesas, tamb\u00e9m vive \u00e0 sombra de uma recompensa de um milh\u00e3o de d\u00f3lares pela sua morte ou captura, oferecida pelo ISIS.<\/p>\n<p>A jovem disse estar ansiosa para entrar em contato com seu batalh\u00e3o do YPG, e se recusa a aceitar qualquer raz\u00e3o para ficar com medo. \u201c<em>Nunca lhes darei a vit\u00f3ria do meu medo<\/em>\u201d.<\/p>\n<p>Sobre suas habilidades, que utiliza com um rifle russo SVD Dragunov, ela disse que a paci\u00eancia \u00e9 a chave de tudo. \u201c<em>Voc\u00ea tem que ser muito paciente, manter a calma e o foco<\/em>\u201d.\u00a0Como sniper j\u00e1 chegou a ficar na linha de frente por cerca de nove dias seguidos, aparentemente defendendo civis que fugiam de zonas de conflito e companheiros curdos que avan\u00e7avam para atacar os militantes do ISIS durante a noite.<\/p>\n<p>Sobre sua vida atual, em entrevista \u00e0\u00a0<em>Vice<\/em>, ela diz estar relutante em ter que estudar Pol\u00edtica e Filosofia. \u201c<em>Sou uma curdo-europeia. A maioria das minhas cren\u00e7as e moral \u00e9 europeia. Eu daria minha vida pela Europa, pela democracia, liberdade e direito das mulheres. Sinto que fui tra\u00edda por aqueles por quem estava disposta a sacrificar minha vida<\/em>\u201d.<\/p>\n<p>&nbsp;<\/p>\n","protected":false},"excerpt":{"rendered":"<p>Joanna Palani, de 23 anos, uma estudante dinamarquesa de Pol\u00edtica e Filosofia, h\u00e1 alguns anos abandonou a faculdade para se juntar \u00e0s for\u00e7as curdas na S\u00edria para lutar contra os jihadistas.<\/p>\n","protected":false},"author":1,"featured_media":27454,"comment_status":"open","ping_status":"open","sticky":false,"template":"","format":"standard","meta":{"_links_to":"","_links_to_target":""},"categories":[1,10],"tags":[],"views":2322,"_links":{"self":[{"href":"https:\/\/www.brazilianpress.com\/v1\/wp-json\/wp\/v2\/posts\/27453"}],"collection":[{"href":"https:\/\/www.brazilianpress.com\/v1\/wp-json\/wp\/v2\/posts"}],"about":[{"href":"https:\/\/www.brazilianpress.com\/v1\/wp-json\/wp\/v2\/types\/post"}],"author":[{"embeddable":true,"href":"https:\/\/www.brazilianpress.com\/v1\/wp-json\/wp\/v2\/users\/1"}],"replies":[{"embeddable":true,"href":"https:\/\/www.brazilianpress.com\/v1\/wp-json\/wp\/v2\/comments?post=27453"}],"version-history":[{"count":1,"href":"https:\/\/www.brazilianpress.com\/v1\/wp-json\/wp\/v2\/posts\/27453\/revisions"}],"predecessor-version":[{"id":27455,"href":"https:\/\/www.brazilianpress.com\/v1\/wp-json\/wp\/v2\/posts\/27453\/revisions\/27455"}],"wp:featuredmedia":[{"embeddable":true,"href":"https:\/\/www.brazilianpress.com\/v1\/wp-json\/wp\/v2\/media\/27454"}],"wp:attachment":[{"href":"https:\/\/www.brazilianpress.com\/v1\/wp-json\/wp\/v2\/media?parent=27453"}],"wp:term":[{"taxonomy":"category","embeddable":true,"href":"https:\/\/www.brazilianpress.com\/v1\/wp-json\/wp\/v2\/categories?post=27453"},{"taxonomy":"post_tag","embeddable":true,"href":"https:\/\/www.brazilianpress.com\/v1\/wp-json\/wp\/v2\/tags?post=27453"}],"curies":[{"name":"wp","href":"https:\/\/api.w.org\/{rel}","templated":true}]}}