{"id":27473,"date":"2017-02-23T17:58:12","date_gmt":"2017-02-23T21:58:12","guid":{"rendered":"http:\/\/www.brazilianpress.com\/v1\/?p=27473"},"modified":"2017-02-23T17:58:12","modified_gmt":"2017-02-23T21:58:12","slug":"disputa-interna-e-rodizio-como-ceni-trabalha-para-recuperar-o-elenco-do-sp","status":"publish","type":"post","link":"https:\/\/www.brazilianpress.com\/v1\/2017\/02\/23\/disputa-interna-e-rodizio-como-ceni-trabalha-para-recuperar-o-elenco-do-sp\/","title":{"rendered":"Disputa interna e rod\u00edzio: como Ceni trabalha para recuperar o elenco do SP"},"content":{"rendered":"<p><img loading=\"lazy\" class=\"alignnone size-full wp-image-27474\" src=\"http:\/\/www.brazilianpress.com\/v1\/wp-content\/uploads\/2017\/02\/rogerio-ceni-da-instrucoes-a-lucas-pratto-apos-primeiro-gol-do-argentino-1487465756221_615x300.jpg\" alt=\"rogerio-ceni-da-instrucoes-a-lucas-pratto-apos-primeiro-gol-do-argentino-1487465756221_615x300\" width=\"500\" height=\"244\" srcset=\"https:\/\/www.brazilianpress.com\/v1\/wp-content\/uploads\/2017\/02\/rogerio-ceni-da-instrucoes-a-lucas-pratto-apos-primeiro-gol-do-argentino-1487465756221_615x300.jpg 500w, https:\/\/www.brazilianpress.com\/v1\/wp-content\/uploads\/2017\/02\/rogerio-ceni-da-instrucoes-a-lucas-pratto-apos-primeiro-gol-do-argentino-1487465756221_615x300-300x146.jpg 300w\" sizes=\"(max-width: 500px) 100vw, 500px\" \/><\/p>\n<p>Depois de dar folga no domingo, o t\u00e9cnico Rog\u00e9rio Ceni teve um dia para preparar o S\u00e3o Paulo ap\u00f3s o empate por 2 a 2 com o Mirassol, no s\u00e1bado (18). Por isso, o treinador n\u00e3o p\u00f4de apostar apenas no trabalho dentro de campo para corrigir os erros da equipe antes da partida desta ter\u00e7a-feira (21), \u00e0s 20h30, no Morumbi, contra o S\u00e3o Bento.<!--more--><\/p>\n<p>Al\u00e9m de mostrar v\u00eddeos do advers\u00e1rio e de lances cruciais dos jogos tricolores, o ex-goleiro apostou na disputa interna e no rod\u00edzio de jogadores para a recupera\u00e7\u00e3o mental e f\u00edsica do S\u00e3o Paulo.<\/p>\n<p>Por isso, Rog\u00e9rio Ceni n\u00e3o deve repetir a escala\u00e7\u00e3o do fim de semana e tamb\u00e9m deve fazer altera\u00e7\u00f5es no decorrer da partida. Na lateral direita, por exemplo, Buffarini deve entrar no lugar de Bruno, respons\u00e1vel por dar assist\u00eancia para Lucas Pratto em seu primeiro gol com a camisa do clube, no s\u00e1bado.<\/p>\n<p>Com esse rod\u00edzio, o treinador pretende deixar os jogadores motivados e tamb\u00e9m dar descanso para quem apresentar mais desgaste. Quem tamb\u00e9m deve ganhar um refresco \u00e9 Thiago Mendes. Titular em todas as sete partidas sob o comando de Rog\u00e9rio Ceni neste ano, o volante treinou entre os reservas e deve ser substitu\u00eddo por Araruna, que subiu das categorias de base nesta temporada. Antes da atividade desta segunda-feira, no CT da Barra Funda, o t\u00e9cnico conversou rapidamente com Thiago Mendes.<\/p>\n<p>No ataque, o treinador deve manter Lucas Pratto ao lado de Luiz Ara\u00fajo. No entanto, n\u00e3o est\u00e1 descartada a participa\u00e7\u00e3o de Gilberto, que neste ano s\u00f3 n\u00e3o entrou em campo justamente na partida contra o Mirassol. Ali\u00e1s, Ceni cogitou at\u00e9 dar um descanso para o argentino e colocar Gilberto entre os titulares, por\u00e9m, na segunda-feira, manteve Pratto no time.<\/p>\n<p>Outras trocas no decorrer da partida e na sequ\u00eancia do campeonato para a recupera\u00e7\u00e3o f\u00edsica dos jogadores n\u00e3o est\u00e3o descartadas. At\u00e9 mesmo o goleiro Sid\u00e3o pode ser poupado em algum momento para dar lugar para Renan Ribeiro, relacionado pela primeira vez neste ano ap\u00f3s se recuperar de contratura na coxa esquerda, e Denis. J\u00e1 na zaga, Lyanco, Lugano e Breno aparecem como op\u00e7\u00f5es para Rodrigo Caio e Maicon, que disputaram todos os jogos deste ano.<\/p>\n","protected":false},"excerpt":{"rendered":"<p>Depois de dar folga no domingo, o t\u00e9cnico Rog\u00e9rio Ceni teve um dia para preparar o S\u00e3o Paulo ap\u00f3s o empate por 2 a 2 com o Mirassol, no s\u00e1bado (18). Por isso, o treinador n\u00e3o p\u00f4de apostar apenas no trabalho dentro de campo para corrigir os erros da equipe antes da partida desta ter\u00e7a-feira (21), \u00e0s 20h30, no Morumbi, contra o S\u00e3o Bento.<\/p>\n","protected":false},"author":1,"featured_media":27474,"comment_status":"open","ping_status":"open","sticky":false,"template":"","format":"standard","meta":{"_links_to":"","_links_to_target":""},"categories":[9,1],"tags":[],"views":1847,"_links":{"self":[{"href":"https:\/\/www.brazilianpress.com\/v1\/wp-json\/wp\/v2\/posts\/27473"}],"collection":[{"href":"https:\/\/www.brazilianpress.com\/v1\/wp-json\/wp\/v2\/posts"}],"about":[{"href":"https:\/\/www.brazilianpress.com\/v1\/wp-json\/wp\/v2\/types\/post"}],"author":[{"embeddable":true,"href":"https:\/\/www.brazilianpress.com\/v1\/wp-json\/wp\/v2\/users\/1"}],"replies":[{"embeddable":true,"href":"https:\/\/www.brazilianpress.com\/v1\/wp-json\/wp\/v2\/comments?post=27473"}],"version-history":[{"count":1,"href":"https:\/\/www.brazilianpress.com\/v1\/wp-json\/wp\/v2\/posts\/27473\/revisions"}],"predecessor-version":[{"id":27475,"href":"https:\/\/www.brazilianpress.com\/v1\/wp-json\/wp\/v2\/posts\/27473\/revisions\/27475"}],"wp:featuredmedia":[{"embeddable":true,"href":"https:\/\/www.brazilianpress.com\/v1\/wp-json\/wp\/v2\/media\/27474"}],"wp:attachment":[{"href":"https:\/\/www.brazilianpress.com\/v1\/wp-json\/wp\/v2\/media?parent=27473"}],"wp:term":[{"taxonomy":"category","embeddable":true,"href":"https:\/\/www.brazilianpress.com\/v1\/wp-json\/wp\/v2\/categories?post=27473"},{"taxonomy":"post_tag","embeddable":true,"href":"https:\/\/www.brazilianpress.com\/v1\/wp-json\/wp\/v2\/tags?post=27473"}],"curies":[{"name":"wp","href":"https:\/\/api.w.org\/{rel}","templated":true}]}}