{"id":27731,"date":"2017-03-10T09:32:58","date_gmt":"2017-03-10T13:32:58","guid":{"rendered":"http:\/\/www.brazilianpress.com\/v1\/?p=27731"},"modified":"2017-03-10T09:32:58","modified_gmt":"2017-03-10T13:32:58","slug":"camarote-da-riotur-na-sapucai-incrementou-o-trade-turistico","status":"publish","type":"post","link":"https:\/\/www.brazilianpress.com\/v1\/2017\/03\/10\/camarote-da-riotur-na-sapucai-incrementou-o-trade-turistico\/","title":{"rendered":"Camarote da Riotur na Sapuca\u00ed incrementou o trade tur\u00edstico"},"content":{"rendered":"<p><img loading=\"lazy\" class=\"alignnone size-full wp-image-27732\" src=\"http:\/\/www.brazilianpress.com\/v1\/wp-content\/uploads\/2017\/03\/carnaval-2017-riotur-1.jpg\" alt=\"carnaval 2017 riotur (1)\" width=\"500\" height=\"281\" srcset=\"https:\/\/www.brazilianpress.com\/v1\/wp-content\/uploads\/2017\/03\/carnaval-2017-riotur-1.jpg 500w, https:\/\/www.brazilianpress.com\/v1\/wp-content\/uploads\/2017\/03\/carnaval-2017-riotur-1-300x169.jpg 300w\" sizes=\"(max-width: 500px) 100vw, 500px\" \/><\/p>\n<p><em>Texto: Ellen Soares \/ Fotos: Cristina Vasconcellos<\/em><\/p>\n<p><strong>&#8220;Foi um privil\u00e9gio receb\u00ea-los no nosso espet\u00e1culo maior, com muito carinho, muito conforto e muito amor. Todos sairam daqui com uma mensagem muito positiva&#8221;. Marcelo Alves, presidente da Riotur.<\/strong><!--more--><\/p>\n<p><strong>\u00a0<\/strong>\u00a0\u00a0\u00a0\u00a0\u00a0\u00a0\u00a0 Focado em gerar neg\u00f3cios e turismo para o Rio, Marcelo Alves, presidente da Riotur reuniu no Camarote da empresa homens de neg\u00f3cios do turismo mundial: presidentes de grandes companhias a\u00e9reas, cadeias hoteleiras, diplomatas, c\u00f4nsules (Estados Unidos, Espanha, Argentina, Sri Lanka, Russia), CEO da Disney, Miguel Vives, entre outros. &#8220;Foi uma grande uni\u00e3o de quem realiza o turismo no mundo e na nossa casa. Quem faz o turismo acontecer, esteve aqui&#8221;. Comemorou.<\/p>\n<p>No Brasil, o carnaval \u00e9 um neg\u00f3cio altamente lucrativo para o setor tur\u00edstico a CNC<strong> (<\/strong>Confedera\u00e7\u00e3o Nacional do Com\u00e9rcio de Bens, Servi\u00e7os e Turismo) estimou que a ind\u00fastria do turismo brasileiro movimentaria no carnaval, cifras bilion\u00e1rias que ultrapassariam os R$ 6,0 bilh\u00f5es. Ainda de acordo com a CNC, Rio de Janeiro e S\u00e3o Paulo, juntos, concentram quase 70% da receita gerada na \u00e9poca do Carnaval \u2015 o Rio\u00a0 injetaria na economia R$ 2,4 bilh\u00f5es e S\u00e3o Paulo, R$ 1,5 bilh\u00e3o.<\/p>\n<p><img loading=\"lazy\" class=\"alignnone size-full wp-image-27735\" src=\"http:\/\/www.brazilianpress.com\/v1\/wp-content\/uploads\/2017\/03\/carnaval-2017-riotur-4.jpg\" alt=\"carnaval 2017 riotur (4)\" width=\"500\" height=\"265\" srcset=\"https:\/\/www.brazilianpress.com\/v1\/wp-content\/uploads\/2017\/03\/carnaval-2017-riotur-4.jpg 500w, https:\/\/www.brazilianpress.com\/v1\/wp-content\/uploads\/2017\/03\/carnaval-2017-riotur-4-300x159.jpg 300w\" sizes=\"(max-width: 500px) 100vw, 500px\" \/><\/p>\n<p>Produtor de eventos e profissional de marketing, Marcelo Alves j\u00e1 est\u00e1 no carnaval h\u00e1 18 anos, produzindo para diversas marcas e falou com a equipe do Brazilian Press. <strong>&#8220;<\/strong>O Prefeito me deu essa oportunidade de trabalhar a marca do Rio de janeiro, no Brasil e no mundo, atrav\u00e9s do Turismo<strong>. <\/strong>Pedi muito que o Camarote Riotur, fosse realmente dedicado a\u00a0 receber o trade tur\u00edstico a fim de gerar neg\u00f3cios e ampliar o impacto econ\u00f4mico e tur\u00edstico do carnaval&#8221;. <strong>\u00a0<\/strong>Afirmou.<\/p>\n<p><img loading=\"lazy\" class=\"alignnone size-full wp-image-27733\" src=\"http:\/\/www.brazilianpress.com\/v1\/wp-content\/uploads\/2017\/03\/carnaval-2017-riotur-2.jpg\" alt=\"carnaval 2017 riotur (2)\" width=\"500\" height=\"738\" srcset=\"https:\/\/www.brazilianpress.com\/v1\/wp-content\/uploads\/2017\/03\/carnaval-2017-riotur-2.jpg 500w, https:\/\/www.brazilianpress.com\/v1\/wp-content\/uploads\/2017\/03\/carnaval-2017-riotur-2-203x300.jpg 203w\" sizes=\"(max-width: 500px) 100vw, 500px\" \/><\/p>\n<p>No cargo, desde janeiro, julga que fizeram pouco nesse carnaval &#8211; perto do que gostariam de fazer. Mas, garante que o que fizeram, j\u00e1 est\u00e1 dando resultados: &#8220;a cidade ficou mais alegre, batemos o recorde de turistas no Rio (de todos os carnavais). E no ano que vem, a partir de mar\u00e7o, come\u00e7a a valer o tom da nossa gest\u00e3o, em rela\u00e7\u00e3o ao turismo&#8221;. Garantiu.<br \/>\nMarcelo Alves, n\u00e3o poupou elogios a uni\u00e3o e compet\u00eancia dos \u00f3rg\u00e3os p\u00fablicos envolvidos na folia. &#8220;\u00c9 importante dizer, que eles s\u00e3o extremamente eficientes, n\u00e3o haveria um carnaval com essa magnitude, com esse encantamento, se todos n\u00f3s n\u00e3o estiv\u00e9ssemos unidos: a Pol\u00edcia Militar, a Guarda Municipal, os Bombeiros, a Defesa Civil, enfim, os que trabalham na sa\u00fade e todos que fazem desse grande espet\u00e1culo, a maior festa do mundo&#8221;. Afirmou e prosseguiu: &#8220;s\u00e1bado de carnaval, recebemos 1 milh\u00e3o de pessoas num s\u00f3 bloco (Copacabana). Isso \u00e9 trabalho de equipe, uma equipe altamente dedicada e muito eficiente&#8221;.<\/p>\n<p><img loading=\"lazy\" class=\"alignnone size-full wp-image-27736\" src=\"http:\/\/www.brazilianpress.com\/v1\/wp-content\/uploads\/2017\/03\/carnaval-2017-riotur-5.jpg\" alt=\"carnaval 2017 riotur (5)\" width=\"500\" height=\"790\" srcset=\"https:\/\/www.brazilianpress.com\/v1\/wp-content\/uploads\/2017\/03\/carnaval-2017-riotur-5.jpg 500w, https:\/\/www.brazilianpress.com\/v1\/wp-content\/uploads\/2017\/03\/carnaval-2017-riotur-5-190x300.jpg 190w\" sizes=\"(max-width: 500px) 100vw, 500px\" \/><\/p>\n<p>Para ele, o carnaval \u00e9 inexplic\u00e1vel e toca o cora\u00e7\u00e3o quando a bateria entra. &#8220;Eu recebi o embaixador dos Estados Unidos, jantamos\u00a0 aqui no camarote, juntamente com o Consul (domingo). A gente o levou at\u00e9 a bateria (segundo recuo) e ele enlouqueceu: ficou completamente alucinado com o nosso samba \u2013 \u00e9 inexplic\u00e1vel e s\u00f3 n\u00f3s temos isso<strong>&#8220;<\/strong>. Comemorou.<\/p>\n<p>Para os tr\u00eas dias de desfiles (Grupo Especial), mais de 15 representantes de paises foram convidados a apreciar o carnaval carioca na mordomia do Camarote da Riotur.<\/p>\n<p>Riotur:<\/p>\n<p>Empresa de Turismo da Cidade do Rio de Janeiro que organiza, investe e realiza junto com a Liesa (LigaHYPERLINK &#8220;http:\/\/liesa.globo.com\/&#8221; Independente das Escolas de Samba do Rio de Janeiro) e Lierj ( Liga das Escolas de Samba do Rio de Janeiro) o carnaval aqui no Samb\u00f3dromo.<\/p>\n<p><img loading=\"lazy\" class=\"alignnone size-full wp-image-27735\" src=\"http:\/\/www.brazilianpress.com\/v1\/wp-content\/uploads\/2017\/03\/carnaval-2017-riotur-4.jpg\" alt=\"carnaval 2017 riotur (4)\" width=\"500\" height=\"265\" srcset=\"https:\/\/www.brazilianpress.com\/v1\/wp-content\/uploads\/2017\/03\/carnaval-2017-riotur-4.jpg 500w, https:\/\/www.brazilianpress.com\/v1\/wp-content\/uploads\/2017\/03\/carnaval-2017-riotur-4-300x159.jpg 300w\" sizes=\"(max-width: 500px) 100vw, 500px\" \/><\/p>\n<p>Carnaval:<\/p>\n<p>O carnaval do Rio de Janeiro, n\u00e3o \u00e9 s\u00f3 Samb\u00f3dromo &#8211; \u00e9 na cidade inteira: blocos de Rua, Palcos Populares, na Intendente Magalh\u00e3es. Av. Rio Branco\u00a0 etc. O carnaval tem que ser na cidade inteira, respirando alegria, 24 horas por dia<\/p>\n<p>Leitores do Brazilian Press (NY, EUA):<\/p>\n<p>Queria convidar a quem est\u00e1 em Nova Iorque que sempre venha pro Rio curtir a folia &#8211; depois volta. Porque, n\u00e3o h\u00e1 momento mais agrad\u00e1vel no nosso ver\u00e3o, do que o carnaval do Rio de Janeiro.<\/p>\n<p>Recado aos cariocas:<\/p>\n<p>Que a nossa popula\u00e7\u00e3o, o carioca de fato, tenha no seu cora\u00e7\u00e3o a import\u00e2ncia do turista na cidade. Precisamos cada vez mais abra\u00e7a-los e encant\u00e1-los. J\u00e1 fomos totalmente aben\u00e7oados pelas belezas naturais que temos e por um povo maravilhoso. Vamos cada vez mais ampliar isso, pra fazer do Rio de Janeiro, uma das cidades mais visitadas, ou a mais visitada do mundo.<\/p>\n<p><strong>O Rio \u00e9 protagonista e faz o melhor carnaval<\/strong><\/p>\n<p>Michael Nagy, Diretor do Rio Convention &amp; Bureau,\u00a0 declarou sua paix\u00e3o pelo carnaval e especialmente, pela alma carioca. O executivo foi um dos que curtiram carnaval e fizeram network\u00a0 no Camarote da Riotur. Supersatisfeito com a performance tur\u00edstica da Cidade, ele comemorou os n\u00fameros. &#8220;A gente j\u00e1 faz o maior espet\u00e1culo da terra. Teve Rio Open, 50 blocos e 1.1 milh\u00e3o de turistas na cidade durante esse carnaval majestoso &#8211; o maior show da terra&#8221;. Comemorou.<\/p>\n<p>Para o executivo, hoje, h\u00e1 uma administra\u00e7\u00e3o focada na promo\u00e7\u00e3o, porque a infraestrutura j\u00e1 est\u00e1 pronta. Segundo ele, essa \u00e9 a estrat\u00e9gia dessa galera que esteve no camarote e, mais uma vez, ajudou o Rio de Janeiro a dar exemplo pro mundo. &#8220;Duvidaram da gente nas olimp\u00edadas, mas, demos um banho e a prova est\u00e1 aqui&#8221;. Afirmou.<\/p>\n<p>Com muito bom humor, Nagy continuou revelando n\u00fameros de desempenho. A estimativa de movimenta\u00e7\u00e3o financeira para o carnaval foi de: 3.2 bilh\u00f5es pro Rio, 1.5 bilh\u00f5es pra S\u00e3o Paulo e 330 milh\u00f5es pra Salvador. Baseado nesses dados, fica f\u00e1cil identificar quem &#8220;manda no Brasil&#8221;. E completou, com um sorriso. &#8220;N\u00e3o h\u00e1 d\u00favidas de que o Rio sabe produzir, \u00e9 protagonista e sempre est\u00e1 no foco&#8221;. Garante.<\/p>\n<p><strong>Sri Lanka quer ampliar com\u00e9rcio bilateral com Brasil<\/strong><\/p>\n<p>Sohaku Bastos, c\u00f4nsul-geral honor\u00e1rio do Sri Lanka estava maravilhado com os desfiles, no Camarote da Riotur. &#8220;Uma beleza, as escolas de samba s\u00e3o maravilhosas &#8211; muito bom. \u00c9 a segunda vez que venho assistir aos desfiles e agora acho que virei todo ano, se puder&#8221;. Risos.<\/p>\n<p>Sohaku Bastos explicou que Sri Lanka \u00e9 um pa\u00eds ainda em desenvolvimento, mas, com um potencial muito grande: &#8220;nos \u00faltimos 10 anos, triplicamos o com\u00e9rcio bilateral com o Brasil e esperamos, nos pr\u00f3ximos anos ampliar ainda mais essa rela\u00e7\u00e3o bilateral&#8221;. Finalizou.<\/p>\n<p><strong>Consul-geral dos Estados Unidos \u00e9 carioca de cora\u00e7\u00e3o<\/strong><\/p>\n<p>&#8220;Adoro a cultura brasileira, j\u00e1 morei em Bras\u00edlia, S\u00e3o Paulo e agora na Cidade Maravilhosa. E posso dizer que o Rio de Janeiro \u00e9 especial: &#8220;n\u00e3o sou carioca da gema, mas, sou carioca de cora\u00e7\u00e3o&#8221;. James Story, c\u00f4nsul-geral dos Estados Unidos no Rio.<br \/>\nJames Story, curtiu a folia carioca pela segunda vez, no Camarote da Riotur. &#8220;O carnaval \u00e9 uma festa inesquec\u00edvel e chama a aten\u00e7\u00e3o pela beleza cultural. Vim ano passado, mas este ano conhe\u00e7o mais sobre o samba, o enredo e como se faz o espet\u00e1culo. Al\u00e9m de muito interessante, aprendo muito sobre o pa\u00eds&#8221;. disse.<\/p>\n<p>Segundo ele, o trabalho diplom\u00e1tico \u00e9 importante para quebrar paradigmas e aumentar a compreens\u00e3o sobre os dois povos (Brasil e EUA). &#8220;Quero incentivar americanos a conhecer mais o Brasil, n\u00e3o s\u00f3 Rio e S\u00e3o Paulo, mas, nordeste, Pantanal, Amaz\u00f4nia e fazer o mesmo com brasileiros em rela\u00e7\u00e3o aos Estados Unidos&#8221;. Definiu.<\/p>\n<p>Ele explicou que o trabalho diplomatico visa criar la\u00e7os (ponte entre os povos): &#8220;viagens, estudos, neg\u00f3cios, turismos e fazer com\u00e9rcio bilateramente \u00e9 imprescind\u00edvel pra gente&#8221;. Definiu. Amante de Bossa Nova e Chorinho, aponta a riqueza da m\u00fasica carioca e semelhan\u00e7as na musica brasileira e americana, em especial: Jazz x Bossa Nova e Chorinho x Blues.<\/p>\n<p>Sulista, de um povoado pequenino, afirma ter muita coisa l\u00e1 que viu no\u00a0 Brasil e especialmente, na Bahia, onde se sente em casa. &#8220;N\u00f3s temos amendoim cozido, comemos muito quiabo e acho que nosso povo tem muita coisa em comum&#8221;. Garantiu.<\/p>\n<p>Com muita simpatia, James Story agradeceu a todos os brasileiros pela maneira como o receberam aqui. &#8220;S\u00f3 quero registrar que todos os americanos que moram no Brasil, adoram os brasileiros. E nos sentimos em casa com voc\u00eas&#8221;.<\/p>\n","protected":false},"excerpt":{"rendered":"<p>Texto: Ellen Soares \/ Fotos: Cristina Vasconcellos &#8220;Foi um privil\u00e9gio receb\u00ea-los no nosso espet\u00e1culo maior, com muito carinho, muito conforto e muito amor. Todos sairam daqui com uma mensagem muito positiva&#8221;. Marcelo Alves, presidente da Riotur.<\/p>\n","protected":false},"author":1,"featured_media":27732,"comment_status":"open","ping_status":"open","sticky":false,"template":"","format":"standard","meta":{"_links_to":"","_links_to_target":""},"categories":[4,1],"tags":[],"views":3866,"_links":{"self":[{"href":"https:\/\/www.brazilianpress.com\/v1\/wp-json\/wp\/v2\/posts\/27731"}],"collection":[{"href":"https:\/\/www.brazilianpress.com\/v1\/wp-json\/wp\/v2\/posts"}],"about":[{"href":"https:\/\/www.brazilianpress.com\/v1\/wp-json\/wp\/v2\/types\/post"}],"author":[{"embeddable":true,"href":"https:\/\/www.brazilianpress.com\/v1\/wp-json\/wp\/v2\/users\/1"}],"replies":[{"embeddable":true,"href":"https:\/\/www.brazilianpress.com\/v1\/wp-json\/wp\/v2\/comments?post=27731"}],"version-history":[{"count":1,"href":"https:\/\/www.brazilianpress.com\/v1\/wp-json\/wp\/v2\/posts\/27731\/revisions"}],"predecessor-version":[{"id":27737,"href":"https:\/\/www.brazilianpress.com\/v1\/wp-json\/wp\/v2\/posts\/27731\/revisions\/27737"}],"wp:featuredmedia":[{"embeddable":true,"href":"https:\/\/www.brazilianpress.com\/v1\/wp-json\/wp\/v2\/media\/27732"}],"wp:attachment":[{"href":"https:\/\/www.brazilianpress.com\/v1\/wp-json\/wp\/v2\/media?parent=27731"}],"wp:term":[{"taxonomy":"category","embeddable":true,"href":"https:\/\/www.brazilianpress.com\/v1\/wp-json\/wp\/v2\/categories?post=27731"},{"taxonomy":"post_tag","embeddable":true,"href":"https:\/\/www.brazilianpress.com\/v1\/wp-json\/wp\/v2\/tags?post=27731"}],"curies":[{"name":"wp","href":"https:\/\/api.w.org\/{rel}","templated":true}]}}