{"id":27738,"date":"2017-03-10T14:11:35","date_gmt":"2017-03-10T18:11:35","guid":{"rendered":"http:\/\/www.brazilianpress.com\/v1\/?p=27738"},"modified":"2017-03-10T14:11:35","modified_gmt":"2017-03-10T18:11:35","slug":"fotos-camarote-itaipava-foi-point-de-celebridades","status":"publish","type":"post","link":"https:\/\/www.brazilianpress.com\/v1\/2017\/03\/10\/fotos-camarote-itaipava-foi-point-de-celebridades\/","title":{"rendered":"FOTOS: Camarote Itaipava foi point de celebridades"},"content":{"rendered":"<p><img loading=\"lazy\" class=\"alignnone size-full wp-image-27769\" src=\"http:\/\/www.brazilianpress.com\/v1\/wp-content\/uploads\/2017\/03\/carnaval-rio-2017-camarote-itaipava-30.jpg\" alt=\"carnaval rio 2017 camarote itaipava (30)\" width=\"450\" height=\"300\" srcset=\"https:\/\/www.brazilianpress.com\/v1\/wp-content\/uploads\/2017\/03\/carnaval-rio-2017-camarote-itaipava-30.jpg 450w, https:\/\/www.brazilianpress.com\/v1\/wp-content\/uploads\/2017\/03\/carnaval-rio-2017-camarote-itaipava-30-300x200.jpg 300w\" sizes=\"(max-width: 450px) 100vw, 450px\" \/><\/p>\n<p><strong>Texto: Ellen Soares \/\/ Fotos: Cleomir Tavares<\/strong><\/p>\n<p>A cerveja oficial da Sapuca\u00ed recebeu centenas de celebridades, que curtiram o carnaval na maior mordomia. Entre os convidados ilustres, a bela Aline Riscado: Musa do Camarote Itaipava. <!--more-->Acompanhada pelo namorado Felipe Roque, Aline aproveitou a festa, dan\u00e7ando com amigos e convidados. Usando vestido desenhado por Rodrigo Polack, Aline assistiu ao desfile das escolas e posou para fotos.<\/p>\n<p>O Camarote lotou, durante os tr\u00eas dias de carnaval: domingo, segunda-feira e desfile das campe\u00e3es (s\u00e1bado). O vermelho das camisas e presente na decora\u00e7\u00e3o do ambiente agitou ainda mais o clima de folia. Raul Lemos (ex integrante de um reality show gastron\u00f4mico), foi quem preparou e serviu aos vips da festa.<\/p>\n<p><img loading=\"lazy\" class=\"alignnone size-full wp-image-27754\" src=\"http:\/\/www.brazilianpress.com\/v1\/wp-content\/uploads\/2017\/03\/carnaval-rio-2017-camarote-itaipava-15.jpg\" alt=\"carnaval rio 2017 camarote itaipava (15)\" width=\"450\" height=\"311\" srcset=\"https:\/\/www.brazilianpress.com\/v1\/wp-content\/uploads\/2017\/03\/carnaval-rio-2017-camarote-itaipava-15.jpg 450w, https:\/\/www.brazilianpress.com\/v1\/wp-content\/uploads\/2017\/03\/carnaval-rio-2017-camarote-itaipava-15-300x207.jpg 300w\" sizes=\"(max-width: 450px) 100vw, 450px\" \/><\/p>\n<p>Famosos e an\u00f4nimos aproveitaram para ver de perto o maior espet\u00e1culo da terra. Entre eles: Aline Moraes, Toni Garrido, Fernanda Souza,Yasmin e Luiza Brunet, Giba e Maria Luiza, Thammy Miranda, Carla Diaz, Minotauro, Fred Mayring, Antonia Fontinelli, Ex-BBB Alem\u00e3o, o jogador Roger Flores entre outros. Confira os flagrantes, nas fotos de Cleomir Tavares.<\/p>\n<p>Marco Luque, conhecido nas redes sociais como o Mustafary, registrou a festa em v\u00eddeos, como &#8220;rep\u00f3rter&#8221; do espa\u00e7o. Os shows que foram o ponto alto das noites, ficaram por conta de Tiago Abravanel, Sapucapeta e Gabriel O Pensador. E no s\u00e1bado das campe\u00e3es, finalizaram com Thiaguinho que assumiu o palco.<\/p>\n<p><img loading=\"lazy\" class=\"alignnone size-full wp-image-27739\" src=\"http:\/\/www.brazilianpress.com\/v1\/wp-content\/uploads\/2017\/03\/carnaval-rio-2017-camarote-itaipava-31.jpg\" alt=\"carnaval rio 2017 camarote itaipava (31)\" width=\"450\" height=\"300\" srcset=\"https:\/\/www.brazilianpress.com\/v1\/wp-content\/uploads\/2017\/03\/carnaval-rio-2017-camarote-itaipava-31.jpg 450w, https:\/\/www.brazilianpress.com\/v1\/wp-content\/uploads\/2017\/03\/carnaval-rio-2017-camarote-itaipava-31-300x200.jpg 300w\" sizes=\"(max-width: 450px) 100vw, 450px\" \/> <img loading=\"lazy\" class=\"alignnone size-full wp-image-27740\" src=\"http:\/\/www.brazilianpress.com\/v1\/wp-content\/uploads\/2017\/03\/carnaval-rio-2017-camarote-itaipava-1.jpg\" alt=\"carnaval rio 2017 camarote itaipava (1)\" width=\"450\" height=\"674\" srcset=\"https:\/\/www.brazilianpress.com\/v1\/wp-content\/uploads\/2017\/03\/carnaval-rio-2017-camarote-itaipava-1.jpg 450w, https:\/\/www.brazilianpress.com\/v1\/wp-content\/uploads\/2017\/03\/carnaval-rio-2017-camarote-itaipava-1-200x300.jpg 200w\" sizes=\"(max-width: 450px) 100vw, 450px\" \/> <img loading=\"lazy\" class=\"alignnone size-full wp-image-27741\" src=\"http:\/\/www.brazilianpress.com\/v1\/wp-content\/uploads\/2017\/03\/carnaval-rio-2017-camarote-itaipava-2.jpg\" alt=\"carnaval rio 2017 camarote itaipava (2)\" width=\"450\" height=\"300\" srcset=\"https:\/\/www.brazilianpress.com\/v1\/wp-content\/uploads\/2017\/03\/carnaval-rio-2017-camarote-itaipava-2.jpg 450w, https:\/\/www.brazilianpress.com\/v1\/wp-content\/uploads\/2017\/03\/carnaval-rio-2017-camarote-itaipava-2-300x200.jpg 300w\" sizes=\"(max-width: 450px) 100vw, 450px\" \/> <img loading=\"lazy\" class=\"alignnone size-full wp-image-27742\" src=\"http:\/\/www.brazilianpress.com\/v1\/wp-content\/uploads\/2017\/03\/carnaval-rio-2017-camarote-itaipava-3.jpg\" alt=\"carnaval rio 2017 camarote itaipava (3)\" width=\"450\" height=\"300\" srcset=\"https:\/\/www.brazilianpress.com\/v1\/wp-content\/uploads\/2017\/03\/carnaval-rio-2017-camarote-itaipava-3.jpg 450w, https:\/\/www.brazilianpress.com\/v1\/wp-content\/uploads\/2017\/03\/carnaval-rio-2017-camarote-itaipava-3-300x200.jpg 300w\" sizes=\"(max-width: 450px) 100vw, 450px\" \/> <img loading=\"lazy\" class=\"alignnone size-full wp-image-27743\" src=\"http:\/\/www.brazilianpress.com\/v1\/wp-content\/uploads\/2017\/03\/carnaval-rio-2017-camarote-itaipava-4.jpg\" alt=\"carnaval rio 2017 camarote itaipava (4)\" width=\"450\" height=\"300\" srcset=\"https:\/\/www.brazilianpress.com\/v1\/wp-content\/uploads\/2017\/03\/carnaval-rio-2017-camarote-itaipava-4.jpg 450w, https:\/\/www.brazilianpress.com\/v1\/wp-content\/uploads\/2017\/03\/carnaval-rio-2017-camarote-itaipava-4-300x200.jpg 300w\" sizes=\"(max-width: 450px) 100vw, 450px\" \/> <img loading=\"lazy\" class=\"alignnone size-full wp-image-27744\" src=\"http:\/\/www.brazilianpress.com\/v1\/wp-content\/uploads\/2017\/03\/carnaval-rio-2017-camarote-itaipava-5.jpg\" alt=\"carnaval rio 2017 camarote itaipava (5)\" width=\"450\" height=\"300\" srcset=\"https:\/\/www.brazilianpress.com\/v1\/wp-content\/uploads\/2017\/03\/carnaval-rio-2017-camarote-itaipava-5.jpg 450w, https:\/\/www.brazilianpress.com\/v1\/wp-content\/uploads\/2017\/03\/carnaval-rio-2017-camarote-itaipava-5-300x200.jpg 300w\" sizes=\"(max-width: 450px) 100vw, 450px\" \/> <img loading=\"lazy\" class=\"alignnone size-full wp-image-27745\" src=\"http:\/\/www.brazilianpress.com\/v1\/wp-content\/uploads\/2017\/03\/carnaval-rio-2017-camarote-itaipava-6.jpg\" alt=\"carnaval rio 2017 camarote itaipava (6)\" width=\"450\" height=\"296\" srcset=\"https:\/\/www.brazilianpress.com\/v1\/wp-content\/uploads\/2017\/03\/carnaval-rio-2017-camarote-itaipava-6.jpg 450w, https:\/\/www.brazilianpress.com\/v1\/wp-content\/uploads\/2017\/03\/carnaval-rio-2017-camarote-itaipava-6-300x197.jpg 300w\" sizes=\"(max-width: 450px) 100vw, 450px\" \/> <img loading=\"lazy\" class=\"alignnone size-full wp-image-27746\" src=\"http:\/\/www.brazilianpress.com\/v1\/wp-content\/uploads\/2017\/03\/carnaval-rio-2017-camarote-itaipava-7.jpg\" alt=\"carnaval rio 2017 camarote itaipava (7)\" width=\"450\" height=\"300\" srcset=\"https:\/\/www.brazilianpress.com\/v1\/wp-content\/uploads\/2017\/03\/carnaval-rio-2017-camarote-itaipava-7.jpg 450w, https:\/\/www.brazilianpress.com\/v1\/wp-content\/uploads\/2017\/03\/carnaval-rio-2017-camarote-itaipava-7-300x200.jpg 300w\" sizes=\"(max-width: 450px) 100vw, 450px\" \/> <img loading=\"lazy\" class=\"alignnone size-full wp-image-27747\" src=\"http:\/\/www.brazilianpress.com\/v1\/wp-content\/uploads\/2017\/03\/carnaval-rio-2017-camarote-itaipava-8.jpg\" alt=\"carnaval rio 2017 camarote itaipava (8)\" width=\"450\" height=\"300\" srcset=\"https:\/\/www.brazilianpress.com\/v1\/wp-content\/uploads\/2017\/03\/carnaval-rio-2017-camarote-itaipava-8.jpg 450w, https:\/\/www.brazilianpress.com\/v1\/wp-content\/uploads\/2017\/03\/carnaval-rio-2017-camarote-itaipava-8-300x200.jpg 300w\" sizes=\"(max-width: 450px) 100vw, 450px\" \/> <img loading=\"lazy\" class=\"alignnone size-full wp-image-27748\" src=\"http:\/\/www.brazilianpress.com\/v1\/wp-content\/uploads\/2017\/03\/carnaval-rio-2017-camarote-itaipava-9.jpg\" alt=\"carnaval rio 2017 camarote itaipava (9)\" width=\"450\" height=\"625\" srcset=\"https:\/\/www.brazilianpress.com\/v1\/wp-content\/uploads\/2017\/03\/carnaval-rio-2017-camarote-itaipava-9.jpg 450w, https:\/\/www.brazilianpress.com\/v1\/wp-content\/uploads\/2017\/03\/carnaval-rio-2017-camarote-itaipava-9-216x300.jpg 216w\" sizes=\"(max-width: 450px) 100vw, 450px\" \/> <img loading=\"lazy\" class=\"alignnone size-full wp-image-27749\" src=\"http:\/\/www.brazilianpress.com\/v1\/wp-content\/uploads\/2017\/03\/carnaval-rio-2017-camarote-itaipava-10.jpg\" alt=\"carnaval rio 2017 camarote itaipava (10)\" width=\"450\" height=\"656\" srcset=\"https:\/\/www.brazilianpress.com\/v1\/wp-content\/uploads\/2017\/03\/carnaval-rio-2017-camarote-itaipava-10.jpg 450w, https:\/\/www.brazilianpress.com\/v1\/wp-content\/uploads\/2017\/03\/carnaval-rio-2017-camarote-itaipava-10-206x300.jpg 206w\" sizes=\"(max-width: 450px) 100vw, 450px\" \/> <img loading=\"lazy\" class=\"alignnone size-full wp-image-27750\" src=\"http:\/\/www.brazilianpress.com\/v1\/wp-content\/uploads\/2017\/03\/carnaval-rio-2017-camarote-itaipava-11.jpg\" alt=\"carnaval rio 2017 camarote itaipava (11)\" width=\"450\" height=\"561\" srcset=\"https:\/\/www.brazilianpress.com\/v1\/wp-content\/uploads\/2017\/03\/carnaval-rio-2017-camarote-itaipava-11.jpg 450w, https:\/\/www.brazilianpress.com\/v1\/wp-content\/uploads\/2017\/03\/carnaval-rio-2017-camarote-itaipava-11-241x300.jpg 241w\" sizes=\"(max-width: 450px) 100vw, 450px\" \/> <img loading=\"lazy\" class=\"alignnone size-full wp-image-27751\" src=\"http:\/\/www.brazilianpress.com\/v1\/wp-content\/uploads\/2017\/03\/carnaval-rio-2017-camarote-itaipava-12.jpg\" alt=\"carnaval rio 2017 camarote itaipava (12)\" width=\"450\" height=\"675\" srcset=\"https:\/\/www.brazilianpress.com\/v1\/wp-content\/uploads\/2017\/03\/carnaval-rio-2017-camarote-itaipava-12.jpg 450w, https:\/\/www.brazilianpress.com\/v1\/wp-content\/uploads\/2017\/03\/carnaval-rio-2017-camarote-itaipava-12-200x300.jpg 200w\" sizes=\"(max-width: 450px) 100vw, 450px\" \/> <img loading=\"lazy\" class=\"alignnone size-full wp-image-27752\" src=\"http:\/\/www.brazilianpress.com\/v1\/wp-content\/uploads\/2017\/03\/carnaval-rio-2017-camarote-itaipava-13.jpg\" alt=\"carnaval rio 2017 camarote itaipava (13)\" width=\"450\" height=\"300\" srcset=\"https:\/\/www.brazilianpress.com\/v1\/wp-content\/uploads\/2017\/03\/carnaval-rio-2017-camarote-itaipava-13.jpg 450w, https:\/\/www.brazilianpress.com\/v1\/wp-content\/uploads\/2017\/03\/carnaval-rio-2017-camarote-itaipava-13-300x200.jpg 300w\" sizes=\"(max-width: 450px) 100vw, 450px\" \/> <img loading=\"lazy\" class=\"alignnone size-full wp-image-27753\" src=\"http:\/\/www.brazilianpress.com\/v1\/wp-content\/uploads\/2017\/03\/carnaval-rio-2017-camarote-itaipava-14.jpg\" alt=\"carnaval rio 2017 camarote itaipava (14)\" width=\"450\" height=\"300\" srcset=\"https:\/\/www.brazilianpress.com\/v1\/wp-content\/uploads\/2017\/03\/carnaval-rio-2017-camarote-itaipava-14.jpg 450w, https:\/\/www.brazilianpress.com\/v1\/wp-content\/uploads\/2017\/03\/carnaval-rio-2017-camarote-itaipava-14-300x200.jpg 300w\" sizes=\"(max-width: 450px) 100vw, 450px\" \/>\u00a0 <img loading=\"lazy\" class=\"alignnone size-full wp-image-27755\" src=\"http:\/\/www.brazilianpress.com\/v1\/wp-content\/uploads\/2017\/03\/carnaval-rio-2017-camarote-itaipava-16.jpg\" alt=\"carnaval rio 2017 camarote itaipava (16)\" width=\"450\" height=\"300\" srcset=\"https:\/\/www.brazilianpress.com\/v1\/wp-content\/uploads\/2017\/03\/carnaval-rio-2017-camarote-itaipava-16.jpg 450w, https:\/\/www.brazilianpress.com\/v1\/wp-content\/uploads\/2017\/03\/carnaval-rio-2017-camarote-itaipava-16-300x200.jpg 300w\" sizes=\"(max-width: 450px) 100vw, 450px\" \/> <img loading=\"lazy\" class=\"alignnone size-full wp-image-27756\" src=\"http:\/\/www.brazilianpress.com\/v1\/wp-content\/uploads\/2017\/03\/carnaval-rio-2017-camarote-itaipava-17.jpg\" alt=\"carnaval rio 2017 camarote itaipava (17)\" width=\"450\" height=\"675\" srcset=\"https:\/\/www.brazilianpress.com\/v1\/wp-content\/uploads\/2017\/03\/carnaval-rio-2017-camarote-itaipava-17.jpg 450w, https:\/\/www.brazilianpress.com\/v1\/wp-content\/uploads\/2017\/03\/carnaval-rio-2017-camarote-itaipava-17-200x300.jpg 200w\" sizes=\"(max-width: 450px) 100vw, 450px\" \/> <img loading=\"lazy\" class=\"alignnone size-full wp-image-27757\" src=\"http:\/\/www.brazilianpress.com\/v1\/wp-content\/uploads\/2017\/03\/carnaval-rio-2017-camarote-itaipava-18.jpg\" alt=\"carnaval rio 2017 camarote itaipava (18)\" width=\"450\" height=\"319\" srcset=\"https:\/\/www.brazilianpress.com\/v1\/wp-content\/uploads\/2017\/03\/carnaval-rio-2017-camarote-itaipava-18.jpg 450w, https:\/\/www.brazilianpress.com\/v1\/wp-content\/uploads\/2017\/03\/carnaval-rio-2017-camarote-itaipava-18-300x213.jpg 300w\" sizes=\"(max-width: 450px) 100vw, 450px\" \/> <img loading=\"lazy\" class=\"alignnone size-full wp-image-27758\" src=\"http:\/\/www.brazilianpress.com\/v1\/wp-content\/uploads\/2017\/03\/carnaval-rio-2017-camarote-itaipava-19.jpg\" alt=\"carnaval rio 2017 camarote itaipava (19)\" width=\"450\" height=\"300\" srcset=\"https:\/\/www.brazilianpress.com\/v1\/wp-content\/uploads\/2017\/03\/carnaval-rio-2017-camarote-itaipava-19.jpg 450w, https:\/\/www.brazilianpress.com\/v1\/wp-content\/uploads\/2017\/03\/carnaval-rio-2017-camarote-itaipava-19-300x200.jpg 300w\" sizes=\"(max-width: 450px) 100vw, 450px\" \/> <img loading=\"lazy\" class=\"alignnone size-full wp-image-27759\" src=\"http:\/\/www.brazilianpress.com\/v1\/wp-content\/uploads\/2017\/03\/carnaval-rio-2017-camarote-itaipava-20.jpg\" alt=\"carnaval rio 2017 camarote itaipava (20)\" width=\"450\" height=\"675\" srcset=\"https:\/\/www.brazilianpress.com\/v1\/wp-content\/uploads\/2017\/03\/carnaval-rio-2017-camarote-itaipava-20.jpg 450w, https:\/\/www.brazilianpress.com\/v1\/wp-content\/uploads\/2017\/03\/carnaval-rio-2017-camarote-itaipava-20-200x300.jpg 200w\" sizes=\"(max-width: 450px) 100vw, 450px\" \/> <img loading=\"lazy\" class=\"alignnone size-full wp-image-27760\" src=\"http:\/\/www.brazilianpress.com\/v1\/wp-content\/uploads\/2017\/03\/carnaval-rio-2017-camarote-itaipava-21.jpg\" alt=\"carnaval rio 2017 camarote itaipava (21)\" width=\"450\" height=\"300\" srcset=\"https:\/\/www.brazilianpress.com\/v1\/wp-content\/uploads\/2017\/03\/carnaval-rio-2017-camarote-itaipava-21.jpg 450w, https:\/\/www.brazilianpress.com\/v1\/wp-content\/uploads\/2017\/03\/carnaval-rio-2017-camarote-itaipava-21-300x200.jpg 300w\" sizes=\"(max-width: 450px) 100vw, 450px\" \/> <img loading=\"lazy\" class=\"alignnone size-full wp-image-27761\" src=\"http:\/\/www.brazilianpress.com\/v1\/wp-content\/uploads\/2017\/03\/carnaval-rio-2017-camarote-itaipava-22.jpg\" alt=\"carnaval rio 2017 camarote itaipava (22)\" width=\"450\" height=\"300\" srcset=\"https:\/\/www.brazilianpress.com\/v1\/wp-content\/uploads\/2017\/03\/carnaval-rio-2017-camarote-itaipava-22.jpg 450w, https:\/\/www.brazilianpress.com\/v1\/wp-content\/uploads\/2017\/03\/carnaval-rio-2017-camarote-itaipava-22-300x200.jpg 300w\" sizes=\"(max-width: 450px) 100vw, 450px\" \/> <img loading=\"lazy\" class=\"alignnone size-full wp-image-27762\" src=\"http:\/\/www.brazilianpress.com\/v1\/wp-content\/uploads\/2017\/03\/carnaval-rio-2017-camarote-itaipava-23.jpg\" alt=\"carnaval rio 2017 camarote itaipava (23)\" width=\"450\" height=\"300\" srcset=\"https:\/\/www.brazilianpress.com\/v1\/wp-content\/uploads\/2017\/03\/carnaval-rio-2017-camarote-itaipava-23.jpg 450w, https:\/\/www.brazilianpress.com\/v1\/wp-content\/uploads\/2017\/03\/carnaval-rio-2017-camarote-itaipava-23-300x200.jpg 300w\" sizes=\"(max-width: 450px) 100vw, 450px\" \/> <img loading=\"lazy\" class=\"alignnone size-full wp-image-27763\" src=\"http:\/\/www.brazilianpress.com\/v1\/wp-content\/uploads\/2017\/03\/carnaval-rio-2017-camarote-itaipava-24.jpg\" alt=\"carnaval rio 2017 camarote itaipava (24)\" width=\"450\" height=\"300\" srcset=\"https:\/\/www.brazilianpress.com\/v1\/wp-content\/uploads\/2017\/03\/carnaval-rio-2017-camarote-itaipava-24.jpg 450w, https:\/\/www.brazilianpress.com\/v1\/wp-content\/uploads\/2017\/03\/carnaval-rio-2017-camarote-itaipava-24-300x200.jpg 300w\" sizes=\"(max-width: 450px) 100vw, 450px\" \/> <img loading=\"lazy\" class=\"alignnone size-full wp-image-27764\" src=\"http:\/\/www.brazilianpress.com\/v1\/wp-content\/uploads\/2017\/03\/carnaval-rio-2017-camarote-itaipava-25.jpg\" alt=\"carnaval rio 2017 camarote itaipava (25)\" width=\"450\" height=\"301\" srcset=\"https:\/\/www.brazilianpress.com\/v1\/wp-content\/uploads\/2017\/03\/carnaval-rio-2017-camarote-itaipava-25.jpg 450w, https:\/\/www.brazilianpress.com\/v1\/wp-content\/uploads\/2017\/03\/carnaval-rio-2017-camarote-itaipava-25-300x201.jpg 300w\" sizes=\"(max-width: 450px) 100vw, 450px\" \/> <img loading=\"lazy\" class=\"alignnone size-full wp-image-27765\" src=\"http:\/\/www.brazilianpress.com\/v1\/wp-content\/uploads\/2017\/03\/carnaval-rio-2017-camarote-itaipava-26.jpg\" alt=\"carnaval rio 2017 camarote itaipava (26)\" width=\"450\" height=\"622\" srcset=\"https:\/\/www.brazilianpress.com\/v1\/wp-content\/uploads\/2017\/03\/carnaval-rio-2017-camarote-itaipava-26.jpg 450w, https:\/\/www.brazilianpress.com\/v1\/wp-content\/uploads\/2017\/03\/carnaval-rio-2017-camarote-itaipava-26-217x300.jpg 217w\" sizes=\"(max-width: 450px) 100vw, 450px\" \/> <img loading=\"lazy\" class=\"alignnone size-full wp-image-27766\" src=\"http:\/\/www.brazilianpress.com\/v1\/wp-content\/uploads\/2017\/03\/carnaval-rio-2017-camarote-itaipava-27.jpg\" alt=\"carnaval rio 2017 camarote itaipava (27)\" width=\"450\" height=\"675\" srcset=\"https:\/\/www.brazilianpress.com\/v1\/wp-content\/uploads\/2017\/03\/carnaval-rio-2017-camarote-itaipava-27.jpg 450w, https:\/\/www.brazilianpress.com\/v1\/wp-content\/uploads\/2017\/03\/carnaval-rio-2017-camarote-itaipava-27-200x300.jpg 200w\" sizes=\"(max-width: 450px) 100vw, 450px\" \/> <img loading=\"lazy\" class=\"alignnone size-full wp-image-27767\" src=\"http:\/\/www.brazilianpress.com\/v1\/wp-content\/uploads\/2017\/03\/carnaval-rio-2017-camarote-itaipava-28.jpg\" alt=\"carnaval rio 2017 camarote itaipava (28)\" width=\"450\" height=\"674\" srcset=\"https:\/\/www.brazilianpress.com\/v1\/wp-content\/uploads\/2017\/03\/carnaval-rio-2017-camarote-itaipava-28.jpg 450w, https:\/\/www.brazilianpress.com\/v1\/wp-content\/uploads\/2017\/03\/carnaval-rio-2017-camarote-itaipava-28-200x300.jpg 200w\" sizes=\"(max-width: 450px) 100vw, 450px\" \/> <img loading=\"lazy\" class=\"alignnone size-full wp-image-27768\" src=\"http:\/\/www.brazilianpress.com\/v1\/wp-content\/uploads\/2017\/03\/carnaval-rio-2017-camarote-itaipava-29.jpg\" alt=\"carnaval rio 2017 camarote itaipava (29)\" width=\"450\" height=\"285\" srcset=\"https:\/\/www.brazilianpress.com\/v1\/wp-content\/uploads\/2017\/03\/carnaval-rio-2017-camarote-itaipava-29.jpg 450w, https:\/\/www.brazilianpress.com\/v1\/wp-content\/uploads\/2017\/03\/carnaval-rio-2017-camarote-itaipava-29-300x190.jpg 300w\" sizes=\"(max-width: 450px) 100vw, 450px\" \/><\/p>\n<p>&nbsp;<\/p>\n","protected":false},"excerpt":{"rendered":"<p>Texto: Ellen Soares \/\/ Fotos: Cleomir Tavares A cerveja oficial da Sapuca\u00ed recebeu centenas de celebridades, que curtiram o carnaval na maior mordomia. Entre os convidados ilustres, a bela Aline Riscado: Musa do Camarote Itaipava.<\/p>\n","protected":false},"author":1,"featured_media":27769,"comment_status":"open","ping_status":"open","sticky":false,"template":"","format":"standard","meta":{"_links_to":"","_links_to_target":""},"categories":[4,19,1],"tags":[],"views":5226,"_links":{"self":[{"href":"https:\/\/www.brazilianpress.com\/v1\/wp-json\/wp\/v2\/posts\/27738"}],"collection":[{"href":"https:\/\/www.brazilianpress.com\/v1\/wp-json\/wp\/v2\/posts"}],"about":[{"href":"https:\/\/www.brazilianpress.com\/v1\/wp-json\/wp\/v2\/types\/post"}],"author":[{"embeddable":true,"href":"https:\/\/www.brazilianpress.com\/v1\/wp-json\/wp\/v2\/users\/1"}],"replies":[{"embeddable":true,"href":"https:\/\/www.brazilianpress.com\/v1\/wp-json\/wp\/v2\/comments?post=27738"}],"version-history":[{"count":1,"href":"https:\/\/www.brazilianpress.com\/v1\/wp-json\/wp\/v2\/posts\/27738\/revisions"}],"predecessor-version":[{"id":27770,"href":"https:\/\/www.brazilianpress.com\/v1\/wp-json\/wp\/v2\/posts\/27738\/revisions\/27770"}],"wp:featuredmedia":[{"embeddable":true,"href":"https:\/\/www.brazilianpress.com\/v1\/wp-json\/wp\/v2\/media\/27769"}],"wp:attachment":[{"href":"https:\/\/www.brazilianpress.com\/v1\/wp-json\/wp\/v2\/media?parent=27738"}],"wp:term":[{"taxonomy":"category","embeddable":true,"href":"https:\/\/www.brazilianpress.com\/v1\/wp-json\/wp\/v2\/categories?post=27738"},{"taxonomy":"post_tag","embeddable":true,"href":"https:\/\/www.brazilianpress.com\/v1\/wp-json\/wp\/v2\/tags?post=27738"}],"curies":[{"name":"wp","href":"https:\/\/api.w.org\/{rel}","templated":true}]}}