{"id":27793,"date":"2017-03-16T09:22:43","date_gmt":"2017-03-16T13:22:43","guid":{"rendered":"http:\/\/www.brazilianpress.com\/v1\/?p=27793"},"modified":"2017-03-23T09:07:22","modified_gmt":"2017-03-23T13:07:22","slug":"social-press-16032017","status":"publish","type":"post","link":"https:\/\/www.brazilianpress.com\/v1\/2017\/03\/16\/social-press-16032017\/","title":{"rendered":"Social Press . 16\/03\/2017"},"content":{"rendered":"<p><strong><em><img loading=\"lazy\" class=\"alignnone size-full wp-image-27783\" src=\"http:\/\/www.brazilianpress.com\/v1\/wp-content\/uploads\/2017\/03\/social-press-ed1827-20170316-1.jpg\" alt=\"social press ed1827 20170316 (1)\" width=\"450\" height=\"285\" srcset=\"https:\/\/www.brazilianpress.com\/v1\/wp-content\/uploads\/2017\/03\/social-press-ed1827-20170316-1.jpg 450w, https:\/\/www.brazilianpress.com\/v1\/wp-content\/uploads\/2017\/03\/social-press-ed1827-20170316-1-300x190.jpg 300w\" sizes=\"(max-width: 450px) 100vw, 450px\" \/><br \/>\nCorreia, o cantor Diego Faria e Zezinho Productions est\u00e3o prontos para o show nesta sexta feira 17 de Mar\u00e7o no Delicias de Minas , n\u00e3o percam.<\/em><\/strong><\/p>\n<p><strong><em><img loading=\"lazy\" class=\"alignnone size-full wp-image-27784\" src=\"http:\/\/www.brazilianpress.com\/v1\/wp-content\/uploads\/2017\/03\/social-press-ed1827-20170316-2.jpg\" alt=\"social press ed1827 20170316 (2)\" width=\"450\" height=\"232\" srcset=\"https:\/\/www.brazilianpress.com\/v1\/wp-content\/uploads\/2017\/03\/social-press-ed1827-20170316-2.jpg 450w, https:\/\/www.brazilianpress.com\/v1\/wp-content\/uploads\/2017\/03\/social-press-ed1827-20170316-2-300x155.jpg 300w\" sizes=\"(max-width: 450px) 100vw, 450px\" \/><br \/>\nQuem comemorou seu niver com familiares e amigos foi nosso o camarada Douglas Melo, Parab\u00e9ns!!!<\/em><\/strong><!--more--><\/p>\n<p><strong><em><img loading=\"lazy\" class=\"alignnone size-full wp-image-27785\" src=\"http:\/\/www.brazilianpress.com\/v1\/wp-content\/uploads\/2017\/03\/social-press-ed1827-20170316-3.jpg\" alt=\"social press ed1827 20170316 (3)\" width=\"450\" height=\"392\" srcset=\"https:\/\/www.brazilianpress.com\/v1\/wp-content\/uploads\/2017\/03\/social-press-ed1827-20170316-3.jpg 450w, https:\/\/www.brazilianpress.com\/v1\/wp-content\/uploads\/2017\/03\/social-press-ed1827-20170316-3-300x261.jpg 300w\" sizes=\"(max-width: 450px) 100vw, 450px\" \/><br \/>\nLindas e Cheias de charme, as amigas Carla Brito e Veronica Veigas aproveitaram a animada balada do Delicias de Minas, com muita simpatia.<\/em><\/strong><\/p>\n<p><strong><em><img loading=\"lazy\" class=\"alignnone size-full wp-image-27786\" src=\"http:\/\/www.brazilianpress.com\/v1\/wp-content\/uploads\/2017\/03\/social-press-ed1827-20170316-4.jpg\" alt=\"social press ed1827 20170316 (4)\" width=\"450\" height=\"387\" srcset=\"https:\/\/www.brazilianpress.com\/v1\/wp-content\/uploads\/2017\/03\/social-press-ed1827-20170316-4.jpg 450w, https:\/\/www.brazilianpress.com\/v1\/wp-content\/uploads\/2017\/03\/social-press-ed1827-20170316-4-300x258.jpg 300w\" sizes=\"(max-width: 450px) 100vw, 450px\" \/><br \/>\nSauda\u00e7\u00f5es ao gerente Marcelo Oliveira e sua linda fam\u00edlia, em momento de descontr\u00e7\u00e3o na Churrascaria Boi na Brasa. Muitas felicidades e sa\u00fade!!!<\/em><\/strong><\/p>\n<p><strong><em><img loading=\"lazy\" class=\"alignnone size-full wp-image-27787\" src=\"http:\/\/www.brazilianpress.com\/v1\/wp-content\/uploads\/2017\/03\/social-press-ed1827-20170316-5.jpg\" alt=\"social press ed1827 20170316 (5)\" width=\"450\" height=\"430\" srcset=\"https:\/\/www.brazilianpress.com\/v1\/wp-content\/uploads\/2017\/03\/social-press-ed1827-20170316-5.jpg 450w, https:\/\/www.brazilianpress.com\/v1\/wp-content\/uploads\/2017\/03\/social-press-ed1827-20170316-5-300x287.jpg 300w\" sizes=\"(max-width: 450px) 100vw, 450px\" \/><br \/>\nForte abra\u00e7o a essas duas figuras ilustres em nossa comunidade, as gauchas Salete Camara e Rosilane Barbosa, sempre presente nos melhores agitos na regi\u00e3o.<\/em><\/strong><\/p>\n<p><strong><em><img loading=\"lazy\" class=\"alignnone size-full wp-image-27788\" src=\"http:\/\/www.brazilianpress.com\/v1\/wp-content\/uploads\/2017\/03\/social-press-ed1827-20170316-6.jpg\" alt=\"social press ed1827 20170316 (6)\" width=\"450\" height=\"338\" srcset=\"https:\/\/www.brazilianpress.com\/v1\/wp-content\/uploads\/2017\/03\/social-press-ed1827-20170316-6.jpg 450w, https:\/\/www.brazilianpress.com\/v1\/wp-content\/uploads\/2017\/03\/social-press-ed1827-20170316-6-300x225.jpg 300w\" sizes=\"(max-width: 450px) 100vw, 450px\" \/><br \/>\nNossa amiga portuguesa Isabel completou 50 anos de muita alegria e sa\u00fade ao lado dos filhos Jessica e David de 7 anos, saboreando as delicias t\u00edpicas do Altas Horas. Congratulations!<\/em><\/strong><\/p>\n<p><strong><em><img loading=\"lazy\" class=\"alignnone size-full wp-image-27789\" src=\"http:\/\/www.brazilianpress.com\/v1\/wp-content\/uploads\/2017\/03\/social-press-ed1827-20170316-7.jpg\" alt=\"social press ed1827 20170316 (7)\" width=\"450\" height=\"367\" srcset=\"https:\/\/www.brazilianpress.com\/v1\/wp-content\/uploads\/2017\/03\/social-press-ed1827-20170316-7.jpg 450w, https:\/\/www.brazilianpress.com\/v1\/wp-content\/uploads\/2017\/03\/social-press-ed1827-20170316-7-300x245.jpg 300w\" sizes=\"(max-width: 450px) 100vw, 450px\" \/><br \/>\nO camarada Walisson Moreira, amante das aventuras radicais e das motocicletas, completou anivers\u00e1rio no fim de semana. Happy Birthday!<\/em><\/strong><\/p>\n<p><strong><em><img loading=\"lazy\" class=\"alignnone size-full wp-image-27790\" src=\"http:\/\/www.brazilianpress.com\/v1\/wp-content\/uploads\/2017\/03\/social-press-ed1827-20170316-8.jpg\" alt=\"social press ed1827 20170316 (8)\" width=\"450\" height=\"463\" srcset=\"https:\/\/www.brazilianpress.com\/v1\/wp-content\/uploads\/2017\/03\/social-press-ed1827-20170316-8.jpg 450w, https:\/\/www.brazilianpress.com\/v1\/wp-content\/uploads\/2017\/03\/social-press-ed1827-20170316-8-292x300.jpg 292w\" sizes=\"(max-width: 450px) 100vw, 450px\" \/><br \/>\nIluminada pelo sol radiante e rodeada pela beleza natural da neve t\u00e3o branquinha, a hairstylist Elisangela Araujo est\u00e1 aproveitando as mudan\u00e7as do clima em alto astral!<\/em><\/strong><\/p>\n","protected":false},"excerpt":{"rendered":"<p>Correia, o cantor Diego Faria e Zezinho Productions est\u00e3o prontos para o show nesta sexta feira 17 de Mar\u00e7o no Delicias de Minas , n\u00e3o percam. Quem comemorou seu niver com familiares e amigos foi nosso o camarada Douglas Melo, Parab\u00e9ns!!!<\/p>\n","protected":false},"author":1,"featured_media":27783,"comment_status":"open","ping_status":"open","sticky":false,"template":"","format":"standard","meta":{"_links_to":"","_links_to_target":""},"categories":[4,1,6],"tags":[],"views":2706,"_links":{"self":[{"href":"https:\/\/www.brazilianpress.com\/v1\/wp-json\/wp\/v2\/posts\/27793"}],"collection":[{"href":"https:\/\/www.brazilianpress.com\/v1\/wp-json\/wp\/v2\/posts"}],"about":[{"href":"https:\/\/www.brazilianpress.com\/v1\/wp-json\/wp\/v2\/types\/post"}],"author":[{"embeddable":true,"href":"https:\/\/www.brazilianpress.com\/v1\/wp-json\/wp\/v2\/users\/1"}],"replies":[{"embeddable":true,"href":"https:\/\/www.brazilianpress.com\/v1\/wp-json\/wp\/v2\/comments?post=27793"}],"version-history":[{"count":1,"href":"https:\/\/www.brazilianpress.com\/v1\/wp-json\/wp\/v2\/posts\/27793\/revisions"}],"predecessor-version":[{"id":27794,"href":"https:\/\/www.brazilianpress.com\/v1\/wp-json\/wp\/v2\/posts\/27793\/revisions\/27794"}],"wp:featuredmedia":[{"embeddable":true,"href":"https:\/\/www.brazilianpress.com\/v1\/wp-json\/wp\/v2\/media\/27783"}],"wp:attachment":[{"href":"https:\/\/www.brazilianpress.com\/v1\/wp-json\/wp\/v2\/media?parent=27793"}],"wp:term":[{"taxonomy":"category","embeddable":true,"href":"https:\/\/www.brazilianpress.com\/v1\/wp-json\/wp\/v2\/categories?post=27793"},{"taxonomy":"post_tag","embeddable":true,"href":"https:\/\/www.brazilianpress.com\/v1\/wp-json\/wp\/v2\/tags?post=27793"}],"curies":[{"name":"wp","href":"https:\/\/api.w.org\/{rel}","templated":true}]}}