{"id":27805,"date":"2017-03-16T10:24:03","date_gmt":"2017-03-16T14:24:03","guid":{"rendered":"http:\/\/www.brazilianpress.com\/v1\/?p=27805"},"modified":"2017-03-24T09:15:59","modified_gmt":"2017-03-24T13:15:59","slug":"agenda-cultural-09032017-by-roger-costa-2","status":"publish","type":"post","link":"https:\/\/www.brazilianpress.com\/v1\/2017\/03\/16\/agenda-cultural-09032017-by-roger-costa-2\/","title":{"rendered":"Agenda Cultural 16\/03\/2017, by Roger Costa"},"content":{"rendered":"<p><img loading=\"lazy\" class=\"alignnone size-full wp-image-27808\" src=\"http:\/\/www.brazilianpress.com\/v1\/wp-content\/uploads\/2017\/03\/agenda-ed1827-20170316-3.jpg\" alt=\"agenda ed1827 20170316 (3)\" width=\"500\" height=\"290\" srcset=\"https:\/\/www.brazilianpress.com\/v1\/wp-content\/uploads\/2017\/03\/agenda-ed1827-20170316-3.jpg 500w, https:\/\/www.brazilianpress.com\/v1\/wp-content\/uploads\/2017\/03\/agenda-ed1827-20170316-3-300x174.jpg 300w\" sizes=\"(max-width: 500px) 100vw, 500px\" \/><br \/>\n*Museu em New York abriga novo trabalho de artista brasileiro&gt; Instala\u00e7\u00e3o em multim\u00eddia e v\u00eddeo, concebida pelo artista brasileiro Jonathas de Andrade, &#8220;O Peixe&#8221; \u00e9 a primeira exibi\u00e7\u00e3o solo do artista no New Museum em Manhattan.<!--more--> Compila\u00e7\u00e3o em s\u00e9rie de vinhetas, o v\u00eddeo mostra de maneira \u00edntima e pessoal os rituais realizados por um grupo de pescadores do nordeste brasileiro. Andrade explora o material alternando express\u00f5es de dom\u00ednio e tristeza com observa\u00e7\u00f5es nos gestos, t\u00e1ticas e manuseios na pescaria, al\u00e9m de adicionar inven\u00e7\u00f5es narrativas. Produzido com o apoio dos Fundos de Incentivo Cultural do Estado do Pernambuco, o trabalho fica a mostra at\u00e9 pr\u00f3ximo dia 9 de abril. INFO: <a href=\"http:\/\/www.newmuseum.org\/exhibitions\/view\/jonathas-de-andrade-o-peixe\">http:\/\/www.newmuseum.org\/exhibitions\/view\/jonathas-de-andrade-o-peixe<\/a><\/p>\n<p><img loading=\"lazy\" class=\"alignnone size-full wp-image-27809\" src=\"http:\/\/www.brazilianpress.com\/v1\/wp-content\/uploads\/2017\/03\/agenda-ed1827-20170316-4.jpg\" alt=\"agenda ed1827 20170316 (4)\" width=\"500\" height=\"292\" srcset=\"https:\/\/www.brazilianpress.com\/v1\/wp-content\/uploads\/2017\/03\/agenda-ed1827-20170316-4.jpg 500w, https:\/\/www.brazilianpress.com\/v1\/wp-content\/uploads\/2017\/03\/agenda-ed1827-20170316-4-300x175.jpg 300w\" sizes=\"(max-width: 500px) 100vw, 500px\" \/><br \/>\n*Pianista consagrado, Leon Gurvitch apresenta noite de cl\u00e1ssicos no Carnegie Hall&gt; Condutor, compositor, pianista e professor da Johannes Brahms Music Conservatory em Hamburgo, Leon possui mais de 300 composi\u00e7\u00f5es, e vem conquistando audi\u00eancias ao redor do mundo com apresenta\u00e7\u00f5es esgotadas na Alemanha, Su\u00ed\u00e7a, It\u00e1lia e B\u00e9lgica. O premiado condutor apresenta-se no Carnegie Hall pela primeira vez trazendo um repert\u00f3rio de cl\u00e1ssicos irresist\u00edveis, incluindo Bach, Gershwin e Piazzolla, al\u00e9m de composi\u00e7\u00f5es autorais de seu piano \u00e1lbum solo Remember Me, influenciados por elementos do cl\u00e1ssico, jazz, world e folcl\u00f3rico. S\u00e1bado \u00e0s 8h00 pm no palco do Weill Recital Hall, Carnegie Hall, 154 West 57th Street. Ingressos $20-$40. INFO: <a href=\"https:\/\/www.carnegiehall.org\/Calendar\/2017\/3\/18\/0800\/PM\/Leon-Gurvitch-Piano\/\">https:\/\/www.carnegiehall.org\/Calendar\/2017\/3\/18\/0800\/PM\/Leon-Gurvitch-Piano\/<\/a><\/p>\n<p><img loading=\"lazy\" class=\"alignnone size-full wp-image-27806\" src=\"http:\/\/www.brazilianpress.com\/v1\/wp-content\/uploads\/2017\/03\/agenda-ed1827-20170316-1.jpg\" alt=\"Nocturnes - Ballett von John Neumeier - THE HAMBURG BALLETT JOHN\" width=\"500\" height=\"334\" srcset=\"https:\/\/www.brazilianpress.com\/v1\/wp-content\/uploads\/2017\/03\/agenda-ed1827-20170316-1.jpg 500w, https:\/\/www.brazilianpress.com\/v1\/wp-content\/uploads\/2017\/03\/agenda-ed1827-20170316-1-300x200.jpg 300w\" sizes=\"(max-width: 500px) 100vw, 500px\" \/><br \/>\n*Aclamado pela inventividade corporal, Hamburg Ballet far\u00e1 aguardado debut no palco do The Joyce&gt; H\u00e1 mais de quatro d\u00e9cadas sendo aclamado internacionalmente pela criatividade inovadora da grandiosa companhia Hamburg Ballet, o diretor art\u00edstico John Neumeier vem expandindo e enriquecendo o cen\u00e1rio do ballet moderno, compondo mais de 150 ballets a cargo de mais de 60 dan\u00e7arinos. A companhia finalmente far\u00e1 sua estreia no palco do The Joyce Theater com a NY Premi\u00e8re do celebrado e recentemente premiado com o Rudolf Nureyev Prize for New Dance &#8220;Old Friends&#8221; um ballet inspirador e suntuoso interpretado por 25 bailarinos em constante movimento, transitando e transmutando entre variados amigos do presente e do passado, bem como lembran\u00e7as de amantes e expectativas de novos amores. O Ballet conta com m\u00fasica de Simon and Garfunkel e Frederic Chopin. De ter\u00e7a, dia 21 a s\u00e1bado dia 25 de mar\u00e7o. Ingressos a partir de $10. Ligue (212) 242-0800 INFO: <a href=\"http:\/\/joyce.org\/field_collection_item\/1081\">http:\/\/joyce.org\/field_collection_item\/1081<\/a><\/p>\n<p><img loading=\"lazy\" class=\"alignnone size-full wp-image-27807\" src=\"http:\/\/www.brazilianpress.com\/v1\/wp-content\/uploads\/2017\/03\/agenda-ed1827-20170316-2.jpg\" alt=\"agenda ed1827 20170316 (2)\" width=\"500\" height=\"378\" srcset=\"https:\/\/www.brazilianpress.com\/v1\/wp-content\/uploads\/2017\/03\/agenda-ed1827-20170316-2.jpg 500w, https:\/\/www.brazilianpress.com\/v1\/wp-content\/uploads\/2017\/03\/agenda-ed1827-20170316-2-300x227.jpg 300w\" sizes=\"(max-width: 500px) 100vw, 500px\" \/><br \/>\n*BAM re\u00fane artistas e ativistas em noite de poesia e discuss\u00f5es sociais&gt; Para abordar temas de rebeli\u00e3o e revolu\u00e7\u00e3o pol\u00edtica com foco em grandes representantes Afro-Americanos, Nativo-Americanos, Imigrantes e trabalhadores que transformaram o pa\u00eds com seus movimentos de uni\u00e3o e protesto, o BAM reunir\u00e1 celebridades em uma noite especial exclusiva. O evento The People Speak tem a presen\u00e7a de nomes ilustres como Staceyann Chin, Maggie Gyllenhaal, Talib Kweli, Aasif Mandvi, Stew e Heidi Rodewald, Peter Sarsgaard, David Strathairn, as atrizes ganhadoras do Oscar, Frances McDormand e Marisa Tomei, al\u00e9m de outras celebridades surpresas, em v\u00e1rios programas de leituras e interpreta\u00e7\u00f5es desenvolvidos com base no trabalho do historiador Howard Zinn (A People&#8217;s History of the United States) falecido em 2010. Ter\u00e7a-feira dia 21, \u00e0s 7h30 pm. Ingressos $20. INFO: <a href=\"www.bam.org\">www.bam.org<\/a>.<\/p>\n","protected":false},"excerpt":{"rendered":"<p>*Museu em New York abriga novo trabalho de artista brasileiro&gt; Instala\u00e7\u00e3o em multim\u00eddia e v\u00eddeo, concebida pelo artista brasileiro Jonathas de Andrade, &#8220;O Peixe&#8221; \u00e9 a primeira exibi\u00e7\u00e3o solo do artista no New Museum em Manhattan.<\/p>\n","protected":false},"author":1,"featured_media":27808,"comment_status":"open","ping_status":"open","sticky":false,"template":"","format":"standard","meta":{"_links_to":"","_links_to_target":""},"categories":[20,4,1],"tags":[],"views":2861,"_links":{"self":[{"href":"https:\/\/www.brazilianpress.com\/v1\/wp-json\/wp\/v2\/posts\/27805"}],"collection":[{"href":"https:\/\/www.brazilianpress.com\/v1\/wp-json\/wp\/v2\/posts"}],"about":[{"href":"https:\/\/www.brazilianpress.com\/v1\/wp-json\/wp\/v2\/types\/post"}],"author":[{"embeddable":true,"href":"https:\/\/www.brazilianpress.com\/v1\/wp-json\/wp\/v2\/users\/1"}],"replies":[{"embeddable":true,"href":"https:\/\/www.brazilianpress.com\/v1\/wp-json\/wp\/v2\/comments?post=27805"}],"version-history":[{"count":2,"href":"https:\/\/www.brazilianpress.com\/v1\/wp-json\/wp\/v2\/posts\/27805\/revisions"}],"predecessor-version":[{"id":27967,"href":"https:\/\/www.brazilianpress.com\/v1\/wp-json\/wp\/v2\/posts\/27805\/revisions\/27967"}],"wp:featuredmedia":[{"embeddable":true,"href":"https:\/\/www.brazilianpress.com\/v1\/wp-json\/wp\/v2\/media\/27808"}],"wp:attachment":[{"href":"https:\/\/www.brazilianpress.com\/v1\/wp-json\/wp\/v2\/media?parent=27805"}],"wp:term":[{"taxonomy":"category","embeddable":true,"href":"https:\/\/www.brazilianpress.com\/v1\/wp-json\/wp\/v2\/categories?post=27805"},{"taxonomy":"post_tag","embeddable":true,"href":"https:\/\/www.brazilianpress.com\/v1\/wp-json\/wp\/v2\/tags?post=27805"}],"curies":[{"name":"wp","href":"https:\/\/api.w.org\/{rel}","templated":true}]}}