{"id":27814,"date":"2017-03-16T10:38:18","date_gmt":"2017-03-16T14:38:18","guid":{"rendered":"http:\/\/www.brazilianpress.com\/v1\/?p=27814"},"modified":"2017-03-23T10:33:30","modified_gmt":"2017-03-23T14:33:30","slug":"ice-ter-daca-nao-protege-contra-a-deportacao","status":"publish","type":"post","link":"https:\/\/www.brazilianpress.com\/v1\/2017\/03\/16\/ice-ter-daca-nao-protege-contra-a-deportacao\/","title":{"rendered":"ICE: Ter DACA n\u00e3o protege contra a deporta\u00e7\u00e3o"},"content":{"rendered":"<p><img loading=\"lazy\" class=\"alignnone size-full wp-image-27815\" src=\"http:\/\/www.brazilianpress.com\/v1\/wp-content\/uploads\/2017\/03\/daca-imigracao.jpg\" alt=\"Vigil Held In South Florida In Favor Of Administrative Relief For Immigrants\" width=\"500\" height=\"333\" srcset=\"https:\/\/www.brazilianpress.com\/v1\/wp-content\/uploads\/2017\/03\/daca-imigracao.jpg 500w, https:\/\/www.brazilianpress.com\/v1\/wp-content\/uploads\/2017\/03\/daca-imigracao-300x200.jpg 300w\" sizes=\"(max-width: 500px) 100vw, 500px\" \/><\/p>\n<p>Os dreamers, aqueles imigrantes indocumentados que ingressaram no pa\u00eds quando crian\u00e7as e que t\u00eam o benef\u00edcio de resid\u00eancia tempor\u00e1ria gra\u00e7as \u00e0 ordem executiva lan\u00e7ada em 2012 pelo presidente Barack Obama, n\u00e3o est\u00e3o livres da deporta\u00e7\u00e3o, informou o ICE .<!--more--><\/p>\n<p>Atrav\u00e9s de sua conta de Twitter, a ag\u00eancia federal informou que o decreto, chamado DACA, \u201cn\u00e3o \u00e9 um status legal protegido, mas as pessoas com DACA s\u00e3o uma prioridade menor na hora de cumprir a lei\u201d.<\/p>\n<p>\u201cA a\u00e7\u00e3o diferida pode ser revogada em qualquer momento, especialmente se algu\u00e9m comete um crime, \u00e9 uma amea\u00e7a \u00e0 seguran\u00e7a nacional ou \u00e0 ordem p\u00fablica\u201d disse o ICE. \u201ca a\u00e7\u00e3o diferida n\u00e3o impede que o DHS execute uma ordem de deporta\u00e7\u00e3o\u201d.<\/p>\n<p>O ICE disse por \u00faltimo que desde o lan\u00e7amento do DACA em 2012, o DHS anulou as a\u00e7\u00f5es diferidas de 1.500 pessoas que se beneficiavam do decreto por \u201ccriminalidade ou afilia\u00e7\u00e3o com as quadrilhas\u201d.<\/p>\n<p>Nas \u00faltimas semanas, v\u00e1rios dreamers que foram detidos por diferentes motivos, entre eles um jovem do Texas supostamente com maconha e outro em Washington com uma tatuagem \u201cde gangues\u201d, estavam para ser deportados.<\/p>\n<p>Uma dreamer argentina foi deportada no Mississippi assim que sua permiss\u00e3o DACA venceu. As autoridades n\u00e3o levaram em conta que ela se encontravam em processo de aprova\u00e7\u00e3o de sua nova aplica\u00e7\u00e3o.<\/p>\n","protected":false},"excerpt":{"rendered":"<p>Os dreamers, aqueles imigrantes indocumentados que ingressaram no pa\u00eds quando crian\u00e7as e que t\u00eam o benef\u00edcio de resid\u00eancia tempor\u00e1ria gra\u00e7as \u00e0 ordem executiva lan\u00e7ada em 2012 pelo presidente Barack Obama, n\u00e3o est\u00e3o livres da deporta\u00e7\u00e3o, informou o ICE .<\/p>\n","protected":false},"author":1,"featured_media":27815,"comment_status":"open","ping_status":"open","sticky":false,"template":"","format":"standard","meta":{"_links_to":"","_links_to_target":""},"categories":[4,1],"tags":[],"views":1887,"_links":{"self":[{"href":"https:\/\/www.brazilianpress.com\/v1\/wp-json\/wp\/v2\/posts\/27814"}],"collection":[{"href":"https:\/\/www.brazilianpress.com\/v1\/wp-json\/wp\/v2\/posts"}],"about":[{"href":"https:\/\/www.brazilianpress.com\/v1\/wp-json\/wp\/v2\/types\/post"}],"author":[{"embeddable":true,"href":"https:\/\/www.brazilianpress.com\/v1\/wp-json\/wp\/v2\/users\/1"}],"replies":[{"embeddable":true,"href":"https:\/\/www.brazilianpress.com\/v1\/wp-json\/wp\/v2\/comments?post=27814"}],"version-history":[{"count":1,"href":"https:\/\/www.brazilianpress.com\/v1\/wp-json\/wp\/v2\/posts\/27814\/revisions"}],"predecessor-version":[{"id":27816,"href":"https:\/\/www.brazilianpress.com\/v1\/wp-json\/wp\/v2\/posts\/27814\/revisions\/27816"}],"wp:featuredmedia":[{"embeddable":true,"href":"https:\/\/www.brazilianpress.com\/v1\/wp-json\/wp\/v2\/media\/27815"}],"wp:attachment":[{"href":"https:\/\/www.brazilianpress.com\/v1\/wp-json\/wp\/v2\/media?parent=27814"}],"wp:term":[{"taxonomy":"category","embeddable":true,"href":"https:\/\/www.brazilianpress.com\/v1\/wp-json\/wp\/v2\/categories?post=27814"},{"taxonomy":"post_tag","embeddable":true,"href":"https:\/\/www.brazilianpress.com\/v1\/wp-json\/wp\/v2\/tags?post=27814"}],"curies":[{"name":"wp","href":"https:\/\/api.w.org\/{rel}","templated":true}]}}