{"id":2793,"date":"2013-09-05T17:27:08","date_gmt":"2013-09-05T21:27:08","guid":{"rendered":"http:\/\/www.brazilianpress.com\/v1\/?p=2793"},"modified":"2013-09-05T17:27:08","modified_gmt":"2013-09-05T21:27:08","slug":"cobertura-exclusiva-show-jorge-aragao-em-new-york","status":"publish","type":"post","link":"https:\/\/www.brazilianpress.com\/v1\/2013\/09\/05\/cobertura-exclusiva-show-jorge-aragao-em-new-york\/","title":{"rendered":"Cobertura exclusiva show Jorge Arag\u00e3o em New York"},"content":{"rendered":"<p><img loading=\"lazy\" class=\"alignnone size-full wp-image-2796\" alt=\"jorge aragao show ny new york (3)\" src=\"http:\/\/www.brazilianpress.com\/v1\/wp-content\/uploads\/2013\/09\/jorge-aragao-show-ny-new-york-3.jpg\" width=\"500\" height=\"333\" srcset=\"https:\/\/www.brazilianpress.com\/v1\/wp-content\/uploads\/2013\/09\/jorge-aragao-show-ny-new-york-3.jpg 500w, https:\/\/www.brazilianpress.com\/v1\/wp-content\/uploads\/2013\/09\/jorge-aragao-show-ny-new-york-3-300x199.jpg 300w\" sizes=\"(max-width: 500px) 100vw, 500px\" \/><\/p>\n<p><b><i>Junior Schutt<\/i><\/b><\/p>\n<p>O consagrado sambista carioca Jorge Arag\u00e3o, autor de v\u00e1rios sucessos nacionais, animou o p\u00fablico com um show deslumbrante e animado nas instala\u00e7\u00f5es do Skirball Center em Manhattan sexta passada, iniciando as celebra\u00e7\u00f5es da Festa Brasileira com os ritmos do samba, chorinhos e can\u00e7\u00f5es inspiradas no romantismo. <!--more--><\/p>\n<p>Ao lado de 6 excelentes m\u00fasicos, Jorge mostrou toda a energia do ritmo brasileiro mais popular e mais venerado pelos brasileiros. O Brazilian Press esteve l\u00e1 e clicou a anima\u00e7\u00e3o da galera. Visite nosso site <a href=\"http:\/\/www.brazilianpress.com\">www.brazilianpress.com<\/a> e confira as fotos exclusivas. Clique \u201clike\u201d em nossa p\u00e1gina oficial no Facebook!<\/p>\n<p><img loading=\"lazy\" class=\"alignnone size-full wp-image-2795\" alt=\"jorge aragao show ny new york (2)\" src=\"http:\/\/www.brazilianpress.com\/v1\/wp-content\/uploads\/2013\/09\/jorge-aragao-show-ny-new-york-2.jpg\" width=\"500\" height=\"333\" srcset=\"https:\/\/www.brazilianpress.com\/v1\/wp-content\/uploads\/2013\/09\/jorge-aragao-show-ny-new-york-2.jpg 500w, https:\/\/www.brazilianpress.com\/v1\/wp-content\/uploads\/2013\/09\/jorge-aragao-show-ny-new-york-2-300x199.jpg 300w\" sizes=\"(max-width: 500px) 100vw, 500px\" \/><\/p>\n<p><img loading=\"lazy\" class=\"alignnone size-full wp-image-2794\" alt=\"jorge aragao show ny new york (1)\" src=\"http:\/\/www.brazilianpress.com\/v1\/wp-content\/uploads\/2013\/09\/jorge-aragao-show-ny-new-york-1.jpg\" width=\"500\" height=\"333\" srcset=\"https:\/\/www.brazilianpress.com\/v1\/wp-content\/uploads\/2013\/09\/jorge-aragao-show-ny-new-york-1.jpg 500w, https:\/\/www.brazilianpress.com\/v1\/wp-content\/uploads\/2013\/09\/jorge-aragao-show-ny-new-york-1-300x199.jpg 300w\" sizes=\"(max-width: 500px) 100vw, 500px\" \/><\/p>\n","protected":false},"excerpt":{"rendered":"<p>Junior Schutt O consagrado sambista carioca Jorge Arag\u00e3o, autor de v\u00e1rios sucessos nacionais, animou o p\u00fablico com um show deslumbrante e animado nas instala\u00e7\u00f5es do Skirball Center em Manhattan sexta passada, iniciando as celebra\u00e7\u00f5es da Festa Brasileira com os ritmos do samba, chorinhos e can\u00e7\u00f5es inspiradas no romantismo.<\/p>\n","protected":false},"author":1,"featured_media":2796,"comment_status":"open","ping_status":"open","sticky":false,"template":"","format":"standard","meta":{"_links_to":"","_links_to_target":""},"categories":[4,1],"tags":[],"views":2477,"_links":{"self":[{"href":"https:\/\/www.brazilianpress.com\/v1\/wp-json\/wp\/v2\/posts\/2793"}],"collection":[{"href":"https:\/\/www.brazilianpress.com\/v1\/wp-json\/wp\/v2\/posts"}],"about":[{"href":"https:\/\/www.brazilianpress.com\/v1\/wp-json\/wp\/v2\/types\/post"}],"author":[{"embeddable":true,"href":"https:\/\/www.brazilianpress.com\/v1\/wp-json\/wp\/v2\/users\/1"}],"replies":[{"embeddable":true,"href":"https:\/\/www.brazilianpress.com\/v1\/wp-json\/wp\/v2\/comments?post=2793"}],"version-history":[{"count":1,"href":"https:\/\/www.brazilianpress.com\/v1\/wp-json\/wp\/v2\/posts\/2793\/revisions"}],"predecessor-version":[{"id":2797,"href":"https:\/\/www.brazilianpress.com\/v1\/wp-json\/wp\/v2\/posts\/2793\/revisions\/2797"}],"wp:featuredmedia":[{"embeddable":true,"href":"https:\/\/www.brazilianpress.com\/v1\/wp-json\/wp\/v2\/media\/2796"}],"wp:attachment":[{"href":"https:\/\/www.brazilianpress.com\/v1\/wp-json\/wp\/v2\/media?parent=2793"}],"wp:term":[{"taxonomy":"category","embeddable":true,"href":"https:\/\/www.brazilianpress.com\/v1\/wp-json\/wp\/v2\/categories?post=2793"},{"taxonomy":"post_tag","embeddable":true,"href":"https:\/\/www.brazilianpress.com\/v1\/wp-json\/wp\/v2\/tags?post=2793"}],"curies":[{"name":"wp","href":"https:\/\/api.w.org\/{rel}","templated":true}]}}