{"id":2805,"date":"2013-09-05T17:34:39","date_gmt":"2013-09-05T21:34:39","guid":{"rendered":"http:\/\/www.brazilianpress.com\/v1\/?p=2805"},"modified":"2013-09-05T17:34:39","modified_gmt":"2013-09-05T21:34:39","slug":"em-brick-homem-e-preso-apos-agredir-vizinho-com-espada-samurai","status":"publish","type":"post","link":"https:\/\/www.brazilianpress.com\/v1\/2013\/09\/05\/em-brick-homem-e-preso-apos-agredir-vizinho-com-espada-samurai\/","title":{"rendered":"Em Brick homem \u00e9 preso ap\u00f3s agredir vizinho com espada samurai"},"content":{"rendered":"<p><b><i><img loading=\"lazy\" class=\"alignright size-medium wp-image-2806\" alt=\"katana\" src=\"http:\/\/www.brazilianpress.com\/v1\/wp-content\/uploads\/2013\/09\/katana-300x200.jpg\" width=\"300\" height=\"200\" srcset=\"https:\/\/www.brazilianpress.com\/v1\/wp-content\/uploads\/2013\/09\/katana-300x200.jpg 300w, https:\/\/www.brazilianpress.com\/v1\/wp-content\/uploads\/2013\/09\/katana.jpg 500w\" sizes=\"(max-width: 300px) 100vw, 300px\" \/>Roger Costa<\/i><\/b>&#8211; Cada criminoso com suas manias. E cada um deles, com suas armas de ataque preferidas. Policiais em Brick, NJ, prenderam um homem de 35 anos, acusado de usar uma espada de Samurai para amea\u00e7ar seu vizinho, que havia acionado o Departamento de Pol\u00edcia um dia anterior ao atentado, para reclamar do odor de fezes e urina que vinha do apartamento do acusado.<!--more--><\/p>\n<p>De acordo com o Capit\u00e3o Robert Mazza, detetives fizeram uma busca no apartamento de John Jandola, localizado no Finchley Drive, na tarde de domingo passado, depois de receberam o chamado do vizinho n\u00e3o identificado. Oficiais conseguiram convencer Jandola, que vive com um c\u00e3o, a limpar o apartamento, e remover a sujeira deixada pelo animal. No entanto, no dia seguinte, o vizinho acionou a pol\u00edcia mais uma vez, dizendo que nada fora feito para eliminar o odor. Jandola ent\u00e3o bateu \u00e0 porta do vizinho carregando a espada e o amea\u00e7ou encostando-a a seu pesco\u00e7o e ao de sua esposa. Mazza divulgou que Jandola agrediu o vizinho, empurrando-o, causando-lhe alguns hematomas. Oficiais recolheram a arma e prenderam Jandola, acusando-o de agress\u00e3o, amea\u00e7a \u00e0 m\u00e3o armada, posse de uma arma com inten\u00e7\u00f5es ilegais, e amea\u00e7a terrorista. Ele encontra-se encarcerado sob fian\u00e7a de $30.000 d\u00f3lares.<\/p>\n","protected":false},"excerpt":{"rendered":"<p>Roger Costa&#8211; Cada criminoso com suas manias. E cada um deles, com suas armas de ataque preferidas. Policiais em Brick, NJ, prenderam um homem de 35 anos, acusado de usar uma espada de Samurai para amea\u00e7ar seu vizinho, que havia acionado o Departamento de Pol\u00edcia um dia anterior ao atentado, para reclamar do odor de fezes e urina que vinha do apartamento do acusado.<\/p>\n","protected":false},"author":1,"featured_media":2806,"comment_status":"open","ping_status":"open","sticky":false,"template":"","format":"standard","meta":{"_links_to":"","_links_to_target":""},"categories":[4,1],"tags":[],"views":2939,"_links":{"self":[{"href":"https:\/\/www.brazilianpress.com\/v1\/wp-json\/wp\/v2\/posts\/2805"}],"collection":[{"href":"https:\/\/www.brazilianpress.com\/v1\/wp-json\/wp\/v2\/posts"}],"about":[{"href":"https:\/\/www.brazilianpress.com\/v1\/wp-json\/wp\/v2\/types\/post"}],"author":[{"embeddable":true,"href":"https:\/\/www.brazilianpress.com\/v1\/wp-json\/wp\/v2\/users\/1"}],"replies":[{"embeddable":true,"href":"https:\/\/www.brazilianpress.com\/v1\/wp-json\/wp\/v2\/comments?post=2805"}],"version-history":[{"count":1,"href":"https:\/\/www.brazilianpress.com\/v1\/wp-json\/wp\/v2\/posts\/2805\/revisions"}],"predecessor-version":[{"id":2807,"href":"https:\/\/www.brazilianpress.com\/v1\/wp-json\/wp\/v2\/posts\/2805\/revisions\/2807"}],"wp:featuredmedia":[{"embeddable":true,"href":"https:\/\/www.brazilianpress.com\/v1\/wp-json\/wp\/v2\/media\/2806"}],"wp:attachment":[{"href":"https:\/\/www.brazilianpress.com\/v1\/wp-json\/wp\/v2\/media?parent=2805"}],"wp:term":[{"taxonomy":"category","embeddable":true,"href":"https:\/\/www.brazilianpress.com\/v1\/wp-json\/wp\/v2\/categories?post=2805"},{"taxonomy":"post_tag","embeddable":true,"href":"https:\/\/www.brazilianpress.com\/v1\/wp-json\/wp\/v2\/tags?post=2805"}],"curies":[{"name":"wp","href":"https:\/\/api.w.org\/{rel}","templated":true}]}}