{"id":2822,"date":"2013-09-12T10:12:56","date_gmt":"2013-09-12T14:12:56","guid":{"rendered":"http:\/\/www.brazilianpress.com\/v1\/?p=2822"},"modified":"2013-09-19T09:28:34","modified_gmt":"2013-09-19T13:28:34","slug":"social-press-12092013","status":"publish","type":"post","link":"https:\/\/www.brazilianpress.com\/v1\/2013\/09\/12\/social-press-12092013\/","title":{"rendered":"Social Press . 12\/09\/2013"},"content":{"rendered":"<p><strong><em><img loading=\"lazy\" class=\"alignnone size-full wp-image-2818\" alt=\"social press 1644 20130912 (2)\" src=\"http:\/\/www.brazilianpress.com\/v1\/wp-content\/uploads\/2013\/09\/social-press-1644-20130912-2.jpg\" width=\"450\" height=\"300\" srcset=\"https:\/\/www.brazilianpress.com\/v1\/wp-content\/uploads\/2013\/09\/social-press-1644-20130912-2.jpg 450w, https:\/\/www.brazilianpress.com\/v1\/wp-content\/uploads\/2013\/09\/social-press-1644-20130912-2-300x200.jpg 300w\" sizes=\"(max-width: 450px) 100vw, 450px\" \/><br \/>\nOs cariocas Eduardo e Maria Helena, \u00e1 direita, estiveram a passeio em Newark, e reuniram os amigos Paulo e Marina, Jana, J\u00e9ssica e Marcela, para um delicioso jantar no Boi na Brasa.<\/em><\/strong><\/p>\n<p><strong><em><img loading=\"lazy\" class=\"alignnone size-full wp-image-2817\" alt=\"social press 1644 20130912 (1)\" src=\"http:\/\/www.brazilianpress.com\/v1\/wp-content\/uploads\/2013\/09\/social-press-1644-20130912-1.jpg\" width=\"450\" height=\"254\" srcset=\"https:\/\/www.brazilianpress.com\/v1\/wp-content\/uploads\/2013\/09\/social-press-1644-20130912-1.jpg 450w, https:\/\/www.brazilianpress.com\/v1\/wp-content\/uploads\/2013\/09\/social-press-1644-20130912-1-300x169.jpg 300w\" sizes=\"(max-width: 450px) 100vw, 450px\" \/><br \/>\nNosso amigo J\u00fanior, celebrou o Brazilian Day em Newark ao lado da turma super animada!<\/em><\/strong><\/p>\n<p><strong><em><img loading=\"lazy\" class=\"alignnone size-full wp-image-2828\" alt=\"social press 1644 20130912 (11)\" src=\"http:\/\/www.brazilianpress.com\/v1\/wp-content\/uploads\/2013\/09\/social-press-1644-20130912-11.jpg\" width=\"450\" height=\"254\" srcset=\"https:\/\/www.brazilianpress.com\/v1\/wp-content\/uploads\/2013\/09\/social-press-1644-20130912-11.jpg 450w, https:\/\/www.brazilianpress.com\/v1\/wp-content\/uploads\/2013\/09\/social-press-1644-20130912-11-300x169.jpg 300w\" sizes=\"(max-width: 450px) 100vw, 450px\" \/><br \/>\nLamark, o casal Viviane e Alan Bruno e Rafael Soares, conferindo o agito na Esquina da Alegria do Grupo Casa Nova, durante o Brazilian Day Newark.<!--more--><\/em><\/strong><\/p>\n<p><strong><em><img loading=\"lazy\" class=\"alignnone size-full wp-image-2829\" alt=\"social press 1644 20130912 (12)\" src=\"http:\/\/www.brazilianpress.com\/v1\/wp-content\/uploads\/2013\/09\/social-press-1644-20130912-12.jpg\" width=\"450\" height=\"300\" srcset=\"https:\/\/www.brazilianpress.com\/v1\/wp-content\/uploads\/2013\/09\/social-press-1644-20130912-12.jpg 450w, https:\/\/www.brazilianpress.com\/v1\/wp-content\/uploads\/2013\/09\/social-press-1644-20130912-12-300x200.jpg 300w\" sizes=\"(max-width: 450px) 100vw, 450px\" \/><br \/>\nForte Abra\u00e7o ao camarada Maninho e \u00e0 essa linda fam\u00edlia, celebrando a uni\u00e3o e a amizade.<\/em><\/strong><\/p>\n<p><strong><em><img loading=\"lazy\" class=\"alignnone size-full wp-image-2830\" alt=\"social press 1644 20130912 (13)\" src=\"http:\/\/www.brazilianpress.com\/v1\/wp-content\/uploads\/2013\/09\/social-press-1644-20130912-13.jpg\" width=\"450\" height=\"300\" srcset=\"https:\/\/www.brazilianpress.com\/v1\/wp-content\/uploads\/2013\/09\/social-press-1644-20130912-13.jpg 450w, https:\/\/www.brazilianpress.com\/v1\/wp-content\/uploads\/2013\/09\/social-press-1644-20130912-13-300x200.jpg 300w\" sizes=\"(max-width: 450px) 100vw, 450px\" \/><br \/>\nAmanh\u00e3 \u00e9 sexta-feira e a noite mais chique da cidade \u00e9 no Casa Nova Grill. Chega L\u00e1!!!<\/em><\/strong><\/p>\n<p><strong><em><img loading=\"lazy\" class=\"alignnone size-full wp-image-2831\" alt=\"social press 1644 20130912 (14)\" src=\"http:\/\/www.brazilianpress.com\/v1\/wp-content\/uploads\/2013\/09\/social-press-1644-20130912-14.jpg\" width=\"450\" height=\"254\" srcset=\"https:\/\/www.brazilianpress.com\/v1\/wp-content\/uploads\/2013\/09\/social-press-1644-20130912-14.jpg 450w, https:\/\/www.brazilianpress.com\/v1\/wp-content\/uploads\/2013\/09\/social-press-1644-20130912-14-300x169.jpg 300w\" sizes=\"(max-width: 450px) 100vw, 450px\" \/><br \/>\nMarina Chagas foi conferir o show de Alex Cohen, ao lado de amigos no palco principal do Brazilian Day Newark, domingo passado.<\/em><\/strong><\/p>\n<p><strong><em><img loading=\"lazy\" class=\"alignnone size-full wp-image-2832\" alt=\"social press 1644 20130912 (15)\" src=\"http:\/\/www.brazilianpress.com\/v1\/wp-content\/uploads\/2013\/09\/social-press-1644-20130912-15.jpg\" width=\"450\" height=\"300\" srcset=\"https:\/\/www.brazilianpress.com\/v1\/wp-content\/uploads\/2013\/09\/social-press-1644-20130912-15.jpg 450w, https:\/\/www.brazilianpress.com\/v1\/wp-content\/uploads\/2013\/09\/social-press-1644-20130912-15-300x200.jpg 300w\" sizes=\"(max-width: 450px) 100vw, 450px\" \/><br \/>\nPatricia Silva e a linda filhota Jeniffer, saboreando as del\u00edcias do Altas Horas Lanches, aberto 24 horas!<\/em><\/strong><\/p>\n<p><strong><em><img loading=\"lazy\" class=\"alignnone size-full wp-image-2833\" alt=\"social press 1644 20130912 (16)\" src=\"http:\/\/www.brazilianpress.com\/v1\/wp-content\/uploads\/2013\/09\/social-press-1644-20130912-16.jpg\" width=\"450\" height=\"300\" srcset=\"https:\/\/www.brazilianpress.com\/v1\/wp-content\/uploads\/2013\/09\/social-press-1644-20130912-16.jpg 450w, https:\/\/www.brazilianpress.com\/v1\/wp-content\/uploads\/2013\/09\/social-press-1644-20130912-16-300x200.jpg 300w\" sizes=\"(max-width: 450px) 100vw, 450px\" \/><br \/>\nHappy Birthday ao Adilson Silva, celebrando ao lado de amigos e do casal Robson e Maria Jos\u00e9 no Casa Nova Grill!<\/em><\/strong><\/p>\n<p><strong><em><img loading=\"lazy\" class=\"alignnone size-full wp-image-2834\" alt=\"social press 1644 20130912 (17)\" src=\"http:\/\/www.brazilianpress.com\/v1\/wp-content\/uploads\/2013\/09\/social-press-1644-20130912-17.jpg\" width=\"450\" height=\"300\" srcset=\"https:\/\/www.brazilianpress.com\/v1\/wp-content\/uploads\/2013\/09\/social-press-1644-20130912-17.jpg 450w, https:\/\/www.brazilianpress.com\/v1\/wp-content\/uploads\/2013\/09\/social-press-1644-20130912-17-300x200.jpg 300w\" sizes=\"(max-width: 450px) 100vw, 450px\" \/><br \/>\nNossos votos de Muitas Felicidades aos aniversariantes da semana, Ana Paula, com sua caipirinha preferida e o camarada Tee Camargo com tattoo.<\/em><\/strong><\/p>\n<p><strong><em><img loading=\"lazy\" class=\"alignnone size-full wp-image-2835\" alt=\"social press 1644 20130912 (18)\" src=\"http:\/\/www.brazilianpress.com\/v1\/wp-content\/uploads\/2013\/09\/social-press-1644-20130912-18.jpg\" width=\"450\" height=\"300\" srcset=\"https:\/\/www.brazilianpress.com\/v1\/wp-content\/uploads\/2013\/09\/social-press-1644-20130912-18.jpg 450w, https:\/\/www.brazilianpress.com\/v1\/wp-content\/uploads\/2013\/09\/social-press-1644-20130912-18-300x200.jpg 300w\" sizes=\"(max-width: 450px) 100vw, 450px\" \/><br \/>\nQuem completou mais uma Primavera foi a bela barmaid Leide, celebrando a festa ao som da Banda Mistura Fina, sexta passada no Boi na Brasa Grill.<\/em><\/strong><\/p>\n<p><strong><em><img loading=\"lazy\" class=\"alignnone size-full wp-image-2819\" alt=\"social press 1644 20130912 (3)\" src=\"http:\/\/www.brazilianpress.com\/v1\/wp-content\/uploads\/2013\/09\/social-press-1644-20130912-3.jpg\" width=\"450\" height=\"300\" srcset=\"https:\/\/www.brazilianpress.com\/v1\/wp-content\/uploads\/2013\/09\/social-press-1644-20130912-3.jpg 450w, https:\/\/www.brazilianpress.com\/v1\/wp-content\/uploads\/2013\/09\/social-press-1644-20130912-3-300x200.jpg 300w\" sizes=\"(max-width: 450px) 100vw, 450px\" \/><br \/>\nA fot\u00f3grafa Vera Reis, pousou ao lado de William Ara\u00fajo, o candidato Luso-Brasileiro a Governador de New Jersey. Para saber mais visite <a href=\"http:\/\/www.araujoforgovernor.com\">www.araujoforgovernor.com<\/a>.<\/em><\/strong><\/p>\n<p><strong><em><img loading=\"lazy\" class=\"alignnone size-full wp-image-2820\" alt=\"social press 1644 20130912 (4)\" src=\"http:\/\/www.brazilianpress.com\/v1\/wp-content\/uploads\/2013\/09\/social-press-1644-20130912-4.jpg\" width=\"450\" height=\"300\" srcset=\"https:\/\/www.brazilianpress.com\/v1\/wp-content\/uploads\/2013\/09\/social-press-1644-20130912-4.jpg 450w, https:\/\/www.brazilianpress.com\/v1\/wp-content\/uploads\/2013\/09\/social-press-1644-20130912-4-300x200.jpg 300w\" sizes=\"(max-width: 450px) 100vw, 450px\" \/><br \/>\nSauda\u00e7\u00f5es a essa duas figuras fant\u00e1sticas e profissionais Nota 10: O m\u00fasico Mattheus, do Instituto Paganini, e a cantora Joanna Nova York, sempre arrasando!<\/em><\/strong><\/p>\n<p><strong><em><img loading=\"lazy\" class=\"alignnone size-full wp-image-2821\" alt=\"social press 1644 20130912 (5)\" src=\"http:\/\/www.brazilianpress.com\/v1\/wp-content\/uploads\/2013\/09\/social-press-1644-20130912-5.jpg\" width=\"400\" height=\"400\" srcset=\"https:\/\/www.brazilianpress.com\/v1\/wp-content\/uploads\/2013\/09\/social-press-1644-20130912-5.jpg 400w, https:\/\/www.brazilianpress.com\/v1\/wp-content\/uploads\/2013\/09\/social-press-1644-20130912-5-150x150.jpg 150w, https:\/\/www.brazilianpress.com\/v1\/wp-content\/uploads\/2013\/09\/social-press-1644-20130912-5-300x300.jpg 300w\" sizes=\"(max-width: 400px) 100vw, 400px\" \/><br \/>\nCom certeza essa equipe: Junior, Maria Paula e Carlos Zatta, destacaram-se como os Melhores Bartenders do Brazilian Day Newark. Sucesso Total!<\/em><\/strong><\/p>\n<p><strong><em><img loading=\"lazy\" class=\"alignnone size-full wp-image-2823\" alt=\"social press 1644 20130912 (6)\" src=\"http:\/\/www.brazilianpress.com\/v1\/wp-content\/uploads\/2013\/09\/social-press-1644-20130912-6.jpg\" width=\"450\" height=\"300\" srcset=\"https:\/\/www.brazilianpress.com\/v1\/wp-content\/uploads\/2013\/09\/social-press-1644-20130912-6.jpg 450w, https:\/\/www.brazilianpress.com\/v1\/wp-content\/uploads\/2013\/09\/social-press-1644-20130912-6-300x200.jpg 300w\" sizes=\"(max-width: 450px) 100vw, 450px\" \/><br \/>\nEstas lindas crian\u00e7as participaram da Cerim\u00f4nia de Hasteamento da Bandeira Brasileira no City Hall em Newark, quinta passada. Visite nosso site para cobertura completa de fotos!<\/em><\/strong><\/p>\n<p><strong><em><img loading=\"lazy\" class=\"alignnone size-full wp-image-2824\" alt=\"social press 1644 20130912 (7)\" src=\"http:\/\/www.brazilianpress.com\/v1\/wp-content\/uploads\/2013\/09\/social-press-1644-20130912-7.jpg\" width=\"450\" height=\"338\" srcset=\"https:\/\/www.brazilianpress.com\/v1\/wp-content\/uploads\/2013\/09\/social-press-1644-20130912-7.jpg 450w, https:\/\/www.brazilianpress.com\/v1\/wp-content\/uploads\/2013\/09\/social-press-1644-20130912-7-300x225.jpg 300w\" sizes=\"(max-width: 450px) 100vw, 450px\" \/><br \/>\nNosso amigo Paresh \u201cDunkin\u201d Patel, foi conferir a beleza da Mulher Brasileira no Brazilian Day Newark. Nossos parab\u00e9ns a Jos\u00e9 Moreira e todos os realizadores desta Grande Festa!<\/em><\/strong><\/p>\n<p><strong><em><img loading=\"lazy\" class=\"alignnone size-full wp-image-2825\" alt=\"social press 1644 20130912 (8)\" src=\"http:\/\/www.brazilianpress.com\/v1\/wp-content\/uploads\/2013\/09\/social-press-1644-20130912-8.jpg\" width=\"450\" height=\"254\" srcset=\"https:\/\/www.brazilianpress.com\/v1\/wp-content\/uploads\/2013\/09\/social-press-1644-20130912-8.jpg 450w, https:\/\/www.brazilianpress.com\/v1\/wp-content\/uploads\/2013\/09\/social-press-1644-20130912-8-300x169.jpg 300w\" sizes=\"(max-width: 450px) 100vw, 450px\" \/><br \/>\nBartender For A Night: Abra\u00e7\u00e3o a essa dupla presente na Barraca do Casa Nova, onde este colunista, Junior Schutt, estava servindo a Galera com excelentes drinks.<\/em><\/strong><\/p>\n<p><strong><em><img loading=\"lazy\" class=\"alignnone size-full wp-image-2826\" alt=\"social press 1644 20130912 (9)\" src=\"http:\/\/www.brazilianpress.com\/v1\/wp-content\/uploads\/2013\/09\/social-press-1644-20130912-9.jpg\" width=\"450\" height=\"300\" srcset=\"https:\/\/www.brazilianpress.com\/v1\/wp-content\/uploads\/2013\/09\/social-press-1644-20130912-9.jpg 450w, https:\/\/www.brazilianpress.com\/v1\/wp-content\/uploads\/2013\/09\/social-press-1644-20130912-9-300x200.jpg 300w\" sizes=\"(max-width: 450px) 100vw, 450px\" \/><br \/>\nToda sexta-feira o animador Rodrigo Costa comanda o Karaok\u00ea do Cacha\u00e7aria animando a Galera! Fa\u00e7a uma Visita!<\/em><\/strong><\/p>\n<p><strong><em><img loading=\"lazy\" class=\"alignnone size-full wp-image-2827\" alt=\"social press 1644 20130912 (10)\" src=\"http:\/\/www.brazilianpress.com\/v1\/wp-content\/uploads\/2013\/09\/social-press-1644-20130912-10.jpg\" width=\"450\" height=\"300\" srcset=\"https:\/\/www.brazilianpress.com\/v1\/wp-content\/uploads\/2013\/09\/social-press-1644-20130912-10.jpg 450w, https:\/\/www.brazilianpress.com\/v1\/wp-content\/uploads\/2013\/09\/social-press-1644-20130912-10-300x200.jpg 300w\" sizes=\"(max-width: 450px) 100vw, 450px\" \/><br \/>\nSeja bem vinda Am\u00e1lia querida, obrigada por partilhar seu anivers\u00e1rio conosco.<\/em><\/strong><\/p>\n","protected":false},"excerpt":{"rendered":"<p>Os cariocas Eduardo e Maria Helena, \u00e1 direita, estiveram a passeio em Newark, e reuniram os amigos Paulo e Marina, Jana, J\u00e9ssica e Marcela, para um delicioso jantar no Boi na Brasa. Nosso amigo J\u00fanior, celebrou o Brazilian Day em Newark ao lado da turma super animada! Lamark, o casal Viviane e Alan Bruno e Rafael Soares, conferindo o agito na Esquina da Alegria do Grupo Casa Nova, durante o Brazilian Day Newark.<\/p>\n","protected":false},"author":1,"featured_media":2818,"comment_status":"open","ping_status":"open","sticky":false,"template":"","format":"standard","meta":{"_links_to":"","_links_to_target":""},"categories":[1,6],"tags":[],"views":3537,"_links":{"self":[{"href":"https:\/\/www.brazilianpress.com\/v1\/wp-json\/wp\/v2\/posts\/2822"}],"collection":[{"href":"https:\/\/www.brazilianpress.com\/v1\/wp-json\/wp\/v2\/posts"}],"about":[{"href":"https:\/\/www.brazilianpress.com\/v1\/wp-json\/wp\/v2\/types\/post"}],"author":[{"embeddable":true,"href":"https:\/\/www.brazilianpress.com\/v1\/wp-json\/wp\/v2\/users\/1"}],"replies":[{"embeddable":true,"href":"https:\/\/www.brazilianpress.com\/v1\/wp-json\/wp\/v2\/comments?post=2822"}],"version-history":[{"count":3,"href":"https:\/\/www.brazilianpress.com\/v1\/wp-json\/wp\/v2\/posts\/2822\/revisions"}],"predecessor-version":[{"id":2838,"href":"https:\/\/www.brazilianpress.com\/v1\/wp-json\/wp\/v2\/posts\/2822\/revisions\/2838"}],"wp:featuredmedia":[{"embeddable":true,"href":"https:\/\/www.brazilianpress.com\/v1\/wp-json\/wp\/v2\/media\/2818"}],"wp:attachment":[{"href":"https:\/\/www.brazilianpress.com\/v1\/wp-json\/wp\/v2\/media?parent=2822"}],"wp:term":[{"taxonomy":"category","embeddable":true,"href":"https:\/\/www.brazilianpress.com\/v1\/wp-json\/wp\/v2\/categories?post=2822"},{"taxonomy":"post_tag","embeddable":true,"href":"https:\/\/www.brazilianpress.com\/v1\/wp-json\/wp\/v2\/tags?post=2822"}],"curies":[{"name":"wp","href":"https:\/\/api.w.org\/{rel}","templated":true}]}}