{"id":2841,"date":"2013-09-12T10:23:08","date_gmt":"2013-09-12T14:23:08","guid":{"rendered":"http:\/\/www.brazilianpress.com\/v1\/?p=2841"},"modified":"2013-09-12T10:23:08","modified_gmt":"2013-09-12T14:23:08","slug":"lea-campos-seria-um-novo-colina","status":"publish","type":"post","link":"https:\/\/www.brazilianpress.com\/v1\/2013\/09\/12\/lea-campos-seria-um-novo-colina\/","title":{"rendered":"L\u00e9a Campos: Seria um novo Colina?"},"content":{"rendered":"<p><img class=\"alignnone size-full wp-image-2842\" alt=\"protestos brasil\" src=\"http:\/\/www.brazilianpress.com\/v1\/wp-content\/uploads\/2013\/09\/protestos-brasil.jpg\" width=\"500\" srcset=\"https:\/\/www.brazilianpress.com\/v1\/wp-content\/uploads\/2013\/09\/protestos-brasil.jpg 640w, https:\/\/www.brazilianpress.com\/v1\/wp-content\/uploads\/2013\/09\/protestos-brasil-300x168.jpg 300w\" sizes=\"(max-width: 640px) 100vw, 640px\" \/><\/p>\n<p>De 1960 a 1980 vivemos sob as\u00a0assustadoras a\u00e7\u00f5es\u00a0da COLINA, um agrupamento de desocupados, falsos intelectuais, chefiados nada menos do que pela atual mandat\u00e1ria do pa\u00eds.<\/p>\n<p>Agiam como v\u00e2ndalos, destruindo bens p\u00fablicos, assaltando bancos, casas particulares, roubando armas do pr\u00f3prio ex\u00e9rcito brasileiro, sequestrando e matando em nome de uma ideologia apregoada por eles como redemocratiza\u00e7\u00e3o do Brasil.<\/p>\n<p>Na verdade, o grupo que foi treinado pela guerrilha do Araguaia e por Cuba, o que desejava era impor o comunismo no pa\u00eds.<!--more--><\/p>\n<p>Hoje estamos presenciando um grupo sob o nome de Black Bloc, que \u00a0tem em sua organiza\u00e7\u00e3o uma esp\u00e9cie de ordem contra a paz e \u00a0com total apoio \u00e0 viol\u00eancia, al\u00e9m da desordem e do vandalismo como formas de manifesta\u00e7\u00e3o.<\/p>\n<p>\u00c9 um grupo de radicais que se manifesta contra qualquer tipo de organiza\u00e7\u00e3o social, usando a doutrina do anarquismo como lema.<\/p>\n<p>\u00c9 uma quadrilha e como tal deve ser tratada, n\u00e3o como a trata os membros da quadrilha do mensal\u00e3o<\/p>\n<p>Quando uma celebridade ap\u00f3ia publicamente o grupo Black Bloc, como fez Caetano Veloso, \u00e9 o mesmo que dirigir na contram\u00e3o.<\/p>\n<p>Sabemos das prefer\u00eancias pol\u00edticas de Caetano, mas a meu ver ele n\u00e3o tem o direito de apoiar a viol\u00eancia, tapando a\u00a0cabe\u00e7a como eles.<\/p>\n<p>O 7 de setembro, foi marcado pela presen\u00e7a desses v\u00e2ndalos que se infiltraram nas manifesta\u00e7\u00f5es que foram feitas ao longo do pa\u00eds, principalmente nas capitais, obrigando a pol\u00edcia a usar g\u00e1s\u00a0de efeito moral\u00a0e spray de pimenta, ocasionando ferimentos em muitas pessoas que ali estavam para demonstrar seu rep\u00fadio a uma gama de desmandos do governo.<\/p>\n<p>Permitir este tipo de radicalismo \u00e9 colocar a democracia em risco, pois \u00a0n\u00e3o sabemos quem \u00e9 o cabe\u00e7a desses vagabundos, e qual o objetivo do grupo, creio que est\u00e1 na hora da Pol\u00edcia Federal entrar em campo e colocar esses indiv\u00edduos na pris\u00e3o.<\/p>\n<p>Devem ser tratados como inimigos da democracia e como terroristas, pois um grupo que se forma com o \u00fanico intuito de vandalizar e impedir o direito do cidad\u00e3o de ir e vir,\u00a0n\u00e3o pode e n\u00e3o deve receber a complac\u00eancia da pol\u00edcia e do governo.<\/p>\n<p>Estas pessoas que se escondem sob uma m\u00e1scara, n\u00e3o merecem nem mesmo ser identificadas, t\u00eam que ser presas como subversivas .<\/p>\n<p>Vamos colocar o Brasil em ordem eliminando todas estas ervas malignas come\u00e7ando pelo governo, chega de manipula\u00e7\u00e3o.<\/p>\n<p>&nbsp;<\/p>\n<p><strong>Informar \u00e9 um privil\u00e9gio, informar corretamente uma obriga\u00e7\u00e3o.<\/strong><\/p>\n<p><b>www.cronicasdeleacampos.blogspot.com<\/b><\/p>\n","protected":false},"excerpt":{"rendered":"<p>De 1960 a 1980 vivemos sob as\u00a0assustadoras a\u00e7\u00f5es\u00a0da COLINA, um agrupamento de desocupados, falsos intelectuais, chefiados nada menos do que pela atual mandat\u00e1ria do pa\u00eds. Agiam como v\u00e2ndalos, destruindo bens p\u00fablicos, assaltando bancos, casas particulares, roubando armas do pr\u00f3prio ex\u00e9rcito brasileiro, sequestrando e matando em nome de uma ideologia apregoada por eles como redemocratiza\u00e7\u00e3o do Brasil. Na verdade, o grupo que foi treinado pela guerrilha do Araguaia e por Cuba, o que desejava era impor o comunismo no pa\u00eds.<\/p>\n","protected":false},"author":1,"featured_media":81,"comment_status":"open","ping_status":"open","sticky":false,"template":"","format":"standard","meta":{"_links_to":"","_links_to_target":""},"categories":[5,15,1],"tags":[],"views":2426,"_links":{"self":[{"href":"https:\/\/www.brazilianpress.com\/v1\/wp-json\/wp\/v2\/posts\/2841"}],"collection":[{"href":"https:\/\/www.brazilianpress.com\/v1\/wp-json\/wp\/v2\/posts"}],"about":[{"href":"https:\/\/www.brazilianpress.com\/v1\/wp-json\/wp\/v2\/types\/post"}],"author":[{"embeddable":true,"href":"https:\/\/www.brazilianpress.com\/v1\/wp-json\/wp\/v2\/users\/1"}],"replies":[{"embeddable":true,"href":"https:\/\/www.brazilianpress.com\/v1\/wp-json\/wp\/v2\/comments?post=2841"}],"version-history":[{"count":1,"href":"https:\/\/www.brazilianpress.com\/v1\/wp-json\/wp\/v2\/posts\/2841\/revisions"}],"predecessor-version":[{"id":2843,"href":"https:\/\/www.brazilianpress.com\/v1\/wp-json\/wp\/v2\/posts\/2841\/revisions\/2843"}],"wp:featuredmedia":[{"embeddable":true,"href":"https:\/\/www.brazilianpress.com\/v1\/wp-json\/wp\/v2\/media\/81"}],"wp:attachment":[{"href":"https:\/\/www.brazilianpress.com\/v1\/wp-json\/wp\/v2\/media?parent=2841"}],"wp:term":[{"taxonomy":"category","embeddable":true,"href":"https:\/\/www.brazilianpress.com\/v1\/wp-json\/wp\/v2\/categories?post=2841"},{"taxonomy":"post_tag","embeddable":true,"href":"https:\/\/www.brazilianpress.com\/v1\/wp-json\/wp\/v2\/tags?post=2841"}],"curies":[{"name":"wp","href":"https:\/\/api.w.org\/{rel}","templated":true}]}}