{"id":28574,"date":"2017-05-04T09:51:00","date_gmt":"2017-05-04T13:51:00","guid":{"rendered":"http:\/\/www.brazilianpress.com\/v1\/?p=28574"},"modified":"2017-05-04T09:53:59","modified_gmt":"2017-05-04T13:53:59","slug":"comunidade-se-une-em-prol-de-garotinha-com-sindrome-rara","status":"publish","type":"post","link":"https:\/\/www.brazilianpress.com\/v1\/2017\/05\/04\/comunidade-se-une-em-prol-de-garotinha-com-sindrome-rara\/","title":{"rendered":"Comunidade se une em prol de garotinha com s\u00edndrome rara"},"content":{"rendered":"<p>RCosta- A comunidade do Ironbound em Newark realizar\u00e1 um evento para angariar fundos em prol do tratamento m\u00e9dico de Rheanna, uma garotinha de 3 anos, residente no bairro, que sofre de uma doen\u00e7a rara, a S\u00edndrome de Rett, doen\u00e7a que causa a perda do controle dos m\u00fasculos.<\/p>\n<p>Ser\u00e1 realizado o FOODTRUCK FUNDRAISER, no Parque dos Mosquitos, neste s\u00e1bado, 6 de maio, a partir das 11h00 da manh\u00e3, at\u00e9 acabar o estoque de comidas t\u00edpicas do Equador, Honduras, Porto Rico, al\u00e9m de guloseimas e cupcakes. Toda a venda realizada ser\u00e1 voltada para ajudar Rheanna na luta contra essa terr\u00edvel doen\u00e7a.<\/p>\n<p>Rheanna nasceu em 6 de janeiro de 2014, em perfeita sa\u00fade. Ela foi diagnosticada com a doen\u00e7a em 13 de setembro de 2016, quando ficou internada por v\u00e1rios dias devido a uma s\u00e9rie de convuls\u00f5es, que a levaram a fazer dezenas de exames. Desde ent\u00e3o a garotinha vem batalhando contra a doen\u00e7a que tenta controlar seu corpinho ainda t\u00e3o fr\u00e1gil, com a ajuda e perseveran\u00e7a da m\u00e3e, Dee Yasin e o irm\u00e3o Rashad.<\/p>\n<p>Para conhecer mais sua hist\u00f3ria ou ajudar diretamente acesse <a href=\"https:\/\/www.gofundme.com\/help-rheanna\" target=\"_blank\" rel=\"noopener noreferrer\">https:\/\/www.gofundme.com\/help-rheanna<\/a>.<\/p>\n<p>Declara\u00e7\u00e3o da m\u00e3e da crian\u00e7a em ingl\u00eas: &#8220;Rheanna was born on 6th January, 2014 at 5lb 12oz. Rheanna was diagnosed on 13th September 2016 after a hospital stay due to seizures led to numerous tests. Rheanna was sitting up at 6 months. Roling over, self-feeding, picking up toys or her teether, followed soon after. Her pediatrician said, &#8220;failure to thrive&#8221; at her 18-month checkup. I said, &#8220;she&#8217;s just small frame.&#8221; Pediatrician also said she&#8217;s behind in her milestones. I thought she&#8217;s just taking her time. I have no clue of the battle she&#8217;s fighting within her little body. Back to 13th September 2016, I tried my best to appear &#8220;strong&#8221; when the neurologist confirmed the diagnosis. I tried. I succumbed. From then on, I have vowed to fight with and for Rheanna. Various therapy every day. She is a little trooper. She&#8217;s always been a good-natured baby. I know she will be fine come what may. Fun Fact About Rheanna: Rheanna has a smile that brightens your day &amp; melts your heart all at the same time.&#8221;<\/p>\n","protected":false},"excerpt":{"rendered":"<p>RCosta- A comunidade do Ironbound em Newark realizar\u00e1 um evento para angariar fundos em prol do tratamento m\u00e9dico de Rheanna, uma garotinha de 3 anos, residente no bairro, que sofre de uma doen\u00e7a rara, a S\u00edndrome de Rett, doen\u00e7a que causa a perda do controle dos m\u00fasculos. Ser\u00e1 realizado o FOODTRUCK FUNDRAISER, no Parque dos Mosquitos, neste s\u00e1bado, 6 de maio, a partir das 11h00 da manh\u00e3, at\u00e9 acabar o estoque de comidas t\u00edpicas do Equador, Honduras, Porto Rico, al\u00e9m de guloseimas e cupcakes. Toda a venda realizada ser\u00e1 voltada para ajudar Rheanna na luta contra essa terr\u00edvel doen\u00e7a. Rheanna [&hellip;]<\/p>\n","protected":false},"author":1,"featured_media":28575,"comment_status":"open","ping_status":"open","sticky":false,"template":"","format":"standard","meta":{"_links_to":"","_links_to_target":""},"categories":[4,3,1],"tags":[],"views":2460,"_links":{"self":[{"href":"https:\/\/www.brazilianpress.com\/v1\/wp-json\/wp\/v2\/posts\/28574"}],"collection":[{"href":"https:\/\/www.brazilianpress.com\/v1\/wp-json\/wp\/v2\/posts"}],"about":[{"href":"https:\/\/www.brazilianpress.com\/v1\/wp-json\/wp\/v2\/types\/post"}],"author":[{"embeddable":true,"href":"https:\/\/www.brazilianpress.com\/v1\/wp-json\/wp\/v2\/users\/1"}],"replies":[{"embeddable":true,"href":"https:\/\/www.brazilianpress.com\/v1\/wp-json\/wp\/v2\/comments?post=28574"}],"version-history":[{"count":1,"href":"https:\/\/www.brazilianpress.com\/v1\/wp-json\/wp\/v2\/posts\/28574\/revisions"}],"predecessor-version":[{"id":28576,"href":"https:\/\/www.brazilianpress.com\/v1\/wp-json\/wp\/v2\/posts\/28574\/revisions\/28576"}],"wp:featuredmedia":[{"embeddable":true,"href":"https:\/\/www.brazilianpress.com\/v1\/wp-json\/wp\/v2\/media\/28575"}],"wp:attachment":[{"href":"https:\/\/www.brazilianpress.com\/v1\/wp-json\/wp\/v2\/media?parent=28574"}],"wp:term":[{"taxonomy":"category","embeddable":true,"href":"https:\/\/www.brazilianpress.com\/v1\/wp-json\/wp\/v2\/categories?post=28574"},{"taxonomy":"post_tag","embeddable":true,"href":"https:\/\/www.brazilianpress.com\/v1\/wp-json\/wp\/v2\/tags?post=28574"}],"curies":[{"name":"wp","href":"https:\/\/api.w.org\/{rel}","templated":true}]}}