{"id":28580,"date":"2017-05-04T09:55:57","date_gmt":"2017-05-04T13:55:57","guid":{"rendered":"http:\/\/www.brazilianpress.com\/v1\/?p=28580"},"modified":"2017-05-04T09:55:57","modified_gmt":"2017-05-04T13:55:57","slug":"quadrilha-usa-lixao-em-bangu-no-rio-como-cemiterio-particular","status":"publish","type":"post","link":"https:\/\/www.brazilianpress.com\/v1\/2017\/05\/04\/quadrilha-usa-lixao-em-bangu-no-rio-como-cemiterio-particular\/","title":{"rendered":"Quadrilha usa lix\u00e3o em Bangu, no Rio, como cemit\u00e9rio particular"},"content":{"rendered":"<p>Segundo um inqu\u00e9rito da Delegacia de Repress\u00e3o \u00e0s A\u00e7\u00f5es Criminosas Organizadas, a quadrilha que domina a Favela do Catiri, em Bangu, usa o aterro sanit\u00e1rio de Gericin\u00f3, vizinho ao pres\u00eddio, para despejar os corpos das suas v\u00edtimas. Segundo publicado pelo Jornal Extra, o inqu\u00e9rito resultou no pedido da pris\u00e3o de seis acusados de integrar o grupo.<\/p>\n<p>De acordo com testemunhas, o chefe do grupo criminoso \u00e9 Marco Ant\u00f4nio Figueiredo Martins, o Marquinho Catiri, que pouco vai ao local. O bra\u00e7o-direito dele \u00e9 Ademir Nunes, respons\u00e1vel pela explora\u00e7\u00e3o do aterro sanit\u00e1rio, pelo controle do transporte alternativo e pela ocupa\u00e7\u00e3o irregular e venda de terrenos.<\/p>\n<p>Ainda de acordo com as testemunhas, uma empresa de seguran\u00e7a controla a entrada e a sa\u00edda de caminh\u00f5es do aterro. A Wolber 2007 Servi\u00e7os de Zeladoria Ltda. \u00e9 de propriedade de Wolber Nunes Torres, de 25 anos, que \u00e9 sobrinho de Ademir.<\/p>\n<p>O Extra revelou anteriormente que o lix\u00e3o de Bangu tem diversos problemas al\u00e9m do crime organizado, como a presen\u00e7a de urubus, moscas e mosquitos ao lado do complexo penitenci\u00e1rio e da montanha de lixo, que tinha 17 andares de altura em 2009, quando a den\u00fancia foi publicada. De cima do lixo era poss\u00edvel observar toda a movimenta\u00e7\u00e3o dentro dos pres\u00eddios.<\/p>\n","protected":false},"excerpt":{"rendered":"<p>Segundo um inqu\u00e9rito da Delegacia de Repress\u00e3o \u00e0s A\u00e7\u00f5es Criminosas Organizadas, a quadrilha que domina a Favela do Catiri, em Bangu, usa o aterro sanit\u00e1rio de Gericin\u00f3, vizinho ao pres\u00eddio, para despejar os corpos das suas v\u00edtimas. Segundo publicado pelo Jornal Extra, o inqu\u00e9rito resultou no pedido da pris\u00e3o de seis acusados de integrar o grupo. De acordo com testemunhas, o chefe do grupo criminoso \u00e9 Marco Ant\u00f4nio Figueiredo Martins, o Marquinho Catiri, que pouco vai ao local. O bra\u00e7o-direito dele \u00e9 Ademir Nunes, respons\u00e1vel pela explora\u00e7\u00e3o do aterro sanit\u00e1rio, pelo controle do transporte alternativo e pela ocupa\u00e7\u00e3o irregular e [&hellip;]<\/p>\n","protected":false},"author":1,"featured_media":28581,"comment_status":"open","ping_status":"open","sticky":false,"template":"","format":"standard","meta":{"_links_to":"","_links_to_target":""},"categories":[7,3,1],"tags":[],"views":3169,"_links":{"self":[{"href":"https:\/\/www.brazilianpress.com\/v1\/wp-json\/wp\/v2\/posts\/28580"}],"collection":[{"href":"https:\/\/www.brazilianpress.com\/v1\/wp-json\/wp\/v2\/posts"}],"about":[{"href":"https:\/\/www.brazilianpress.com\/v1\/wp-json\/wp\/v2\/types\/post"}],"author":[{"embeddable":true,"href":"https:\/\/www.brazilianpress.com\/v1\/wp-json\/wp\/v2\/users\/1"}],"replies":[{"embeddable":true,"href":"https:\/\/www.brazilianpress.com\/v1\/wp-json\/wp\/v2\/comments?post=28580"}],"version-history":[{"count":1,"href":"https:\/\/www.brazilianpress.com\/v1\/wp-json\/wp\/v2\/posts\/28580\/revisions"}],"predecessor-version":[{"id":28582,"href":"https:\/\/www.brazilianpress.com\/v1\/wp-json\/wp\/v2\/posts\/28580\/revisions\/28582"}],"wp:featuredmedia":[{"embeddable":true,"href":"https:\/\/www.brazilianpress.com\/v1\/wp-json\/wp\/v2\/media\/28581"}],"wp:attachment":[{"href":"https:\/\/www.brazilianpress.com\/v1\/wp-json\/wp\/v2\/media?parent=28580"}],"wp:term":[{"taxonomy":"category","embeddable":true,"href":"https:\/\/www.brazilianpress.com\/v1\/wp-json\/wp\/v2\/categories?post=28580"},{"taxonomy":"post_tag","embeddable":true,"href":"https:\/\/www.brazilianpress.com\/v1\/wp-json\/wp\/v2\/tags?post=28580"}],"curies":[{"name":"wp","href":"https:\/\/api.w.org\/{rel}","templated":true}]}}