{"id":28591,"date":"2017-05-04T10:17:56","date_gmt":"2017-05-04T14:17:56","guid":{"rendered":"http:\/\/www.brazilianpress.com\/v1\/?p=28591"},"modified":"2017-05-04T10:17:56","modified_gmt":"2017-05-04T14:17:56","slug":"expulsoes-de-imigrantes-ilegais-caem-com-trump-muitos-detidos-nao-tinham-antecedentes","status":"publish","type":"post","link":"https:\/\/www.brazilianpress.com\/v1\/2017\/05\/04\/expulsoes-de-imigrantes-ilegais-caem-com-trump-muitos-detidos-nao-tinham-antecedentes\/","title":{"rendered":"Expuls\u00f5es de imigrantes ilegais caem com Trump. Muitos detidos n\u00e3o tinham antecedentes"},"content":{"rendered":"<p>O n\u00famero de expuls\u00f5es de imigrantes em situa\u00e7\u00e3o clandestina reduziu nos tr\u00eas primeiros meses do governo de Donald Trump, apesar da promessa do mandat\u00e1rio americano de acelerar a deporta\u00e7\u00e3o dos indiv\u00edduos nessa condi\u00e7\u00e3o.<\/p>\n<p>De acordo com a ICE, 54.564 pessoas foram expulsas do territ\u00f3rio americano desde a chegada de Trump \u00e0 Casa Branca em 20 de janeiro, 12% a menos do que o registrado no mesmo per\u00edodo do ano passado, e um ter\u00e7o a menos do que no in\u00edcio de 2014.<\/p>\n<p>A ICE n\u00e3o explicou a diminui\u00e7\u00e3o no n\u00famero de expuls\u00f5es registradas no come\u00e7o do ano, mantendo uma tend\u00eancia iniciada em 2014. O ex-presidente democrata Barack Obama era mais tolerante em rela\u00e7\u00e3o aos clandestinos sem antecedentes criminais.<\/p>\n<p>Segundo dados da organiza\u00e7\u00e3o independente TRAC Immigration, os tribunais encarregados dos assuntos migrat\u00f3rios est\u00e3o equivocados em suas expuls\u00f5es. A quantidade de casos pendentes saltou de 100 mil para 540 mil, desde o fim de 2015. Estima-se em pelo menos 600 dias o tempo de resolu\u00e7\u00e3o de um caso.<\/p>\n<p>A administra\u00e7\u00e3o Trump confirma que seu foco \u00e9 a deporta\u00e7\u00e3o de pessoas envolvidas em atividades criminosas, especialmente membros de gangues e traficantes. Pouco mais da metade do n\u00famero de deportados desde 20 de janeiro tinha antecedentes criminais, registro similar ao anunciado durante o governo Obama. Na semana passada, o jornal americano The Washington Post escreveu que metade do n\u00famero total de 675 pessoas detidas ap\u00f3s o in\u00edcio do mandato de Trump n\u00e3o possu\u00eda queixas judiciais, nem mesmo infra\u00e7\u00f5es de tr\u00e2nsito.<\/p>\n<p>&nbsp;<\/p>\n","protected":false},"excerpt":{"rendered":"<p>O n\u00famero de expuls\u00f5es de imigrantes em situa\u00e7\u00e3o clandestina reduziu nos tr\u00eas primeiros meses do governo de Donald Trump, apesar da promessa do mandat\u00e1rio americano de acelerar a deporta\u00e7\u00e3o dos indiv\u00edduos nessa condi\u00e7\u00e3o. De acordo com a ICE, 54.564 pessoas foram expulsas do territ\u00f3rio americano desde a chegada de Trump \u00e0 Casa Branca em 20 de janeiro, 12% a menos do que o registrado no mesmo per\u00edodo do ano passado, e um ter\u00e7o a menos do que no in\u00edcio de 2014. A ICE n\u00e3o explicou a diminui\u00e7\u00e3o no n\u00famero de expuls\u00f5es registradas no come\u00e7o do ano, mantendo uma tend\u00eancia iniciada [&hellip;]<\/p>\n","protected":false},"author":1,"featured_media":28592,"comment_status":"open","ping_status":"open","sticky":false,"template":"","format":"standard","meta":{"_links_to":"","_links_to_target":""},"categories":[3,1,10],"tags":[],"views":2721,"_links":{"self":[{"href":"https:\/\/www.brazilianpress.com\/v1\/wp-json\/wp\/v2\/posts\/28591"}],"collection":[{"href":"https:\/\/www.brazilianpress.com\/v1\/wp-json\/wp\/v2\/posts"}],"about":[{"href":"https:\/\/www.brazilianpress.com\/v1\/wp-json\/wp\/v2\/types\/post"}],"author":[{"embeddable":true,"href":"https:\/\/www.brazilianpress.com\/v1\/wp-json\/wp\/v2\/users\/1"}],"replies":[{"embeddable":true,"href":"https:\/\/www.brazilianpress.com\/v1\/wp-json\/wp\/v2\/comments?post=28591"}],"version-history":[{"count":1,"href":"https:\/\/www.brazilianpress.com\/v1\/wp-json\/wp\/v2\/posts\/28591\/revisions"}],"predecessor-version":[{"id":28593,"href":"https:\/\/www.brazilianpress.com\/v1\/wp-json\/wp\/v2\/posts\/28591\/revisions\/28593"}],"wp:featuredmedia":[{"embeddable":true,"href":"https:\/\/www.brazilianpress.com\/v1\/wp-json\/wp\/v2\/media\/28592"}],"wp:attachment":[{"href":"https:\/\/www.brazilianpress.com\/v1\/wp-json\/wp\/v2\/media?parent=28591"}],"wp:term":[{"taxonomy":"category","embeddable":true,"href":"https:\/\/www.brazilianpress.com\/v1\/wp-json\/wp\/v2\/categories?post=28591"},{"taxonomy":"post_tag","embeddable":true,"href":"https:\/\/www.brazilianpress.com\/v1\/wp-json\/wp\/v2\/tags?post=28591"}],"curies":[{"name":"wp","href":"https:\/\/api.w.org\/{rel}","templated":true}]}}