{"id":2860,"date":"2013-09-12T12:39:46","date_gmt":"2013-09-12T16:39:46","guid":{"rendered":"http:\/\/www.brazilianpress.com\/v1\/?p=2860"},"modified":"2013-09-12T12:39:46","modified_gmt":"2013-09-12T16:39:46","slug":"fluminense-frustra-desejo-de-fred-e-veta-recuperacao-familiar-em-minas","status":"publish","type":"post","link":"https:\/\/www.brazilianpress.com\/v1\/2013\/09\/12\/fluminense-frustra-desejo-de-fred-e-veta-recuperacao-familiar-em-minas\/","title":{"rendered":"Fluminense frustra desejo de Fred e veta recupera\u00e7\u00e3o &#8216;familiar&#8217; em Minas"},"content":{"rendered":"<p>Ao contr\u00e1rio do que desejava, o atacante Fred tratar\u00e1 o estiramento que sofreu no m\u00fasculo anterior da coxa direita no Fluminense. O jogador queria se recuperar da les\u00e3o em Belo Horizonte, na cl\u00ednica do m\u00e9dico da sele\u00e7\u00e3o brasileira e do Atl\u00e9tico-MG, Rodrigo Lasmar. A proximidade com os familiares seria o principal atrativo.<\/p>\n<p><img loading=\"lazy\" class=\"alignnone size-full wp-image-2861\" alt=\"fred\" src=\"http:\/\/www.brazilianpress.com\/v1\/wp-content\/uploads\/2013\/09\/fred.jpg\" width=\"500\" height=\"300\" srcset=\"https:\/\/www.brazilianpress.com\/v1\/wp-content\/uploads\/2013\/09\/fred.jpg 500w, https:\/\/www.brazilianpress.com\/v1\/wp-content\/uploads\/2013\/09\/fred-300x180.jpg 300w\" sizes=\"(max-width: 500px) 100vw, 500px\" \/><\/p>\n<p>Apesar do Fluminense n\u00e3o divulgar um prazo oficial, a previs\u00e3o \u00e9 que Fred retorne aos campos somente em tr\u00eas meses. Com isso, o atacante voltar\u00e1 apenas nas \u00faltimas rodadas do Campeonato Brasileiro.<!--more--><\/p>\n<p>Para amenizar o per\u00edodo em que permanecer\u00e1 parado, Fred pretendia realizar parte da recupera\u00e7\u00e3o junto de seus familiares e amigos. O jogador \u00e9 natural de Te\u00f3filo Otoni, cidade do interior de Minas, al\u00e9m de ter passado por Am\u00e9rica-MG e Cruzeiro no in\u00edcio da carreira. Ele chegou a ficar quatro dias de folga na capital mineira na semana passada.<\/p>\n<p>&#8220;N\u00f3s demos ao Fred os dias que ach\u00e1vamos justo que ele tivesse de descanso. Na segunda-feira ele j\u00e1 esteve at\u00e9 mesmo treinando nas Laranjeiras. Far\u00e1 todo o tratamento no Fluminense. J\u00e1 temos um cronograma definido, o qual ele seguir\u00e1 na sua recupera\u00e7\u00e3o&#8221;, disse o diretor de futebol do Fluminense,\u00a0 Rodrigo Caetano.<\/p>\n<p>Outro atrativo para que Fred optasse por Belo Horizonte era a possibilidade de se tratar com o m\u00e9dico da sele\u00e7\u00e3o brasileira e do Atl\u00e9tico-MG, Rodrigo Lasmar. O integrante da comiss\u00e3o t\u00e9cnica de Felip\u00e3o o ajudaria na recupera\u00e7\u00e3o para seu principal objetivo no momento, a disputa da Copa do Mundo de 2014.<\/p>\n<p>O Fluminense busca recuperar seu principal jogador ap\u00f3s uma temporada irregular com a camisa tricolor. Enquanto brilhou na Copa das Confedera\u00e7\u00f5es pela sele\u00e7\u00e3o brasileira, Fred marcou apenas oito gols pelo time carioca em 2013, n\u00famero bastante abaixo de marcas anteriores do atleta nas Laranjeiras.<\/p>\n","protected":false},"excerpt":{"rendered":"<p>Ao contr\u00e1rio do que desejava, o atacante Fred tratar\u00e1 o estiramento que sofreu no m\u00fasculo anterior da coxa direita no Fluminense. O jogador queria se recuperar da les\u00e3o em Belo Horizonte, na cl\u00ednica do m\u00e9dico da sele\u00e7\u00e3o brasileira e do Atl\u00e9tico-MG, Rodrigo Lasmar. A proximidade com os familiares seria o principal atrativo. Apesar do Fluminense n\u00e3o divulgar um prazo oficial, a previs\u00e3o \u00e9 que Fred retorne aos campos somente em tr\u00eas meses. Com isso, o atacante voltar\u00e1 apenas nas \u00faltimas rodadas do Campeonato Brasileiro.<\/p>\n","protected":false},"author":1,"featured_media":2861,"comment_status":"open","ping_status":"open","sticky":false,"template":"","format":"standard","meta":{"_links_to":"","_links_to_target":""},"categories":[9,1],"tags":[],"views":2866,"_links":{"self":[{"href":"https:\/\/www.brazilianpress.com\/v1\/wp-json\/wp\/v2\/posts\/2860"}],"collection":[{"href":"https:\/\/www.brazilianpress.com\/v1\/wp-json\/wp\/v2\/posts"}],"about":[{"href":"https:\/\/www.brazilianpress.com\/v1\/wp-json\/wp\/v2\/types\/post"}],"author":[{"embeddable":true,"href":"https:\/\/www.brazilianpress.com\/v1\/wp-json\/wp\/v2\/users\/1"}],"replies":[{"embeddable":true,"href":"https:\/\/www.brazilianpress.com\/v1\/wp-json\/wp\/v2\/comments?post=2860"}],"version-history":[{"count":1,"href":"https:\/\/www.brazilianpress.com\/v1\/wp-json\/wp\/v2\/posts\/2860\/revisions"}],"predecessor-version":[{"id":2862,"href":"https:\/\/www.brazilianpress.com\/v1\/wp-json\/wp\/v2\/posts\/2860\/revisions\/2862"}],"wp:featuredmedia":[{"embeddable":true,"href":"https:\/\/www.brazilianpress.com\/v1\/wp-json\/wp\/v2\/media\/2861"}],"wp:attachment":[{"href":"https:\/\/www.brazilianpress.com\/v1\/wp-json\/wp\/v2\/media?parent=2860"}],"wp:term":[{"taxonomy":"category","embeddable":true,"href":"https:\/\/www.brazilianpress.com\/v1\/wp-json\/wp\/v2\/categories?post=2860"},{"taxonomy":"post_tag","embeddable":true,"href":"https:\/\/www.brazilianpress.com\/v1\/wp-json\/wp\/v2\/tags?post=2860"}],"curies":[{"name":"wp","href":"https:\/\/api.w.org\/{rel}","templated":true}]}}