{"id":2891,"date":"2013-09-12T13:44:27","date_gmt":"2013-09-12T17:44:27","guid":{"rendered":"http:\/\/www.brazilianpress.com\/v1\/?p=2891"},"modified":"2013-09-12T14:00:32","modified_gmt":"2013-09-12T18:00:32","slug":"fernando-henrique-cardoso-toma-posse-na-academia-brasileira-de-letras","status":"publish","type":"post","link":"https:\/\/www.brazilianpress.com\/v1\/2013\/09\/12\/fernando-henrique-cardoso-toma-posse-na-academia-brasileira-de-letras\/","title":{"rendered":"Fernando Henrique Cardoso toma posse na Academia Brasileira de Letras"},"content":{"rendered":"<p>O ex-presidente da Rep\u00fablica Fernando Henrique Cardoso tomou posse na ter\u00e7a-feira como membro da Academia Brasileira Letras (ABL), no Rio de Janeiro. Ele ocupa a cadeira 36, que ficou vaga com a morte do jornalista Jo\u00e3o Scantimburgo, em 22 de mar\u00e7o deste ano.<\/p>\n<p><img loading=\"lazy\" class=\"alignnone size-full wp-image-2892\" alt=\"fernando henrique abl\" src=\"http:\/\/www.brazilianpress.com\/v1\/wp-content\/uploads\/2013\/09\/fernando-henrique-abl.jpg\" width=\"500\" height=\"332\" srcset=\"https:\/\/www.brazilianpress.com\/v1\/wp-content\/uploads\/2013\/09\/fernando-henrique-abl.jpg 500w, https:\/\/www.brazilianpress.com\/v1\/wp-content\/uploads\/2013\/09\/fernando-henrique-abl-300x199.jpg 300w\" sizes=\"(max-width: 500px) 100vw, 500px\" \/><\/p>\n<p>Na elei\u00e7\u00e3o, foram 24 votos de acad\u00eamicos presentes \u00e0 sede da academia, no centro do Rio, e 14 por carta. Houve ainda uma absten\u00e7\u00e3o. Fernando Henrique recebeu 34 dos 39 votos poss\u00edveis e concorreu com 10 escritores. FH\u00a0\u00e9 o terceiro ex-presidente do Brasil eleito para ABL. Em 1941, Get\u00falio Vargas assumiu a cadeira 37 e, em 1980, Jos\u00e9 Sarney tomou posse da cadeira 38. <!--more--><br \/>\nNascido no Rio de Janeiro em 18 de junho de 1931, Fernando Henrique foi presidente da Rep\u00fablica por dois mandatos sucessivos, de 1995 a 2002. Ele \u00e9 doutor em sociologia e professor em\u00e9rito da Universidade de S\u00e3o Paulo (USP). Fora do pa\u00eds foi tamb\u00e9m professor em universidades nos\u00a0Estados Unidos, na Gr\u00e3-Bretanha, na Fran\u00e7a e no Chile.<\/p>\n<p>Com sua atua\u00e7\u00e3o pol\u00edtica teve os direitos pol\u00edticos cassados em 1964 pelo regime militar e exilou-se na Europa e no Chile. Quando voltou ao Brasil ingressou no ent\u00e3o MDB e foi eleito senador por S\u00e3o Paulo. Em 1988, participou da funda\u00e7\u00e3o do Partido da Social Democracia Brasileira (PSDB), do qual \u00e9 presidente de honra.<\/p>\n<p>Antes de ocupar a presid\u00eancia da Rep\u00fablica, Fernando Henrique foi ministro das Rela\u00e7\u00f5es Exteriores e da Fazenda no governo Itamar Franco (1992-1994). O novo membro da ABL \u00e9 autor ou coautor de livros de sociologia e de an\u00e1lise de sua atua\u00e7\u00e3o como pol\u00edtico, al\u00e9m de artigos acad\u00eamicos.<\/p>\n<p>Uma de suas obras, <em>Depend\u00eancia e Desenvolvimento<\/em>, escrita em coautoria com Enzo Falletto, publicada originalmente em espanhol, em 1969, \u00e9 considerada marco nos estudos sobre a teoria do desenvolvimento. O livro teve dezenas de edi\u00e7\u00f5es, em 16 idiomas.<\/p>\n<p>O \u00faltimo livro, lan\u00e7ado em junho deste ano, <em>Pensadores que Inventaram o Brasil<\/em>, rev\u00ea textos de autores como Florestan Fernandes, Celso Furtado, Gilberto Freyre. Os temas tratam de democracia, de desenvolvimento econ\u00f4mico e de promo\u00e7\u00e3o da justi\u00e7a social, entre outros.<\/p>\n","protected":false},"excerpt":{"rendered":"<p>O ex-presidente da Rep\u00fablica Fernando Henrique Cardoso tomou posse na ter\u00e7a-feira como membro da Academia Brasileira Letras (ABL), no Rio de Janeiro. Ele ocupa a cadeira 36, que ficou vaga com a morte do jornalista Jo\u00e3o Scantimburgo, em 22 de mar\u00e7o deste ano. Na elei\u00e7\u00e3o, foram 24 votos de acad\u00eamicos presentes \u00e0 sede da academia, no centro do Rio, e 14 por carta. Houve ainda uma absten\u00e7\u00e3o. Fernando Henrique recebeu 34 dos 39 votos poss\u00edveis e concorreu com 10 escritores. FH\u00a0\u00e9 o terceiro ex-presidente do Brasil eleito para ABL. Em 1941, Get\u00falio Vargas assumiu a cadeira 37 e, em 1980, [&hellip;]<\/p>\n","protected":false},"author":1,"featured_media":2892,"comment_status":"open","ping_status":"open","sticky":false,"template":"","format":"standard","meta":{"_links_to":"","_links_to_target":""},"categories":[7,1],"tags":[],"views":2245,"_links":{"self":[{"href":"https:\/\/www.brazilianpress.com\/v1\/wp-json\/wp\/v2\/posts\/2891"}],"collection":[{"href":"https:\/\/www.brazilianpress.com\/v1\/wp-json\/wp\/v2\/posts"}],"about":[{"href":"https:\/\/www.brazilianpress.com\/v1\/wp-json\/wp\/v2\/types\/post"}],"author":[{"embeddable":true,"href":"https:\/\/www.brazilianpress.com\/v1\/wp-json\/wp\/v2\/users\/1"}],"replies":[{"embeddable":true,"href":"https:\/\/www.brazilianpress.com\/v1\/wp-json\/wp\/v2\/comments?post=2891"}],"version-history":[{"count":3,"href":"https:\/\/www.brazilianpress.com\/v1\/wp-json\/wp\/v2\/posts\/2891\/revisions"}],"predecessor-version":[{"id":2895,"href":"https:\/\/www.brazilianpress.com\/v1\/wp-json\/wp\/v2\/posts\/2891\/revisions\/2895"}],"wp:featuredmedia":[{"embeddable":true,"href":"https:\/\/www.brazilianpress.com\/v1\/wp-json\/wp\/v2\/media\/2892"}],"wp:attachment":[{"href":"https:\/\/www.brazilianpress.com\/v1\/wp-json\/wp\/v2\/media?parent=2891"}],"wp:term":[{"taxonomy":"category","embeddable":true,"href":"https:\/\/www.brazilianpress.com\/v1\/wp-json\/wp\/v2\/categories?post=2891"},{"taxonomy":"post_tag","embeddable":true,"href":"https:\/\/www.brazilianpress.com\/v1\/wp-json\/wp\/v2\/tags?post=2891"}],"curies":[{"name":"wp","href":"https:\/\/api.w.org\/{rel}","templated":true}]}}