{"id":2896,"date":"2013-09-12T13:57:25","date_gmt":"2013-09-12T17:57:25","guid":{"rendered":"http:\/\/www.brazilianpress.com\/v1\/?p=2896"},"modified":"2013-09-12T13:57:25","modified_gmt":"2013-09-12T17:57:25","slug":"eua-lembram-12o-aniversario-do-11-de-setembro","status":"publish","type":"post","link":"https:\/\/www.brazilianpress.com\/v1\/2013\/09\/12\/eua-lembram-12o-aniversario-do-11-de-setembro\/","title":{"rendered":"EUA lembram 12\u00ba anivers\u00e1rio do 11 de Setembro"},"content":{"rendered":"<p><img loading=\"lazy\" class=\"alignright size-full wp-image-2898\" alt=\"11-setembro\" src=\"http:\/\/www.brazilianpress.com\/v1\/wp-content\/uploads\/2013\/09\/11-setembro.jpg\" width=\"292\" height=\"280\" \/>Os ataques em Nova York e em Washington mataram cerca de 3 mil pessoas, levaram a uma longa guerra no Afeganist\u00e3o e elevaram os poderes de vigil\u00e2ncia do governo americano, fato que continua a ser tema de debate at\u00e9 hoje. Dezenove sequestradores morreram nos ataques, mais tarde reivindicado por Osama Bin Laden e a Al-Qaeda<\/p>\n<p>Na cerim\u00f4nia realizada nas proximidades de Wall Street, em Nova York,\u00a0pessoas leram os nomes das v\u00edtimas dos dois avi\u00f5es sequestrados que atingiram o World Trade Center. Gaitas de foles e um coro de jovens inaugurou os trabalhos solenes, realizados em torno de dois espelhos d&#8217;\u00e1gua que marcam o local original das Torres G\u00eameas.<\/p>\n<p><!--more-->&#8220;Para meu sobrinho Michael Joseph Mullin, sentimos sua falta e penso em voc\u00ea todos os dias&#8221;, disse uma das 250 pessoas escolhidas para ler os nomes. &#8220;Voc\u00ea se foi, mas n\u00e3o foi esquecido&#8221;, disse outra mulher sobre seu primo perdido.<\/p>\n<p>&#8220;N\u00e3o importa quantos anos se passem, nesta \u00e9poca do ano \u00e9 sempre a mesma coisa&#8221;, disse Karen Hinson, que perdeu seu irm\u00e3o de 34 anos, Michael Wittenstein, em Nova York. O\u00a0corpo dele nunca foi encontrado.<\/p>\n<p>Um minuto de sil\u00eancio foi realizado em toda a cidade \u00e0s 8h46 no hor\u00e1rio local (09h46, no hor\u00e1rio de Bras\u00edlia), a hora em que o voo 11 da American Airlines se chocou contra a Torre Norte, com uma segunda pausa \u00e0s 9h03 (10h03, no hor\u00e1rio de Bras\u00edlia), quando o voo 175 da United Airlines atingiu a torre sul.<\/p>\n<p>O presidente Barack Obama fez um momento de sil\u00eancio na Casa Branca e participou de cerim\u00f4nia em Washington, no Pent\u00e1gono, que foi atingido por outro avi\u00e3o sequestrado. Mantendo a decis\u00e3o tomada no ano passado, nenhum pol\u00edtico far\u00e1 discursos.<\/p>\n","protected":false},"excerpt":{"rendered":"<p>Os ataques em Nova York e em Washington mataram cerca de 3 mil pessoas, levaram a uma longa guerra no Afeganist\u00e3o e elevaram os poderes de vigil\u00e2ncia do governo americano, fato que continua a ser tema de debate at\u00e9 hoje. Dezenove sequestradores morreram nos ataques, mais tarde reivindicado por Osama Bin Laden e a Al-Qaeda Na cerim\u00f4nia realizada nas proximidades de Wall Street, em Nova York,\u00a0pessoas leram os nomes das v\u00edtimas dos dois avi\u00f5es sequestrados que atingiram o World Trade Center. Gaitas de foles e um coro de jovens inaugurou os trabalhos solenes, realizados em torno de dois espelhos d&#8217;\u00e1gua [&hellip;]<\/p>\n","protected":false},"author":1,"featured_media":2898,"comment_status":"open","ping_status":"open","sticky":false,"template":"","format":"standard","meta":{"_links_to":"","_links_to_target":""},"categories":[1,10],"tags":[],"views":2060,"_links":{"self":[{"href":"https:\/\/www.brazilianpress.com\/v1\/wp-json\/wp\/v2\/posts\/2896"}],"collection":[{"href":"https:\/\/www.brazilianpress.com\/v1\/wp-json\/wp\/v2\/posts"}],"about":[{"href":"https:\/\/www.brazilianpress.com\/v1\/wp-json\/wp\/v2\/types\/post"}],"author":[{"embeddable":true,"href":"https:\/\/www.brazilianpress.com\/v1\/wp-json\/wp\/v2\/users\/1"}],"replies":[{"embeddable":true,"href":"https:\/\/www.brazilianpress.com\/v1\/wp-json\/wp\/v2\/comments?post=2896"}],"version-history":[{"count":1,"href":"https:\/\/www.brazilianpress.com\/v1\/wp-json\/wp\/v2\/posts\/2896\/revisions"}],"predecessor-version":[{"id":2899,"href":"https:\/\/www.brazilianpress.com\/v1\/wp-json\/wp\/v2\/posts\/2896\/revisions\/2899"}],"wp:featuredmedia":[{"embeddable":true,"href":"https:\/\/www.brazilianpress.com\/v1\/wp-json\/wp\/v2\/media\/2898"}],"wp:attachment":[{"href":"https:\/\/www.brazilianpress.com\/v1\/wp-json\/wp\/v2\/media?parent=2896"}],"wp:term":[{"taxonomy":"category","embeddable":true,"href":"https:\/\/www.brazilianpress.com\/v1\/wp-json\/wp\/v2\/categories?post=2896"},{"taxonomy":"post_tag","embeddable":true,"href":"https:\/\/www.brazilianpress.com\/v1\/wp-json\/wp\/v2\/tags?post=2896"}],"curies":[{"name":"wp","href":"https:\/\/api.w.org\/{rel}","templated":true}]}}