{"id":29072,"date":"2017-06-08T13:33:34","date_gmt":"2017-06-08T17:33:34","guid":{"rendered":"http:\/\/www.brazilianpress.com\/v1\/?p=29072"},"modified":"2017-06-08T13:34:06","modified_gmt":"2017-06-08T17:34:06","slug":"newark-portugal-day-exposicao-de-arte-e-concurso-2017","status":"publish","type":"post","link":"https:\/\/www.brazilianpress.com\/v1\/2017\/06\/08\/newark-portugal-day-exposicao-de-arte-e-concurso-2017\/","title":{"rendered":"Newark Portugal Day: Exposi\u00e7\u00e3o de Arte e Concurso 2017"},"content":{"rendered":"<p>Os festejos relacionados com a celebra\u00e7\u00e3o do Dia de Portugal em Newark que come\u00e7aram h\u00e1 uma semana com Fado, Folclore e mais Fado, continuou na \u00faltima quinta- feira com a abertura da Exposi\u00e7\u00e3o &#8220;Portugal Aqui e L\u00e1&#8221;, na 113 da Monroe Street, Newark.<\/p>\n<p>O lugar foi demasiado pequeno para tanta gente! Por outro lado, a qualidade dos trabalhos apresentados excedeu as expetativas. A maior parte dos trabalhos expostos reflete vida portuguesa aqui e l\u00e1. E, usando as palavras de algu\u00e9m, &#8221; esta \u00e9 a melhor exibi\u00e7\u00e3o de arte jamais feita no Ironbound&#8221;.<\/p>\n\n\t\t<style type=\"text\/css\">\n\t\t\t#gallery-1 {\n\t\t\t\tmargin: auto;\n\t\t\t}\n\t\t\t#gallery-1 .gallery-item {\n\t\t\t\tfloat: left;\n\t\t\t\tmargin-top: 10px;\n\t\t\t\ttext-align: center;\n\t\t\t\twidth: 33%;\n\t\t\t}\n\t\t\t#gallery-1 img {\n\t\t\t\tborder: 2px solid #cfcfcf;\n\t\t\t}\n\t\t\t#gallery-1 .gallery-caption {\n\t\t\t\tmargin-left: 0;\n\t\t\t}\n\t\t\t\/* see gallery_shortcode() in wp-includes\/media.php *\/\n\t\t<\/style>\n\t\t<div id='gallery-1' class='gallery galleryid-29072 gallery-columns-3 gallery-size-thumbnail'><dl class='gallery-item'>\n\t\t\t<dt class='gallery-icon landscape'>\n\t\t\t\t<a href=\"https:\/\/www.brazilianpress.com\/v1\/wp-content\/uploads\/2017\/06\/Newark-Portugal-Day-2017-6.jpg\" class=\"gallery_colorbox\"><img width=\"150\" height=\"150\" src=\"https:\/\/www.brazilianpress.com\/v1\/wp-content\/uploads\/2017\/06\/Newark-Portugal-Day-2017-6-150x150.jpg\"  class=\"attachment-thumbnail size-thumbnail\" alt=\"\" loading=\"lazy\" \/><\/a>\n\t\t\t<\/dt><\/dl><dl class='gallery-item'>\n\t\t\t<dt class='gallery-icon landscape'>\n\t\t\t\t<a href=\"https:\/\/www.brazilianpress.com\/v1\/wp-content\/uploads\/2017\/06\/Newark-Portugal-Day-2017-4.jpg\" class=\"gallery_colorbox\"><img width=\"150\" height=\"150\" src=\"https:\/\/www.brazilianpress.com\/v1\/wp-content\/uploads\/2017\/06\/Newark-Portugal-Day-2017-4-150x150.jpg\"  class=\"attachment-thumbnail size-thumbnail\" alt=\"\" loading=\"lazy\" \/><\/a>\n\t\t\t<\/dt><\/dl><dl class='gallery-item'>\n\t\t\t<dt class='gallery-icon landscape'>\n\t\t\t\t<a href=\"https:\/\/www.brazilianpress.com\/v1\/wp-content\/uploads\/2017\/06\/Newark-Portugal-Day-2017-5.jpg\" class=\"gallery_colorbox\"><img width=\"150\" height=\"150\" src=\"https:\/\/www.brazilianpress.com\/v1\/wp-content\/uploads\/2017\/06\/Newark-Portugal-Day-2017-5-150x150.jpg\"  class=\"attachment-thumbnail size-thumbnail\" alt=\"\" loading=\"lazy\" \/><\/a>\n\t\t\t<\/dt><\/dl><br style=\"clear: both\" \/><dl class='gallery-item'>\n\t\t\t<dt class='gallery-icon portrait'>\n\t\t\t\t<a href=\"https:\/\/www.brazilianpress.com\/v1\/wp-content\/uploads\/2017\/06\/Newark-Portugal-Day-2017-3.jpg\" class=\"gallery_colorbox\"><img width=\"150\" height=\"150\" src=\"https:\/\/www.brazilianpress.com\/v1\/wp-content\/uploads\/2017\/06\/Newark-Portugal-Day-2017-3-150x150.jpg\"  class=\"attachment-thumbnail size-thumbnail\" alt=\"\" loading=\"lazy\" \/><\/a>\n\t\t\t<\/dt><\/dl><dl class='gallery-item'>\n\t\t\t<dt class='gallery-icon landscape'>\n\t\t\t\t<a href=\"https:\/\/www.brazilianpress.com\/v1\/wp-content\/uploads\/2017\/06\/Newark-Portugal-Day-2017-2.jpg\" class=\"gallery_colorbox\"><img width=\"150\" height=\"150\" src=\"https:\/\/www.brazilianpress.com\/v1\/wp-content\/uploads\/2017\/06\/Newark-Portugal-Day-2017-2-150x150.jpg\"  class=\"attachment-thumbnail size-thumbnail\" alt=\"\" loading=\"lazy\" \/><\/a>\n\t\t\t<\/dt><\/dl><dl class='gallery-item'>\n\t\t\t<dt class='gallery-icon landscape'>\n\t\t\t\t<a href=\"https:\/\/www.brazilianpress.com\/v1\/wp-content\/uploads\/2017\/06\/Newark-Portugal-Day-2017-1.jpg\" class=\"gallery_colorbox\"><img width=\"150\" height=\"150\" src=\"https:\/\/www.brazilianpress.com\/v1\/wp-content\/uploads\/2017\/06\/Newark-Portugal-Day-2017-1-150x150.jpg\"  class=\"attachment-thumbnail size-thumbnail\" alt=\"\" loading=\"lazy\" \/><\/a>\n\t\t\t<\/dt><\/dl><br style=\"clear: both\" \/>\n\t\t<\/div>\n\n<p>&nbsp;<\/p>\n<p>Alexandra Marques e a sua voz, a Tuna Proverbo, e o grupo de dan\u00e7a Luna Mia fizeram parte do entretenimento. De particular interesse da exposi\u00e7\u00e3o h\u00e1 um mapa de Portugal com objetos caracteristicos de cada regi\u00e3o.<\/p>\n<p>O meu sincero obrigado a todos os que contribuiram para o sucesso deste evento. Obrigado aos volunt\u00e1rios Isabel Matos, Luis Nunes, Camilo Satiro, Antonio Rendeiro, Joaquim Pinto e Marcos Mendon\u00e7a, curadores, staff, patrocinadores e Caseiro e Bom. Por favor n\u00e3o percam a oportunidade de vir votar para escolher os vencedores do concurso e confirmar pessoalmente a qualidade do evento que encerra no dia 18 de Junho de 2017.<\/p>\n","protected":false},"excerpt":{"rendered":"<p>Os festejos relacionados com a celebra\u00e7\u00e3o do Dia de Portugal em Newark que come\u00e7aram h\u00e1 uma semana com Fado, Folclore e mais Fado, continuou na \u00faltima quinta- feira com a abertura da Exposi\u00e7\u00e3o &#8220;Portugal Aqui e L\u00e1&#8221;, na 113 da Monroe Street, Newark. O lugar foi demasiado pequeno para tanta gente! Por outro lado, a qualidade dos trabalhos apresentados excedeu as expetativas. A maior parte dos trabalhos expostos reflete vida portuguesa aqui e l\u00e1. E, usando as palavras de algu\u00e9m, &#8221; esta \u00e9 a melhor exibi\u00e7\u00e3o de arte jamais feita no Ironbound&#8221;. &nbsp; Alexandra Marques e a sua voz, a [&hellip;]<\/p>\n","protected":false},"author":1,"featured_media":29076,"comment_status":"open","ping_status":"open","sticky":false,"template":"","format":"standard","meta":{"_links_to":"","_links_to_target":""},"categories":[4,3,19,1],"tags":[],"views":4309,"_links":{"self":[{"href":"https:\/\/www.brazilianpress.com\/v1\/wp-json\/wp\/v2\/posts\/29072"}],"collection":[{"href":"https:\/\/www.brazilianpress.com\/v1\/wp-json\/wp\/v2\/posts"}],"about":[{"href":"https:\/\/www.brazilianpress.com\/v1\/wp-json\/wp\/v2\/types\/post"}],"author":[{"embeddable":true,"href":"https:\/\/www.brazilianpress.com\/v1\/wp-json\/wp\/v2\/users\/1"}],"replies":[{"embeddable":true,"href":"https:\/\/www.brazilianpress.com\/v1\/wp-json\/wp\/v2\/comments?post=29072"}],"version-history":[{"count":2,"href":"https:\/\/www.brazilianpress.com\/v1\/wp-json\/wp\/v2\/posts\/29072\/revisions"}],"predecessor-version":[{"id":29080,"href":"https:\/\/www.brazilianpress.com\/v1\/wp-json\/wp\/v2\/posts\/29072\/revisions\/29080"}],"wp:featuredmedia":[{"embeddable":true,"href":"https:\/\/www.brazilianpress.com\/v1\/wp-json\/wp\/v2\/media\/29076"}],"wp:attachment":[{"href":"https:\/\/www.brazilianpress.com\/v1\/wp-json\/wp\/v2\/media?parent=29072"}],"wp:term":[{"taxonomy":"category","embeddable":true,"href":"https:\/\/www.brazilianpress.com\/v1\/wp-json\/wp\/v2\/categories?post=29072"},{"taxonomy":"post_tag","embeddable":true,"href":"https:\/\/www.brazilianpress.com\/v1\/wp-json\/wp\/v2\/tags?post=29072"}],"curies":[{"name":"wp","href":"https:\/\/api.w.org\/{rel}","templated":true}]}}