{"id":29141,"date":"2017-06-08T17:57:55","date_gmt":"2017-06-08T21:57:55","guid":{"rendered":"http:\/\/www.brazilianpress.com\/v1\/?p=29141"},"modified":"2017-06-08T17:57:55","modified_gmt":"2017-06-08T21:57:55","slug":"communities-channel-tv-recepcao-de-inauguracao","status":"publish","type":"post","link":"https:\/\/www.brazilianpress.com\/v1\/2017\/06\/08\/communities-channel-tv-recepcao-de-inauguracao\/","title":{"rendered":"Communities Channel TV: Recep\u00e7\u00e3o de inaugura\u00e7\u00e3o"},"content":{"rendered":"<p><strong>Na \u00faltima quarta-feira, dia 31 de Maio de 2017 &#8211; aconteceu no Ironbound \u2013 Newark a recep\u00e7\u00e3o de Inaugura\u00e7\u00e3o do Communities Channel TV Studio.<\/strong><\/p>\n<p>Communities Channel TV \u00e9 uma esta\u00e7\u00e3o de TV Americana com o compromisso de trazer entretenimento, aprendizado e divers\u00e3o em tr\u00eas idiomas ( Ingl\u00eas, Portugu\u00eas e Espanhol). Esta nova iniciativa multicultural na regiao ir\u00e1 abrigar os sets de todos os programas apresentados onde estar\u00e3o no future servindo a comunidade.<\/p>\n<p>A recep\u00e7\u00e3o de Abertura da Communities Channel TV foi um encontro com a communidade entre os fundadores Carlos &amp; Regina Moraes, diretores, apresentadores e o Convidado especial, Ator de Filmes em Hollywood Louis Arcella.<\/p>\n<p><img loading=\"lazy\" class=\"alignnone size-full wp-image-29143\" src=\"http:\/\/www.brazilianpress.com\/v1\/wp-content\/uploads\/2017\/06\/communities-channel-2.jpg\" alt=\"\" width=\"620\" height=\"549\" srcset=\"https:\/\/www.brazilianpress.com\/v1\/wp-content\/uploads\/2017\/06\/communities-channel-2.jpg 620w, https:\/\/www.brazilianpress.com\/v1\/wp-content\/uploads\/2017\/06\/communities-channel-2-300x266.jpg 300w\" sizes=\"(max-width: 620px) 100vw, 620px\" \/> <img loading=\"lazy\" class=\"alignnone size-full wp-image-29142\" src=\"http:\/\/www.brazilianpress.com\/v1\/wp-content\/uploads\/2017\/06\/communities-channel-1.jpg\" alt=\"\" width=\"620\" height=\"561\" srcset=\"https:\/\/www.brazilianpress.com\/v1\/wp-content\/uploads\/2017\/06\/communities-channel-1.jpg 620w, https:\/\/www.brazilianpress.com\/v1\/wp-content\/uploads\/2017\/06\/communities-channel-1-300x271.jpg 300w\" sizes=\"(max-width: 620px) 100vw, 620px\" \/> <img loading=\"lazy\" class=\"alignnone size-full wp-image-29145\" src=\"http:\/\/www.brazilianpress.com\/v1\/wp-content\/uploads\/2017\/06\/communities-channel-4.jpg\" alt=\"\" width=\"620\" height=\"913\" srcset=\"https:\/\/www.brazilianpress.com\/v1\/wp-content\/uploads\/2017\/06\/communities-channel-4.jpg 620w, https:\/\/www.brazilianpress.com\/v1\/wp-content\/uploads\/2017\/06\/communities-channel-4-204x300.jpg 204w\" sizes=\"(max-width: 620px) 100vw, 620px\" \/><\/p>\n","protected":false},"excerpt":{"rendered":"<p>Na \u00faltima quarta-feira, dia 31 de Maio de 2017 &#8211; aconteceu no Ironbound \u2013 Newark a recep\u00e7\u00e3o de Inaugura\u00e7\u00e3o do Communities Channel TV Studio. Communities Channel TV \u00e9 uma esta\u00e7\u00e3o de TV Americana com o compromisso de trazer entretenimento, aprendizado e divers\u00e3o em tr\u00eas idiomas ( Ingl\u00eas, Portugu\u00eas e Espanhol). Esta nova iniciativa multicultural na regiao ir\u00e1 abrigar os sets de todos os programas apresentados onde estar\u00e3o no future servindo a comunidade. A recep\u00e7\u00e3o de Abertura da Communities Channel TV foi um encontro com a communidade entre os fundadores Carlos &amp; Regina Moraes, diretores, apresentadores e o Convidado especial, Ator [&hellip;]<\/p>\n","protected":false},"author":1,"featured_media":29144,"comment_status":"open","ping_status":"open","sticky":false,"template":"","format":"standard","meta":{"_links_to":"","_links_to_target":""},"categories":[4,19,1],"tags":[],"views":3985,"_links":{"self":[{"href":"https:\/\/www.brazilianpress.com\/v1\/wp-json\/wp\/v2\/posts\/29141"}],"collection":[{"href":"https:\/\/www.brazilianpress.com\/v1\/wp-json\/wp\/v2\/posts"}],"about":[{"href":"https:\/\/www.brazilianpress.com\/v1\/wp-json\/wp\/v2\/types\/post"}],"author":[{"embeddable":true,"href":"https:\/\/www.brazilianpress.com\/v1\/wp-json\/wp\/v2\/users\/1"}],"replies":[{"embeddable":true,"href":"https:\/\/www.brazilianpress.com\/v1\/wp-json\/wp\/v2\/comments?post=29141"}],"version-history":[{"count":1,"href":"https:\/\/www.brazilianpress.com\/v1\/wp-json\/wp\/v2\/posts\/29141\/revisions"}],"predecessor-version":[{"id":29146,"href":"https:\/\/www.brazilianpress.com\/v1\/wp-json\/wp\/v2\/posts\/29141\/revisions\/29146"}],"wp:featuredmedia":[{"embeddable":true,"href":"https:\/\/www.brazilianpress.com\/v1\/wp-json\/wp\/v2\/media\/29144"}],"wp:attachment":[{"href":"https:\/\/www.brazilianpress.com\/v1\/wp-json\/wp\/v2\/media?parent=29141"}],"wp:term":[{"taxonomy":"category","embeddable":true,"href":"https:\/\/www.brazilianpress.com\/v1\/wp-json\/wp\/v2\/categories?post=29141"},{"taxonomy":"post_tag","embeddable":true,"href":"https:\/\/www.brazilianpress.com\/v1\/wp-json\/wp\/v2\/tags?post=29141"}],"curies":[{"name":"wp","href":"https:\/\/api.w.org\/{rel}","templated":true}]}}