{"id":2915,"date":"2013-09-12T14:19:55","date_gmt":"2013-09-12T18:19:55","guid":{"rendered":"http:\/\/www.brazilianpress.com\/v1\/?p=2915"},"modified":"2013-09-19T10:37:31","modified_gmt":"2013-09-19T14:37:31","slug":"ice-estabelece-nova-politica-para-confinamento-de-imigrantes-em-solitarias","status":"publish","type":"post","link":"https:\/\/www.brazilianpress.com\/v1\/2013\/09\/12\/ice-estabelece-nova-politica-para-confinamento-de-imigrantes-em-solitarias\/","title":{"rendered":"ICE estabelece nova pol\u00edtica para confinamento de imigrantes em solit\u00e1rias"},"content":{"rendered":"<p>O Bureau of Immigration and Customs Enforcement (ICE ), alterou as normas que regulamentam o uso do confinamento solit\u00e1rio para indocumentados em todos os centros de deten\u00e7\u00e3o, medida que foi bem recebida quinta-feira pelo grupo de defesa dos direitos dos imigrantes.<\/p>\n<p><img loading=\"lazy\" class=\"alignnone size-full wp-image-2916\" alt=\"prisao confinamento ice\" src=\"http:\/\/www.brazilianpress.com\/v1\/wp-content\/uploads\/2013\/09\/prisao-confinamento-ice.jpg\" width=\"450\" height=\"338\" srcset=\"https:\/\/www.brazilianpress.com\/v1\/wp-content\/uploads\/2013\/09\/prisao-confinamento-ice.jpg 450w, https:\/\/www.brazilianpress.com\/v1\/wp-content\/uploads\/2013\/09\/prisao-confinamento-ice-300x225.jpg 300w\" sizes=\"(max-width: 450px) 100vw, 450px\" \/><\/p>\n<p>A nova pol\u00edtica aumenta substancialmente a tarefa ICE de monitorar o uso do confinamento solit\u00e1rio e estabelece limites \u00e0 sua utiliza\u00e7\u00e3o, especialmente para &#8221; popula\u00e7\u00f5es vulner\u00e1veis \u200b\u200b&#8221;, como as pessoas com doen\u00e7a mental, doen\u00e7a grave ou defici\u00eancia, mulheres gr\u00e1vidas ou lactantes , idosos e pessoas que possam ter preju\u00edzos em sua orienta\u00e7\u00e3o sexual ou g\u00eanero.<!--more--><\/p>\n<p>A decis\u00e3o de colocar os prisioneiros em confinamento solit\u00e1rio \u00e9 um passo s\u00e9rio que exige uma an\u00e1lise cuidadosa das alternativas , diz\u00a0 a diretiva em um par\u00e1grafo . &#8221; O confinamento deve ocorrer apenas quando necess\u00e1rio e em conformidade com as normas aplic\u00e1veis \u200b\u200bda pris\u00e3o &#8220;. A diretiva exige que todos os centros de deten\u00e7\u00e3o do ICE contratados pelo Governo relatem casos de confinamento solit\u00e1rio e que a puni\u00e7\u00e3o dever\u00e1 ser usada apenas como um \u00faltimo recurso.<\/p>\n<p>De acordo com a analista de pol\u00edtica legislativa Civil Liberties Union EUA (ACLU ) , Ruthie Epstein, &#8221; a nova diretiva do ICE \u00e9 um bom exemplo para o sistema prisional em uma escala maior em monitorar o uso de confinamento solit\u00e1rio . &#8221;<br \/>\nDe acordo com pesquisas feitas em maio, todos os dias mais de 300 pessoas s\u00e3o mantidas em confinamento solit\u00e1rio no sistema de deten\u00e7\u00e3o de imigrantes.<\/p>\n","protected":false},"excerpt":{"rendered":"<p>O Bureau of Immigration and Customs Enforcement (ICE ), alterou as normas que regulamentam o uso do confinamento solit\u00e1rio para indocumentados em todos os centros de deten\u00e7\u00e3o, medida que foi bem recebida quinta-feira pelo grupo de defesa dos direitos dos imigrantes. A nova pol\u00edtica aumenta substancialmente a tarefa ICE de monitorar o uso do confinamento solit\u00e1rio e estabelece limites \u00e0 sua utiliza\u00e7\u00e3o, especialmente para &#8221; popula\u00e7\u00f5es vulner\u00e1veis \u200b\u200b&#8221;, como as pessoas com doen\u00e7a mental, doen\u00e7a grave ou defici\u00eancia, mulheres gr\u00e1vidas ou lactantes , idosos e pessoas que possam ter preju\u00edzos em sua orienta\u00e7\u00e3o sexual ou g\u00eanero.<\/p>\n","protected":false},"author":1,"featured_media":2916,"comment_status":"open","ping_status":"open","sticky":false,"template":"","format":"standard","meta":{"_links_to":"","_links_to_target":""},"categories":[4,1],"tags":[],"views":3189,"_links":{"self":[{"href":"https:\/\/www.brazilianpress.com\/v1\/wp-json\/wp\/v2\/posts\/2915"}],"collection":[{"href":"https:\/\/www.brazilianpress.com\/v1\/wp-json\/wp\/v2\/posts"}],"about":[{"href":"https:\/\/www.brazilianpress.com\/v1\/wp-json\/wp\/v2\/types\/post"}],"author":[{"embeddable":true,"href":"https:\/\/www.brazilianpress.com\/v1\/wp-json\/wp\/v2\/users\/1"}],"replies":[{"embeddable":true,"href":"https:\/\/www.brazilianpress.com\/v1\/wp-json\/wp\/v2\/comments?post=2915"}],"version-history":[{"count":3,"href":"https:\/\/www.brazilianpress.com\/v1\/wp-json\/wp\/v2\/posts\/2915\/revisions"}],"predecessor-version":[{"id":2918,"href":"https:\/\/www.brazilianpress.com\/v1\/wp-json\/wp\/v2\/posts\/2915\/revisions\/2918"}],"wp:featuredmedia":[{"embeddable":true,"href":"https:\/\/www.brazilianpress.com\/v1\/wp-json\/wp\/v2\/media\/2916"}],"wp:attachment":[{"href":"https:\/\/www.brazilianpress.com\/v1\/wp-json\/wp\/v2\/media?parent=2915"}],"wp:term":[{"taxonomy":"category","embeddable":true,"href":"https:\/\/www.brazilianpress.com\/v1\/wp-json\/wp\/v2\/categories?post=2915"},{"taxonomy":"post_tag","embeddable":true,"href":"https:\/\/www.brazilianpress.com\/v1\/wp-json\/wp\/v2\/tags?post=2915"}],"curies":[{"name":"wp","href":"https:\/\/api.w.org\/{rel}","templated":true}]}}