{"id":29185,"date":"2017-06-15T13:06:13","date_gmt":"2017-06-15T17:06:13","guid":{"rendered":"http:\/\/www.brazilianpress.com\/v1\/?p=29185"},"modified":"2017-06-15T13:06:13","modified_gmt":"2017-06-15T17:06:13","slug":"procurador-geral-dos-eua-testemunhara-sobre-interferencia-russa-nas-eleicoes","status":"publish","type":"post","link":"https:\/\/www.brazilianpress.com\/v1\/2017\/06\/15\/procurador-geral-dos-eua-testemunhara-sobre-interferencia-russa-nas-eleicoes\/","title":{"rendered":"Procurador-geral dos EUA testemunhar\u00e1 sobre interfer\u00eancia russa nas elei\u00e7\u00f5es"},"content":{"rendered":"<p>O procurador-geral dos Estados Unidos, Jeff Sessions, compareceu na ter\u00e7a-feira (13) ao Comit\u00ea de Intelig\u00eancia do Senado para responder ao testemunho feito pelo ex-diretor do FBI , James Comey, sobre a suposta interfer\u00eancia da R\u00fassia nas elei\u00e7\u00f5es presidenciais dos EUA de 2016. Segundo informa\u00e7\u00f5es, Sessions j\u00e1 compareceria a um subcomit\u00ea na mesma data, mas os legisladores democratas decidiram aproveitar a ocasi\u00e3o para lhe fazer algumas perguntas.<\/p>\n<p>O objetivo da oposi\u00e7\u00e3o ao governo Donald Trump foi esclarecer quest\u00f5es sobre os contatos do procurador-geral com o governo russo e seu papel durante a investiga\u00e7\u00e3o sobre a poss\u00edvel interfer\u00eancia na corrida presidencial dos EUA . &#8220;\u00c0 luz das informa\u00e7\u00f5es que concernem ao recente testemunho de Comey perante o Seleto Comit\u00ea de Intelig\u00eancia do Senado , \u00e9 importante que tenha uma oportunidade de abordar esse assunto no foro apropriado&#8221;, disse Sessions em comunicado.<\/p>\n<p>&#8220;Previamente aceitei um convite para testemunhar em nome do Departamento de Justi\u00e7a perante os subcomit\u00eas de Dota\u00e7\u00f5es da C\u00e2mara e o Senado sobre o or\u00e7amento do Departamento para 2018&#8221;, explicou. Segundo ele, alguns membros dos subcomit\u00eas haviam expressado publicamente o desejo de aproveitar as reuni\u00f5es para concentrar suas perguntas em assuntos relacionados \u00e0 investiga\u00e7\u00e3o, mas a inten\u00e7\u00e3o foi prontamente recusada.<\/p>\n<p>Sessions argumentou que o Comit\u00ea de Intelig\u00eancia do Senado \u00e9 o foro &#8220;mais apropriado&#8221; para o assunto, &#8220;j\u00e1 que esteve fazendo uma investiga\u00e7\u00e3o e tem acesso a informa\u00e7\u00f5es relevantes e confidenciais&#8221;. Por este motivo, afirma estar satisfeito em &#8220;aceitar o convite para comparecer perante os membros desse comit\u00ea&#8221;.<\/p>\n<p>Para seu depoimento com os subcomit\u00eas de Dota\u00e7\u00f5es de ambas as c\u00e2maras, Sessions ser\u00e1 substitu\u00eddo pelo vice-procurador-geral, Rod Rosenstein. De acordo com a imprensa local, Comey disse ao Comit\u00ea de Intelig\u00eancia do Senado que o procurador-geral pode ter realizado uma terceira reuni\u00e3o \u2013 at\u00e9 agora desconhecida \u2013 com o embaixador russo nos EUA, Sergei Kislyak.<\/p>\n<p>Na \u00faltima quinta-feira (8), Sessions se defendeu e assegurou que se desligou da investiga\u00e7\u00e3o sobre interfer\u00eancia da R\u00fassia &#8220;apenas&#8221; pela sua participa\u00e7\u00e3o na campanha do agora presidente Donald Trump. A vers\u00e3o do ex-diretor do FBI, por\u00e9m, afirma que o procurador-geral deixou a investiga\u00e7\u00e3o em 2 de mar\u00e7o por conta de sua participa\u00e7\u00e3o em uma s\u00e9rie de fatos, que por serem sigilosos, n\u00e3o revelou perante o p\u00fablico.<\/p>\n","protected":false},"excerpt":{"rendered":"<p>O procurador-geral dos Estados Unidos, Jeff Sessions, compareceu na ter\u00e7a-feira (13) ao Comit\u00ea de Intelig\u00eancia do Senado para responder ao testemunho feito pelo ex-diretor do FBI , James Comey, sobre a suposta interfer\u00eancia da R\u00fassia nas elei\u00e7\u00f5es presidenciais dos EUA de 2016. Segundo informa\u00e7\u00f5es, Sessions j\u00e1 compareceria a um subcomit\u00ea na mesma data, mas os legisladores democratas decidiram aproveitar a ocasi\u00e3o para lhe fazer algumas perguntas. O objetivo da oposi\u00e7\u00e3o ao governo Donald Trump foi esclarecer quest\u00f5es sobre os contatos do procurador-geral com o governo russo e seu papel durante a investiga\u00e7\u00e3o sobre a poss\u00edvel interfer\u00eancia na corrida presidencial dos [&hellip;]<\/p>\n","protected":false},"author":1,"featured_media":29186,"comment_status":"open","ping_status":"open","sticky":false,"template":"","format":"standard","meta":{"_links_to":"","_links_to_target":""},"categories":[3,1,10],"tags":[],"views":1985,"_links":{"self":[{"href":"https:\/\/www.brazilianpress.com\/v1\/wp-json\/wp\/v2\/posts\/29185"}],"collection":[{"href":"https:\/\/www.brazilianpress.com\/v1\/wp-json\/wp\/v2\/posts"}],"about":[{"href":"https:\/\/www.brazilianpress.com\/v1\/wp-json\/wp\/v2\/types\/post"}],"author":[{"embeddable":true,"href":"https:\/\/www.brazilianpress.com\/v1\/wp-json\/wp\/v2\/users\/1"}],"replies":[{"embeddable":true,"href":"https:\/\/www.brazilianpress.com\/v1\/wp-json\/wp\/v2\/comments?post=29185"}],"version-history":[{"count":1,"href":"https:\/\/www.brazilianpress.com\/v1\/wp-json\/wp\/v2\/posts\/29185\/revisions"}],"predecessor-version":[{"id":29187,"href":"https:\/\/www.brazilianpress.com\/v1\/wp-json\/wp\/v2\/posts\/29185\/revisions\/29187"}],"wp:featuredmedia":[{"embeddable":true,"href":"https:\/\/www.brazilianpress.com\/v1\/wp-json\/wp\/v2\/media\/29186"}],"wp:attachment":[{"href":"https:\/\/www.brazilianpress.com\/v1\/wp-json\/wp\/v2\/media?parent=29185"}],"wp:term":[{"taxonomy":"category","embeddable":true,"href":"https:\/\/www.brazilianpress.com\/v1\/wp-json\/wp\/v2\/categories?post=29185"},{"taxonomy":"post_tag","embeddable":true,"href":"https:\/\/www.brazilianpress.com\/v1\/wp-json\/wp\/v2\/tags?post=29185"}],"curies":[{"name":"wp","href":"https:\/\/api.w.org\/{rel}","templated":true}]}}