{"id":29197,"date":"2017-06-15T13:24:28","date_gmt":"2017-06-15T17:24:28","guid":{"rendered":"http:\/\/www.brazilianpress.com\/v1\/?p=29197"},"modified":"2017-06-15T13:24:28","modified_gmt":"2017-06-15T17:24:28","slug":"o-comite-do-portugal-day-de-newark-pede-desculpas-a-populacao-por-causa-do-tiroteio-ocorrido-no-sabado","status":"publish","type":"post","link":"https:\/\/www.brazilianpress.com\/v1\/2017\/06\/15\/o-comite-do-portugal-day-de-newark-pede-desculpas-a-populacao-por-causa-do-tiroteio-ocorrido-no-sabado\/","title":{"rendered":"O Comit\u00ea do Portugal Day de Newark pede desculpas \u00e0 popula\u00e7\u00e3o por causa do tiroteio ocorrido no s\u00e1bado"},"content":{"rendered":"<p>Este \u00e9 um comunicado divulgado pelo Comit\u00ea do Dia de Portugal em Newark Portugal em rela\u00e7\u00e3o ao incidente de tiroteio no s\u00e1bado \u00e0 noite.<\/p>\n<p>&#8220;N\u00f3s recebemos inqu\u00e9ritos sobre um incidente na noite de s\u00e1bado ocorrido na Prospect St. A comunidade deve estar ciente de que o festival portugu\u00eas do Ironbound \u00e9 composto por muitas celebra\u00e7\u00f5es executadas e operadas de forma independente, autorizadas pela cidade de Newark.<\/p>\n<p>O Comit\u00ea do Dia de Portugal de Newark \u00e9 respons\u00e1vel por organizar os eventos localizados no Parque Peter Francisco, o desfile e muitas outras atividades culturais ao longo do ano. N\u00e3o tivemos incidentes provenientes nessas localiza\u00e7\u00f5es, de modo que n\u00e3o podemos comentar os eventos que ocorrem fora dos par\u00e2metros da nossa localiza\u00e7\u00e3o.<\/p>\n<p>Tamb\u00e9m aguardamos atentamente detalhes para poder dar nosso parecer.<\/p>\n<p>Quem tiver alguma d\u00favida, entre em contato com o Departamento de Pol\u00edcia de Newark.<\/p>\n<p>A celebra\u00e7\u00e3o de nossa cultura e patrim\u00f4nio \u00e9 muito apreciada por n\u00f3s e quaisquer incidentes negativos que ocorreram durante esse fim de semana, independentemente da localiza\u00e7\u00e3o, s\u00e3o preocupantes e prejudicam o prop\u00f3sito e objetivo da celebra\u00e7\u00e3o.<\/p>\n<p>A comunidade portuguesa \u00e9 trabalhadora, digna e respeitosa. Tudo o que pedimos \u00e9 que as pessoas compare\u00e7am aos v\u00e1rios locais do Ironbound de forma respeitosa para se juntarem a n\u00f3s para celebrar nossa cultura e patrim\u00f4nio.<\/p>\n<p>\u00c9 desanimador ouvir sobre esses incidentes. Como de costume, as a\u00e7\u00f5es de algumas pessoas arru\u00ednam a comemora\u00e7\u00e3o para a maioria das pessoas que aparecem todos os anos para simplesmente curtir um fim de semana festivo &#8220;.<\/p>\n<p>Desejamos \u00e0s v\u00edtimas do incidente uma r\u00e1pida recupera\u00e7\u00e3o.<\/p>\n<p>Obrigado,<\/p>\n<p>Portugal Day Newark<\/p>\n","protected":false},"excerpt":{"rendered":"<p>Este \u00e9 um comunicado divulgado pelo Comit\u00ea do Dia de Portugal em Newark Portugal em rela\u00e7\u00e3o ao incidente de tiroteio no s\u00e1bado \u00e0 noite. &#8220;N\u00f3s recebemos inqu\u00e9ritos sobre um incidente na noite de s\u00e1bado ocorrido na Prospect St. A comunidade deve estar ciente de que o festival portugu\u00eas do Ironbound \u00e9 composto por muitas celebra\u00e7\u00f5es executadas e operadas de forma independente, autorizadas pela cidade de Newark. O Comit\u00ea do Dia de Portugal de Newark \u00e9 respons\u00e1vel por organizar os eventos localizados no Parque Peter Francisco, o desfile e muitas outras atividades culturais ao longo do ano. N\u00e3o tivemos incidentes provenientes [&hellip;]<\/p>\n","protected":false},"author":1,"featured_media":29198,"comment_status":"open","ping_status":"open","sticky":false,"template":"","format":"standard","meta":{"_links_to":"","_links_to_target":""},"categories":[4,3,1],"tags":[],"views":2281,"_links":{"self":[{"href":"https:\/\/www.brazilianpress.com\/v1\/wp-json\/wp\/v2\/posts\/29197"}],"collection":[{"href":"https:\/\/www.brazilianpress.com\/v1\/wp-json\/wp\/v2\/posts"}],"about":[{"href":"https:\/\/www.brazilianpress.com\/v1\/wp-json\/wp\/v2\/types\/post"}],"author":[{"embeddable":true,"href":"https:\/\/www.brazilianpress.com\/v1\/wp-json\/wp\/v2\/users\/1"}],"replies":[{"embeddable":true,"href":"https:\/\/www.brazilianpress.com\/v1\/wp-json\/wp\/v2\/comments?post=29197"}],"version-history":[{"count":1,"href":"https:\/\/www.brazilianpress.com\/v1\/wp-json\/wp\/v2\/posts\/29197\/revisions"}],"predecessor-version":[{"id":29199,"href":"https:\/\/www.brazilianpress.com\/v1\/wp-json\/wp\/v2\/posts\/29197\/revisions\/29199"}],"wp:featuredmedia":[{"embeddable":true,"href":"https:\/\/www.brazilianpress.com\/v1\/wp-json\/wp\/v2\/media\/29198"}],"wp:attachment":[{"href":"https:\/\/www.brazilianpress.com\/v1\/wp-json\/wp\/v2\/media?parent=29197"}],"wp:term":[{"taxonomy":"category","embeddable":true,"href":"https:\/\/www.brazilianpress.com\/v1\/wp-json\/wp\/v2\/categories?post=29197"},{"taxonomy":"post_tag","embeddable":true,"href":"https:\/\/www.brazilianpress.com\/v1\/wp-json\/wp\/v2\/tags?post=29197"}],"curies":[{"name":"wp","href":"https:\/\/api.w.org\/{rel}","templated":true}]}}