{"id":29200,"date":"2017-06-15T13:28:20","date_gmt":"2017-06-15T17:28:20","guid":{"rendered":"http:\/\/www.brazilianpress.com\/v1\/?p=29200"},"modified":"2017-06-15T13:28:20","modified_gmt":"2017-06-15T17:28:20","slug":"tribunal-de-apelacoes-continua-a-bloquear-o-veto-de-imigracao","status":"publish","type":"post","link":"https:\/\/www.brazilianpress.com\/v1\/2017\/06\/15\/tribunal-de-apelacoes-continua-a-bloquear-o-veto-de-imigracao\/","title":{"rendered":"Tribunal de apela\u00e7\u00f5es continua a bloquear o veto de imigra\u00e7\u00e3o"},"content":{"rendered":"<p>Um tribunal de apela\u00e7\u00f5es decidiu na segunda-feira manter o bloqueio que paira sobre o veto de imigra\u00e7\u00e3o do presidente Donald Trump, proclamada em mar\u00e7o, para proibir a entrada no territ\u00f3rio dos EUA de refugiados e nacionais de seis pa\u00edses de maioria mu\u00e7ulmana.<\/p>\n<p>O Tribunal de Apela\u00e7\u00f5es do Nono Circuito decidiu que o presidente &#8220;excedeu os limites de sua autoridade&#8221; por meio da assinatura em 6 de mar\u00e7o sua ordem executiva sobre a imigra\u00e7\u00e3o e, portanto, decidiu manter bloqueio as partes mais importantes do decreto.<\/p>\n<p>O veto migrat\u00f3rio de Trump j\u00e1 est\u00e1 no Supremo Tribunal depois que o Tribunal de Apela\u00e7\u00f5es do Quarto Circuito, com sede em Richmond, Virginia, n\u00e3o conseguiu ir contra ele em 25 de maio.<\/p>\n<p>O fracasso significa outro grave rev\u00e9s para a administra\u00e7\u00e3o do presidente da inten\u00e7\u00e3o de impor um bloqueio a cidad\u00e3os de alguns pa\u00edses com maioria \u00e1rabe. O Hawaii disse que a pol\u00edtica de discrimina\u00e7\u00e3o contra mu\u00e7ulmanos prejudica a economia do estado que depende do turismo.<\/p>\n<p>Interessado em prosseguir o bloqueio da ordem presidencial, o procurador-geral do Estado, Douglas Chin, argumentou na \u00e9poca que est\u00e1 impl\u00edcita na mensagem de veto \u00e9 como uma &#8220;luz de n\u00e9on que diz n\u00e3o-mu\u00e7ulmanos, n\u00e3o-mu\u00e7ulmanos&#8221; que o governo n\u00e3o se preocupou em desligar.<\/p>\n","protected":false},"excerpt":{"rendered":"<p>Um tribunal de apela\u00e7\u00f5es decidiu na segunda-feira manter o bloqueio que paira sobre o veto de imigra\u00e7\u00e3o do presidente Donald Trump, proclamada em mar\u00e7o, para proibir a entrada no territ\u00f3rio dos EUA de refugiados e nacionais de seis pa\u00edses de maioria mu\u00e7ulmana. O Tribunal de Apela\u00e7\u00f5es do Nono Circuito decidiu que o presidente &#8220;excedeu os limites de sua autoridade&#8221; por meio da assinatura em 6 de mar\u00e7o sua ordem executiva sobre a imigra\u00e7\u00e3o e, portanto, decidiu manter bloqueio as partes mais importantes do decreto. O veto migrat\u00f3rio de Trump j\u00e1 est\u00e1 no Supremo Tribunal depois que o Tribunal de Apela\u00e7\u00f5es [&hellip;]<\/p>\n","protected":false},"author":1,"featured_media":29201,"comment_status":"open","ping_status":"open","sticky":false,"template":"","format":"standard","meta":{"_links_to":"","_links_to_target":""},"categories":[4,3,1],"tags":[],"views":2074,"_links":{"self":[{"href":"https:\/\/www.brazilianpress.com\/v1\/wp-json\/wp\/v2\/posts\/29200"}],"collection":[{"href":"https:\/\/www.brazilianpress.com\/v1\/wp-json\/wp\/v2\/posts"}],"about":[{"href":"https:\/\/www.brazilianpress.com\/v1\/wp-json\/wp\/v2\/types\/post"}],"author":[{"embeddable":true,"href":"https:\/\/www.brazilianpress.com\/v1\/wp-json\/wp\/v2\/users\/1"}],"replies":[{"embeddable":true,"href":"https:\/\/www.brazilianpress.com\/v1\/wp-json\/wp\/v2\/comments?post=29200"}],"version-history":[{"count":1,"href":"https:\/\/www.brazilianpress.com\/v1\/wp-json\/wp\/v2\/posts\/29200\/revisions"}],"predecessor-version":[{"id":29202,"href":"https:\/\/www.brazilianpress.com\/v1\/wp-json\/wp\/v2\/posts\/29200\/revisions\/29202"}],"wp:featuredmedia":[{"embeddable":true,"href":"https:\/\/www.brazilianpress.com\/v1\/wp-json\/wp\/v2\/media\/29201"}],"wp:attachment":[{"href":"https:\/\/www.brazilianpress.com\/v1\/wp-json\/wp\/v2\/media?parent=29200"}],"wp:term":[{"taxonomy":"category","embeddable":true,"href":"https:\/\/www.brazilianpress.com\/v1\/wp-json\/wp\/v2\/categories?post=29200"},{"taxonomy":"post_tag","embeddable":true,"href":"https:\/\/www.brazilianpress.com\/v1\/wp-json\/wp\/v2\/tags?post=29200"}],"curies":[{"name":"wp","href":"https:\/\/api.w.org\/{rel}","templated":true}]}}