{"id":29203,"date":"2017-06-15T14:39:32","date_gmt":"2017-06-15T18:39:32","guid":{"rendered":"http:\/\/www.brazilianpress.com\/v1\/?p=29203"},"modified":"2017-06-15T14:39:32","modified_gmt":"2017-06-15T18:39:32","slug":"rhodolfo-diz-que-chega-100-ao-fla-diretor-confirma-geuvanio-proximo","status":"publish","type":"post","link":"https:\/\/www.brazilianpress.com\/v1\/2017\/06\/15\/rhodolfo-diz-que-chega-100-ao-fla-diretor-confirma-geuvanio-proximo\/","title":{"rendered":"Rhodolfo diz que chega 100% ao Fla; diretor confirma Geuv\u00e2nio pr\u00f3ximo"},"content":{"rendered":"<p>S\u00e9timo refor\u00e7o da temporada no Flamengo, o zagueiro Rhodolfo foi apresentado com pompas no in\u00edcio da noite de segunda-feira no Ninho do Urubu. Nas palavras do presidente Eduardo Bandeira de Mello \u2013 que pediu desculpas se algum outro torcedor se sentiu ofendido pela banana enviada na partida em Florian\u00f3polis -, \u201co novo xerife\u201d. Para o diretor de futebol, Rodrigo Caetano uma lideran\u00e7a positiva para a sequ\u00eancia do ano no Flamengo. O executivo, por sinal, confirmou que tem \u201cconversas avan\u00e7adas\u201d por Geuv\u00e2nio, atacante do Tianjin Quanjian.<\/p>\n<p>Aos 30 anos, Rhodolfo vestiu a camisa 44, agradeceu a oportunidade e n\u00e3o poupou elogios ao clube e aos novos companheiros do elenco. E, antes de tudo, quis mandar mensagem aos torcedores. Com poucas partidas nesta \u00faltima temporada pelo Besiktas, que foi o campe\u00e3o turco, o brasileiro atuou cinco vezes \u2013 tr\u00eas delas como titular \u2013 na campanha vitoriosa do agora seu ex-time. Mas afirmou que se deveu a op\u00e7\u00f5es do t\u00e9cnico (confira abaixo as principais respostas do jogador na coletiva de imprensa).<\/p>\n<p>&#8211; Acho que chegaram informa\u00e7\u00f5es erradas sobre minha forma f\u00edsica. Desde que voltei da minha cirurgia no ano passado nunca mais voltei para a fisioterapia. N\u00e3o tem nada disso de machucado. Foi op\u00e7\u00e3o do treinador. Voltei antes do tempo de les\u00e3o. Era para ficar sete meses parado, mas voltei em cinco. Joguei algumas partidas, mas por op\u00e7\u00e3o do t\u00e9cnico, tive que respeitar e esperar, como sempre fiz. Vinha treinando mais forte ainda. Queria muito vestir essa camisa do Flamengo. Quero ajudar meus companheiros &#8211; destacou o zagueiro, que teve les\u00e3o no joelho em fevereiro de 2016 e acabou perdendo espa\u00e7o na Europa.<\/p>\n<p>O paranaense de 1,93m destacou a grandeza do Flamengo \u2013 lembrou at\u00e9 que ao falar do seu novo destino os companheiros vibraram por ele \u2013 e a concorr\u00eancia sadia e forte para jogar na defesa. Ele custou 1,5 milh\u00e3o de euros (cerca de R$ 5,3 milh\u00f5es) aos cofres rubro-negros. Durante a apresenta\u00e7\u00e3o, aproveitou para relembrar a trajet\u00f3ria at\u00e9 chegar clube.<\/p>\n<p>&#8211; O Atl\u00e9tico-PR me revelou, no S\u00e3o Paulo fui feliz, time do Muricy, campe\u00e3o, com v\u00e1rios jogadores de excelente qualidade, onde fui convocado para a Sele\u00e7\u00e3o. No Gr\u00eamio tamb\u00e9m fui muito feliz, torcida muito fan\u00e1tica. E o Flamengo, que tem uma for\u00e7a em termos mundiais. No meu clube (Besiktas, da Turquia) eles disseram que sabiam o que era o Flamengo. Essa camisa aqui \u00e9 gigante \u2013 disse o zagueiro.<\/p>\n<p><strong>Ex-santista ser\u00e1 \u00faltima contrata\u00e7\u00e3o<\/strong><\/p>\n<p>Ap\u00f3s a coletiva de Rhodolfo, o presidente Eduardo Bandeira de Mello e o diretor de futebol responderam algumas perguntas. O dirigente respons\u00e1vel pelo departamento de futebol reconheceu que os resultados n\u00e3o correspondem ao investimento feito no elenco \u2013 \u201cprecisamos transformar esse forte elenco em um time\u201d. E confirmou que Geuv\u00e2nio ser\u00e1 o \u00faltimo refor\u00e7o, a n\u00e3o ser que haja alguma sa\u00edda.<\/p>\n<p>&#8211; Tem realmente uma conversa avan\u00e7ada (com Geuv\u00e2nio). Sou extremamente cauteloso com contrata\u00e7\u00f5es. Para confirmar s\u00f3 quando estiver sendo apresentado. N\u00e3o posso confirmar nada al\u00e9m disso, pois tem exames m\u00e9dicos, outras pontas que est\u00e3o sendo amarradas, mas est\u00e1 em um est\u00e1gio avan\u00e7ado. Caso ele venha, se encerram as negocia\u00e7\u00f5es. Temos um elenco equilibrado e em bom n\u00famero \u2013 afirmou o dirigente.<\/p>\n<p><strong>Elogios a Z\u00e9 Ricardo<\/strong><\/p>\n<p>J\u00e1 o conhe\u00e7o. \u00c9 Excelente t\u00e9cnico, ouvi falar muito bem dele. Acompanhei o Flamengo de longe e ele \u00e9 uma excelente pessoa e tem a total confian\u00e7a do grupo. J\u00e1 estou legal para jogar, mas vai depender do treinador. Cheguei para ajudar.<\/p>\n<p><strong>\u201cNovo xerife\u201d<\/strong><\/p>\n<p>Ra\u00e7a n\u00e3o pode faltar vestindo essa camisa, \u00e9 o sonho de qualquer crian\u00e7a e de qualquer jogador. Temos que nos colocar na pele do torcedor, que paga ingresso, que viaja e isso vamos mostrar dentro de campo, com muita ra\u00e7a. No dia a dia e nos treinamentos vou dar o m\u00e1ximo por essa camisa. A camisa do Flamengo \u00e9 gigante. Pela torcida que tem, pela estrutura, comiss\u00e3o e jogadores, temos que disputar t\u00edtulos. Quando surgiu a conversa com Rodrigo, n\u00e3o pensei duas vezes. Disse para meus empres\u00e1rios que j\u00e1 podia fechar e que queria vir para c\u00e1. Grupo forte e com jogadores de qualidade.<\/p>\n<p><strong>Disputa na zaga<\/strong><\/p>\n<p>\u00c9 uma concorr\u00eancia sadia, com jogadores de qualidade e de sele\u00e7\u00e3o. Ano passado, R\u00e9ver e Vaz formaram a zaga de melhor desempenho do Flamengo nos pontos corridos. Ainda tem o Donatti, que j\u00e1 conhecia. S\u00e3o muitos zagueiros de qualidade. \u00c9 bom quando o elenco tem muitas op\u00e7\u00f5es, vamos ajudar da melhor maneira poss\u00edvel, nos treinamentos e nos jogos. Jogo nos dois lados, tanto na esquerda quanto na direita. N\u00e3o tenho prefer\u00eancia.<\/p>\n<p><strong>Zaga lenta com R\u00e9ver?<\/strong><\/p>\n<p>N\u00e3o acho, porque somos altos (1,91 R\u00e9ver, Rhodolfo, 1,93m), mas temos uma boa passada. A experi\u00eancia conta bastante. Acho que temos tudo para dar certo, como todos os outros. Quem o professor optar para jogar estaremos \u00e0 disposi\u00e7\u00e3o.<\/p>\n","protected":false},"excerpt":{"rendered":"<p>S\u00e9timo refor\u00e7o da temporada no Flamengo, o zagueiro Rhodolfo foi apresentado com pompas no in\u00edcio da noite de segunda-feira no Ninho do Urubu. Nas palavras do presidente Eduardo Bandeira de Mello \u2013 que pediu desculpas se algum outro torcedor se sentiu ofendido pela banana enviada na partida em Florian\u00f3polis -, \u201co novo xerife\u201d. Para o diretor de futebol, Rodrigo Caetano uma lideran\u00e7a positiva para a sequ\u00eancia do ano no Flamengo. O executivo, por sinal, confirmou que tem \u201cconversas avan\u00e7adas\u201d por Geuv\u00e2nio, atacante do Tianjin Quanjian. Aos 30 anos, Rhodolfo vestiu a camisa 44, agradeceu a oportunidade e n\u00e3o poupou elogios [&hellip;]<\/p>\n","protected":false},"author":1,"featured_media":29204,"comment_status":"open","ping_status":"open","sticky":false,"template":"","format":"standard","meta":{"_links_to":"","_links_to_target":""},"categories":[9,1],"tags":[],"views":1866,"_links":{"self":[{"href":"https:\/\/www.brazilianpress.com\/v1\/wp-json\/wp\/v2\/posts\/29203"}],"collection":[{"href":"https:\/\/www.brazilianpress.com\/v1\/wp-json\/wp\/v2\/posts"}],"about":[{"href":"https:\/\/www.brazilianpress.com\/v1\/wp-json\/wp\/v2\/types\/post"}],"author":[{"embeddable":true,"href":"https:\/\/www.brazilianpress.com\/v1\/wp-json\/wp\/v2\/users\/1"}],"replies":[{"embeddable":true,"href":"https:\/\/www.brazilianpress.com\/v1\/wp-json\/wp\/v2\/comments?post=29203"}],"version-history":[{"count":1,"href":"https:\/\/www.brazilianpress.com\/v1\/wp-json\/wp\/v2\/posts\/29203\/revisions"}],"predecessor-version":[{"id":29205,"href":"https:\/\/www.brazilianpress.com\/v1\/wp-json\/wp\/v2\/posts\/29203\/revisions\/29205"}],"wp:featuredmedia":[{"embeddable":true,"href":"https:\/\/www.brazilianpress.com\/v1\/wp-json\/wp\/v2\/media\/29204"}],"wp:attachment":[{"href":"https:\/\/www.brazilianpress.com\/v1\/wp-json\/wp\/v2\/media?parent=29203"}],"wp:term":[{"taxonomy":"category","embeddable":true,"href":"https:\/\/www.brazilianpress.com\/v1\/wp-json\/wp\/v2\/categories?post=29203"},{"taxonomy":"post_tag","embeddable":true,"href":"https:\/\/www.brazilianpress.com\/v1\/wp-json\/wp\/v2\/tags?post=29203"}],"curies":[{"name":"wp","href":"https:\/\/api.w.org\/{rel}","templated":true}]}}