{"id":29206,"date":"2017-06-15T14:40:25","date_gmt":"2017-06-15T18:40:25","guid":{"rendered":"http:\/\/www.brazilianpress.com\/v1\/?p=29206"},"modified":"2017-06-15T14:40:25","modified_gmt":"2017-06-15T18:40:25","slug":"recuperados-luan-e-leonardo-silva-treinam-na-reapresentacao-do-galo","status":"publish","type":"post","link":"https:\/\/www.brazilianpress.com\/v1\/2017\/06\/15\/recuperados-luan-e-leonardo-silva-treinam-na-reapresentacao-do-galo\/","title":{"rendered":"Recuperados, Luan e Leonardo Silva treinam na reapresenta\u00e7\u00e3o do Galo"},"content":{"rendered":"<p>A torcida atleticana ganhou dois motivos para confiar em uma recupera\u00e7\u00e3o do time j\u00e1 nesta quarta-feira, \u00e0s 19h30 (de Bras\u00edlia), contra o Atl\u00e9tico-PR, no Independ\u00eancia. Na reapresenta\u00e7\u00e3o da equipe, nesta segunda, o zagueiro Leonardo Silva e o atacante Luan foram liberados pelo departamento m\u00e9dico do clube e treinaram normalmente com restante do grupo, na Cidade do Galo.<\/p>\n<p>Luan n\u00e3o joga desde o dia 13 de abril, quando participou da partida contra o Sport Boys, pela Libertadores. Nesse jogo, ele sentiu uma les\u00e3o muscular ainda no primeiro tempo. Leonardo Silva disputou a \u00faltima partida na final\u00edssima do Campeonato Mineiro, contra o Cruzeiro, dia 7 de maio. Os dois sofreram les\u00f5es musculares e desde ent\u00e3o vinham se recuperando no DM alvinegro. Ainda n\u00e3o se sabe se a dupla ser\u00e1 relacionado para a partida desta quarta-feira, v\u00e1lida pela s\u00e9tima rodada do Brasileir\u00e3o.<\/p>\n<p>Al\u00e9m de Luan e Leonardo Silva, outras duas novidades na atividade foram as presen\u00e7as do meia Otero, que estava com a sele\u00e7\u00e3o venezuelana e se reapresentou s\u00e1bado ao time, e o lateral-esquerdo F\u00e1bio Santos, que cumpriu suspens\u00e3o pelo terceiro cart\u00e3o amarelo no jogo contra o Vit\u00f3ria.<\/p>\n","protected":false},"excerpt":{"rendered":"<p>A torcida atleticana ganhou dois motivos para confiar em uma recupera\u00e7\u00e3o do time j\u00e1 nesta quarta-feira, \u00e0s 19h30 (de Bras\u00edlia), contra o Atl\u00e9tico-PR, no Independ\u00eancia. Na reapresenta\u00e7\u00e3o da equipe, nesta segunda, o zagueiro Leonardo Silva e o atacante Luan foram liberados pelo departamento m\u00e9dico do clube e treinaram normalmente com restante do grupo, na Cidade do Galo. Luan n\u00e3o joga desde o dia 13 de abril, quando participou da partida contra o Sport Boys, pela Libertadores. Nesse jogo, ele sentiu uma les\u00e3o muscular ainda no primeiro tempo. Leonardo Silva disputou a \u00faltima partida na final\u00edssima do Campeonato Mineiro, contra o [&hellip;]<\/p>\n","protected":false},"author":1,"featured_media":29207,"comment_status":"open","ping_status":"open","sticky":false,"template":"","format":"standard","meta":{"_links_to":"","_links_to_target":""},"categories":[9,1],"tags":[],"views":1645,"_links":{"self":[{"href":"https:\/\/www.brazilianpress.com\/v1\/wp-json\/wp\/v2\/posts\/29206"}],"collection":[{"href":"https:\/\/www.brazilianpress.com\/v1\/wp-json\/wp\/v2\/posts"}],"about":[{"href":"https:\/\/www.brazilianpress.com\/v1\/wp-json\/wp\/v2\/types\/post"}],"author":[{"embeddable":true,"href":"https:\/\/www.brazilianpress.com\/v1\/wp-json\/wp\/v2\/users\/1"}],"replies":[{"embeddable":true,"href":"https:\/\/www.brazilianpress.com\/v1\/wp-json\/wp\/v2\/comments?post=29206"}],"version-history":[{"count":1,"href":"https:\/\/www.brazilianpress.com\/v1\/wp-json\/wp\/v2\/posts\/29206\/revisions"}],"predecessor-version":[{"id":29208,"href":"https:\/\/www.brazilianpress.com\/v1\/wp-json\/wp\/v2\/posts\/29206\/revisions\/29208"}],"wp:featuredmedia":[{"embeddable":true,"href":"https:\/\/www.brazilianpress.com\/v1\/wp-json\/wp\/v2\/media\/29207"}],"wp:attachment":[{"href":"https:\/\/www.brazilianpress.com\/v1\/wp-json\/wp\/v2\/media?parent=29206"}],"wp:term":[{"taxonomy":"category","embeddable":true,"href":"https:\/\/www.brazilianpress.com\/v1\/wp-json\/wp\/v2\/categories?post=29206"},{"taxonomy":"post_tag","embeddable":true,"href":"https:\/\/www.brazilianpress.com\/v1\/wp-json\/wp\/v2\/tags?post=29206"}],"curies":[{"name":"wp","href":"https:\/\/api.w.org\/{rel}","templated":true}]}}