{"id":2927,"date":"2013-09-19T09:27:42","date_gmt":"2013-09-19T13:27:42","guid":{"rendered":"http:\/\/www.brazilianpress.com\/v1\/?p=2927"},"modified":"2013-09-26T09:08:12","modified_gmt":"2013-09-26T13:08:12","slug":"social-press-19092013","status":"publish","type":"post","link":"https:\/\/www.brazilianpress.com\/v1\/2013\/09\/19\/social-press-19092013\/","title":{"rendered":"Social Press . 19\/09\/2013"},"content":{"rendered":"<p><em><strong><img loading=\"lazy\" class=\"alignnone size-full wp-image-2939\" alt=\"social press 1645 20130915 (14)\" src=\"http:\/\/www.brazilianpress.com\/v1\/wp-content\/uploads\/2013\/09\/social-press-1645-20130915-14.jpg\" width=\"450\" height=\"300\" srcset=\"https:\/\/www.brazilianpress.com\/v1\/wp-content\/uploads\/2013\/09\/social-press-1645-20130915-14.jpg 450w, https:\/\/www.brazilianpress.com\/v1\/wp-content\/uploads\/2013\/09\/social-press-1645-20130915-14-300x200.jpg 300w\" sizes=\"(max-width: 450px) 100vw, 450px\" \/><br \/>\nQue Bom que Amanh\u00e3 \u00e9 Sexta-Feira, e a noite mais Badalada do Ironbound \u00e9 no Casa Nova Grill. E sob a Luz da Lua Cheia, que tal se Enamorar?<\/strong><\/em><\/p>\n<p><em><strong><img loading=\"lazy\" class=\"alignnone size-full wp-image-2925\" alt=\"social press 1645 20130915 (1)\" src=\"http:\/\/www.brazilianpress.com\/v1\/wp-content\/uploads\/2013\/09\/social-press-1645-20130915-1.jpg\" width=\"350\" height=\"466\" srcset=\"https:\/\/www.brazilianpress.com\/v1\/wp-content\/uploads\/2013\/09\/social-press-1645-20130915-1.jpg 350w, https:\/\/www.brazilianpress.com\/v1\/wp-content\/uploads\/2013\/09\/social-press-1645-20130915-1-225x300.jpg 225w\" sizes=\"(max-width: 350px) 100vw, 350px\" \/><br \/>\nAgora \u00e9 Oficial: ap\u00f3s 5 anos de namoro, os apaixonados Robson e Alice Gavioli declararam-se Marido e Mulher sexta passada. Que Deus Aben\u00e7oe esta Uni\u00e3o s\u00e3o os votos da Equipe Press!<\/strong><\/em><\/p>\n<p><em><strong><img loading=\"lazy\" class=\"alignnone size-full wp-image-2936\" alt=\"social press 1645 20130915 (11)\" src=\"http:\/\/www.brazilianpress.com\/v1\/wp-content\/uploads\/2013\/09\/social-press-1645-20130915-11.jpg\" width=\"450\" height=\"300\" srcset=\"https:\/\/www.brazilianpress.com\/v1\/wp-content\/uploads\/2013\/09\/social-press-1645-20130915-11.jpg 450w, https:\/\/www.brazilianpress.com\/v1\/wp-content\/uploads\/2013\/09\/social-press-1645-20130915-11-300x200.jpg 300w\" sizes=\"(max-width: 450px) 100vw, 450px\" \/><br \/>\nNossas Felicita\u00e7\u00f5es ao empres\u00e1rio Farid Saleh, pela realiza\u00e7\u00e3o do Boi Folia 2013, domingo passado em Newark, agitando a Comunidade Brasileira da Costa Leste com o show de Naldo. Cr\u00e9dito da foto: Veja TV<!--more--><\/strong><\/em><\/p>\n<p><em><strong><img loading=\"lazy\" class=\"alignnone size-full wp-image-2937\" alt=\"social press 1645 20130915 (12)\" src=\"http:\/\/www.brazilianpress.com\/v1\/wp-content\/uploads\/2013\/09\/social-press-1645-20130915-12.jpg\" width=\"450\" height=\"338\" srcset=\"https:\/\/www.brazilianpress.com\/v1\/wp-content\/uploads\/2013\/09\/social-press-1645-20130915-12.jpg 450w, https:\/\/www.brazilianpress.com\/v1\/wp-content\/uploads\/2013\/09\/social-press-1645-20130915-12-300x225.jpg 300w\" sizes=\"(max-width: 450px) 100vw, 450px\" \/><br \/>\nRitmo do Rock: Nosso amigo Reginaldo Bezerra, jornalista da TV Ponta Negra SBT, realizou seus dois sonhos: conhe\u00e7er o Rock IN Rio, e curtir o show do astro Justin Timberlake.<\/strong><\/em><\/p>\n<p><em><strong><img loading=\"lazy\" class=\"alignnone size-full wp-image-2938\" alt=\"social press 1645 20130915 (13)\" src=\"http:\/\/www.brazilianpress.com\/v1\/wp-content\/uploads\/2013\/09\/social-press-1645-20130915-13.jpg\" width=\"450\" height=\"300\" srcset=\"https:\/\/www.brazilianpress.com\/v1\/wp-content\/uploads\/2013\/09\/social-press-1645-20130915-13.jpg 450w, https:\/\/www.brazilianpress.com\/v1\/wp-content\/uploads\/2013\/09\/social-press-1645-20130915-13-300x200.jpg 300w\" sizes=\"(max-width: 450px) 100vw, 450px\" \/><br \/>\nGood Cop, Bad Cop: os portugueses realizadores de cinema, Jo\u00e3o Pedro Rodrigues e Jo\u00e3o Rui Guerra da Mata, em pose exclusiva durante a estreia do filme deles, \u201cLast Time I Saw Macao\u201d sexta passada no Film Society Lincoln Center.<\/strong><\/em><\/p>\n<p><em><strong><img loading=\"lazy\" class=\"alignnone size-full wp-image-2940\" alt=\"social press 1645 20130915 (15)\" src=\"http:\/\/www.brazilianpress.com\/v1\/wp-content\/uploads\/2013\/09\/social-press-1645-20130915-15.jpg\" width=\"450\" height=\"300\" srcset=\"https:\/\/www.brazilianpress.com\/v1\/wp-content\/uploads\/2013\/09\/social-press-1645-20130915-15.jpg 450w, https:\/\/www.brazilianpress.com\/v1\/wp-content\/uploads\/2013\/09\/social-press-1645-20130915-15-300x200.jpg 300w\" sizes=\"(max-width: 450px) 100vw, 450px\" \/><br \/>\nOs membros da Loja Mass\u00f4nica em Newark, informam que a Celebra\u00e7\u00e3o do Anivers\u00e1rio de 12 anos, ser\u00e1 realizada no Boi na Brasa Grill, neste s\u00e1bado, dia 21.<\/strong><\/em><\/p>\n<p><em><strong><img loading=\"lazy\" class=\"alignnone size-full wp-image-2941\" alt=\"social press 1645 20130915 (16)\" src=\"http:\/\/www.brazilianpress.com\/v1\/wp-content\/uploads\/2013\/09\/social-press-1645-20130915-16.jpg\" width=\"450\" height=\"300\" srcset=\"https:\/\/www.brazilianpress.com\/v1\/wp-content\/uploads\/2013\/09\/social-press-1645-20130915-16.jpg 450w, https:\/\/www.brazilianpress.com\/v1\/wp-content\/uploads\/2013\/09\/social-press-1645-20130915-16-300x200.jpg 300w\" sizes=\"(max-width: 450px) 100vw, 450px\" \/><br \/>\nDa Filad\u00e9lfia para o Altas Horas Lanches: a mam\u00e3e Wilma, acompanhada das filhas Waldeth e Waldenia, e da sobrinha Kelli, foram saborear os Sandu\u00edches da lanchonete mais Quente de Newark! Hot!<\/strong><\/em><\/p>\n<p><em><strong><img loading=\"lazy\" class=\"alignnone size-full wp-image-2942\" alt=\"social press 1645 20130915 (17)\" src=\"http:\/\/www.brazilianpress.com\/v1\/wp-content\/uploads\/2013\/09\/social-press-1645-20130915-17.jpg\" width=\"450\" height=\"300\" srcset=\"https:\/\/www.brazilianpress.com\/v1\/wp-content\/uploads\/2013\/09\/social-press-1645-20130915-17.jpg 450w, https:\/\/www.brazilianpress.com\/v1\/wp-content\/uploads\/2013\/09\/social-press-1645-20130915-17-300x200.jpg 300w\" sizes=\"(max-width: 450px) 100vw, 450px\" \/><br \/>\nCom um card\u00e1pio variado, aut\u00eantica culin\u00e1ria brasileira, e atendimento excepcional, o Casa Nova Grill \u00e9 o lugar ideal para reunir a fam\u00edlia e Festejar!<\/strong><\/em><\/p>\n<p><em><strong><img loading=\"lazy\" class=\"alignnone size-full wp-image-2943\" alt=\"social press 1645 20130915 (18)\" src=\"http:\/\/www.brazilianpress.com\/v1\/wp-content\/uploads\/2013\/09\/social-press-1645-20130915-18.jpg\" width=\"450\" height=\"300\" srcset=\"https:\/\/www.brazilianpress.com\/v1\/wp-content\/uploads\/2013\/09\/social-press-1645-20130915-18.jpg 450w, https:\/\/www.brazilianpress.com\/v1\/wp-content\/uploads\/2013\/09\/social-press-1645-20130915-18-300x200.jpg 300w\" sizes=\"(max-width: 450px) 100vw, 450px\" \/><br \/>\nCharme e Simpatia: sauda\u00e7\u00f5es ao advogado Filipe Pedroso, e sua noiva Liana Valeeva, em pose durante um Jantar, ao som da Banda Mistura Fina.<\/strong><\/em><\/p>\n<p><em><strong><img loading=\"lazy\" class=\"alignnone size-full wp-image-2926\" alt=\"social press 1645 20130915 (2)\" src=\"http:\/\/www.brazilianpress.com\/v1\/wp-content\/uploads\/2013\/09\/social-press-1645-20130915-2.jpg\" width=\"450\" height=\"300\" srcset=\"https:\/\/www.brazilianpress.com\/v1\/wp-content\/uploads\/2013\/09\/social-press-1645-20130915-2.jpg 450w, https:\/\/www.brazilianpress.com\/v1\/wp-content\/uploads\/2013\/09\/social-press-1645-20130915-2-300x200.jpg 300w\" sizes=\"(max-width: 450px) 100vw, 450px\" \/><br \/>\nOs namorados Alexandre e Cristiane, meditaram no Serm\u00e3o sobre Casamento, s\u00e1bado passado na Igreja Adventista, e provavelmente j\u00e1 est\u00e3o com planos para o Futuro, com a Ben\u00e7\u00e3o de Nosso Senhor Jesus Cristo. Felicidades!<\/strong><\/em><\/p>\n<p><em><strong><img loading=\"lazy\" class=\"alignnone size-full wp-image-2928\" alt=\"social press 1645 20130915 (3)\" src=\"http:\/\/www.brazilianpress.com\/v1\/wp-content\/uploads\/2013\/09\/social-press-1645-20130915-3.jpg\" width=\"450\" height=\"300\" srcset=\"https:\/\/www.brazilianpress.com\/v1\/wp-content\/uploads\/2013\/09\/social-press-1645-20130915-3.jpg 450w, https:\/\/www.brazilianpress.com\/v1\/wp-content\/uploads\/2013\/09\/social-press-1645-20130915-3-300x200.jpg 300w\" sizes=\"(max-width: 450px) 100vw, 450px\" \/><br \/>\nArroxa \u00e0 l\u00e1 Italiana: A gatinha Raissa foi saborear o Rod\u00edzio de Pizza quinta passada no Mega Pizza, acompanhada de Thiago e Mical, integrantes da Banda Companhia do Calypso.<\/strong><\/em><\/p>\n<p><em><strong><img loading=\"lazy\" class=\"alignnone size-full wp-image-2929\" alt=\"social press 1645 20130915 (4)\" src=\"http:\/\/www.brazilianpress.com\/v1\/wp-content\/uploads\/2013\/09\/social-press-1645-20130915-4.jpg\" width=\"450\" height=\"338\" srcset=\"https:\/\/www.brazilianpress.com\/v1\/wp-content\/uploads\/2013\/09\/social-press-1645-20130915-4.jpg 450w, https:\/\/www.brazilianpress.com\/v1\/wp-content\/uploads\/2013\/09\/social-press-1645-20130915-4-300x225.jpg 300w\" sizes=\"(max-width: 450px) 100vw, 450px\" \/><br \/>\nCol\u00edrio para os Olhos, Rem\u00e9dio para o Cora\u00e7\u00e3o: a Equipe de Lindas barmaids do Boi na Brasa Grill, arrasando no charme e eleg\u00e2ncia. Sucesso Girls!!!<\/strong><\/em><\/p>\n<p><em><strong><img loading=\"lazy\" class=\"alignnone size-full wp-image-2930\" alt=\"social press 1645 20130915 (5)\" src=\"http:\/\/www.brazilianpress.com\/v1\/wp-content\/uploads\/2013\/09\/social-press-1645-20130915-5.jpg\" width=\"450\" height=\"300\" srcset=\"https:\/\/www.brazilianpress.com\/v1\/wp-content\/uploads\/2013\/09\/social-press-1645-20130915-5.jpg 450w, https:\/\/www.brazilianpress.com\/v1\/wp-content\/uploads\/2013\/09\/social-press-1645-20130915-5-300x200.jpg 300w\" sizes=\"(max-width: 450px) 100vw, 450px\" \/><br \/>\nNossos votos de Muito Sucesso e Sa\u00fade a Sonia, que aguarda um beb\u00ea, Aida, Allane, Rocio, Elsa e Katy, as meninas Super Simp\u00e1ticas e prestativas do Delicias Bakery na Ferry Street.<\/strong><\/em><\/p>\n<p><em><strong><img loading=\"lazy\" class=\"alignnone size-full wp-image-2931\" alt=\"social press 1645 20130915 (6)\" src=\"http:\/\/www.brazilianpress.com\/v1\/wp-content\/uploads\/2013\/09\/social-press-1645-20130915-6.jpg\" width=\"400\" height=\"400\" srcset=\"https:\/\/www.brazilianpress.com\/v1\/wp-content\/uploads\/2013\/09\/social-press-1645-20130915-6.jpg 400w, https:\/\/www.brazilianpress.com\/v1\/wp-content\/uploads\/2013\/09\/social-press-1645-20130915-6-150x150.jpg 150w, https:\/\/www.brazilianpress.com\/v1\/wp-content\/uploads\/2013\/09\/social-press-1645-20130915-6-300x300.jpg 300w\" sizes=\"(max-width: 400px) 100vw, 400px\" \/><br \/>\nEsse Cara Sou Eu: O charmoso e talentoso Bruno Dan\u00e7arino celebrou seu anivers\u00e1rio com uma Super Balada ao lado de amigos.<\/strong><\/em><\/p>\n<p><em><strong><img loading=\"lazy\" class=\"alignnone size-full wp-image-2932\" alt=\"social press 1645 20130915 (7)\" src=\"http:\/\/www.brazilianpress.com\/v1\/wp-content\/uploads\/2013\/09\/social-press-1645-20130915-7.jpg\" width=\"450\" height=\"300\" srcset=\"https:\/\/www.brazilianpress.com\/v1\/wp-content\/uploads\/2013\/09\/social-press-1645-20130915-7.jpg 450w, https:\/\/www.brazilianpress.com\/v1\/wp-content\/uploads\/2013\/09\/social-press-1645-20130915-7-300x200.jpg 300w\" sizes=\"(max-width: 450px) 100vw, 450px\" \/><br \/>\nFeliz Cumplea\u00f1os a querida Lucy, celebrando mais uma Primavera, ao lado do esposo, Sandro Valarezo e as filhas Melissa e Sandra, com uma Paella autenticamente Espanhola. I Vivo, Do You?<\/strong><\/em><\/p>\n<p><em><strong><img loading=\"lazy\" class=\"alignnone size-full wp-image-2933\" alt=\"social press 1645 20130915 (8)\" src=\"http:\/\/www.brazilianpress.com\/v1\/wp-content\/uploads\/2013\/09\/social-press-1645-20130915-8.jpg\" width=\"350\" height=\"622\" srcset=\"https:\/\/www.brazilianpress.com\/v1\/wp-content\/uploads\/2013\/09\/social-press-1645-20130915-8.jpg 350w, https:\/\/www.brazilianpress.com\/v1\/wp-content\/uploads\/2013\/09\/social-press-1645-20130915-8-168x300.jpg 168w\" sizes=\"(max-width: 350px) 100vw, 350px\" \/><br \/>\nAs Gatas Janaina Camilo, Franciele Correa e Simone Chaves mostraram todo o Encanto da Mulher Brasileira, domingo passado no Boi Folia, promovido pelo empres\u00e1rio Farid Saleh.<\/strong><\/em><\/p>\n<p><em><strong> <img loading=\"lazy\" class=\"alignnone size-full wp-image-2934\" alt=\"social press 1645 20130915 (9)\" src=\"http:\/\/www.brazilianpress.com\/v1\/wp-content\/uploads\/2013\/09\/social-press-1645-20130915-9.jpg\" width=\"450\" height=\"300\" srcset=\"https:\/\/www.brazilianpress.com\/v1\/wp-content\/uploads\/2013\/09\/social-press-1645-20130915-9.jpg 450w, https:\/\/www.brazilianpress.com\/v1\/wp-content\/uploads\/2013\/09\/social-press-1645-20130915-9-300x200.jpg 300w\" sizes=\"(max-width: 450px) 100vw, 450px\" \/><br \/>\nSilvio \u201cPress\u201d De Souza, recebendo do promoter D\u00e9cio Cotomacio, o CD do Grupo Biografia, a nova sensa\u00e7\u00e3o do Samba no Brasil. Logo, logo, o Grupo estar\u00e1 aqui para agitar a Galera!<\/strong><\/em><\/p>\n<p><em><strong><img loading=\"lazy\" class=\"alignnone size-full wp-image-2935\" alt=\"social press 1645 20130915 (10)\" src=\"http:\/\/www.brazilianpress.com\/v1\/wp-content\/uploads\/2013\/09\/social-press-1645-20130915-10.jpg\" width=\"350\" height=\"536\" srcset=\"https:\/\/www.brazilianpress.com\/v1\/wp-content\/uploads\/2013\/09\/social-press-1645-20130915-10.jpg 350w, https:\/\/www.brazilianpress.com\/v1\/wp-content\/uploads\/2013\/09\/social-press-1645-20130915-10-195x300.jpg 195w\" sizes=\"(max-width: 350px) 100vw, 350px\" \/><br \/>\nCrazy About Art: O rep\u00f3rter Junior Schutt de rol\u00e9 pelo MoMA em Manhattan foi conferir os novos trabalhos em arte contempor\u00e2nea, e clicou o Preto Velho.<\/strong><\/em><\/p>\n","protected":false},"excerpt":{"rendered":"<p>Que Bom que Amanh\u00e3 \u00e9 Sexta-Feira, e a noite mais Badalada do Ironbound \u00e9 no Casa Nova Grill. E sob a Luz da Lua Cheia, que tal se Enamorar? Agora \u00e9 Oficial: ap\u00f3s 5 anos de namoro, os apaixonados Robson e Alice Gavioli declararam-se Marido e Mulher sexta passada. Que Deus Aben\u00e7oe esta Uni\u00e3o s\u00e3o os votos da Equipe Press! Nossas Felicita\u00e7\u00f5es ao empres\u00e1rio Farid Saleh, pela realiza\u00e7\u00e3o do Boi Folia 2013, domingo passado em Newark, agitando a Comunidade Brasileira da Costa Leste com o show de Naldo. Cr\u00e9dito da foto: Veja TV<\/p>\n","protected":false},"author":1,"featured_media":2939,"comment_status":"open","ping_status":"open","sticky":false,"template":"","format":"standard","meta":{"_links_to":"","_links_to_target":""},"categories":[1,6],"tags":[],"views":3513,"_links":{"self":[{"href":"https:\/\/www.brazilianpress.com\/v1\/wp-json\/wp\/v2\/posts\/2927"}],"collection":[{"href":"https:\/\/www.brazilianpress.com\/v1\/wp-json\/wp\/v2\/posts"}],"about":[{"href":"https:\/\/www.brazilianpress.com\/v1\/wp-json\/wp\/v2\/types\/post"}],"author":[{"embeddable":true,"href":"https:\/\/www.brazilianpress.com\/v1\/wp-json\/wp\/v2\/users\/1"}],"replies":[{"embeddable":true,"href":"https:\/\/www.brazilianpress.com\/v1\/wp-json\/wp\/v2\/comments?post=2927"}],"version-history":[{"count":2,"href":"https:\/\/www.brazilianpress.com\/v1\/wp-json\/wp\/v2\/posts\/2927\/revisions"}],"predecessor-version":[{"id":3067,"href":"https:\/\/www.brazilianpress.com\/v1\/wp-json\/wp\/v2\/posts\/2927\/revisions\/3067"}],"wp:featuredmedia":[{"embeddable":true,"href":"https:\/\/www.brazilianpress.com\/v1\/wp-json\/wp\/v2\/media\/2939"}],"wp:attachment":[{"href":"https:\/\/www.brazilianpress.com\/v1\/wp-json\/wp\/v2\/media?parent=2927"}],"wp:term":[{"taxonomy":"category","embeddable":true,"href":"https:\/\/www.brazilianpress.com\/v1\/wp-json\/wp\/v2\/categories?post=2927"},{"taxonomy":"post_tag","embeddable":true,"href":"https:\/\/www.brazilianpress.com\/v1\/wp-json\/wp\/v2\/tags?post=2927"}],"curies":[{"name":"wp","href":"https:\/\/api.w.org\/{rel}","templated":true}]}}