{"id":2960,"date":"2013-09-19T10:02:10","date_gmt":"2013-09-19T14:02:10","guid":{"rendered":"http:\/\/www.brazilianpress.com\/v1\/?p=2960"},"modified":"2013-09-26T12:43:22","modified_gmt":"2013-09-26T16:43:22","slug":"agenda-cultural-by-roger-costa-19092013","status":"publish","type":"post","link":"https:\/\/www.brazilianpress.com\/v1\/2013\/09\/19\/agenda-cultural-by-roger-costa-19092013\/","title":{"rendered":"Agenda Cultural By Roger Costa . 19\/09\/2013"},"content":{"rendered":"<p><b><i>*Kupferberg Center For The Arts (65-30 Kissena Blvd. <\/i><\/b><b><i>Queens College)-<\/i><\/b> A legend\u00e1ria cantora da Broadway, Audra McDonald (foto), se apresentar\u00e1 pr\u00f3ximo dia 5 de outubro \u00e0s 8pm apresentando repert\u00f3rio que inclui sucessos revisitados e can\u00e7\u00f5es de seu novo \u00e0lbum \u201cGo Back Home\u201d. Conhecida tamb\u00e9m por seu papel no seriado de TV \u201cPrivate Practice\u201d, a int\u00e9rprete ganhadora de 2 Grammys, ser\u00e1 acompanhada por uma trupe de jazz, para real\u00e7ar seu talento inspirador, e relembrar o espet\u00e1culo da Broadway \u201cPergy and Bess\u201d, que lhe valeu 5 Tony Awards. Ingressos a partir de $50. Visite <a href=\"http:\/\/www.kupferbergcenter.org\">www.kupferbergcenter.org<\/a>.<!--more--><\/p>\n<p><img loading=\"lazy\" class=\"alignnone size-full wp-image-2961\" alt=\"agenda cultural 1645 20130919 Audra McDonald\" src=\"http:\/\/www.brazilianpress.com\/v1\/wp-content\/uploads\/2013\/09\/agenda-cultural-1645-20130919-Audra-McDonald.jpg\" width=\"500\" height=\"282\" srcset=\"https:\/\/www.brazilianpress.com\/v1\/wp-content\/uploads\/2013\/09\/agenda-cultural-1645-20130919-Audra-McDonald.jpg 500w, https:\/\/www.brazilianpress.com\/v1\/wp-content\/uploads\/2013\/09\/agenda-cultural-1645-20130919-Audra-McDonald-300x169.jpg 300w\" sizes=\"(max-width: 500px) 100vw, 500px\" \/><\/p>\n<p><b><i>*Ripley Grier Studios (131 W 72<sup>nd<\/sup> Street)-<\/i><\/b> O instrutor de performance e\u00a0 voz, Joe Goscinski\u00a0 realizar\u00e1 workshop neste s\u00e1bado, come\u00e7ando \u00e0s 2 da tarde, para instruir e coordenar atores na evolu\u00e7\u00e3o do trabalho vocal, seja em atua\u00e7\u00f5es, palestras, discursos, comunica\u00e7\u00e3o social e tamb\u00e9m dando dicas para quem gostaria de atuar em mon\u00f3logos. Monologue Workshop, Voice and Speech Review ministrado por Goscinski, inscri\u00e7\u00f5es $10. Informa\u00e7\u00f5es ligue (212)799-5433.<\/p>\n<p><b><i>*Producers Club Theatre (358 W 44<sup>th<\/sup> Street)-<\/i><\/b> A Companhia The Gracie Theatre Workshop apresenta a encena\u00e7\u00e3o c\u00f4mica em espanhol \u201cLa Remolienda\u201d, escrita Alejandro Sieveking, dirigida por Peter Dub\u00f3 e m\u00fasica de Luis Noboa. A pe\u00e7a narra as aventuras de Dona Nicolasa e seus tr\u00eas filhos, quando viajam a um vilarejo para explorar as hist\u00f3rias fant\u00e1sticas que o marido falecido contava em tom po\u00e9tico e bem humorado. Ingressos $25. De 9 \u00e1 13 de outubro. Visite <a href=\"http:\/\/www.gracetheatre.com\">www.gracetheatre.com<\/a>.<\/p>\n<p><b><i>*Michael Schimmel Center for the Arts (Pace University, 3 Spruce Street, Lower Manhattan)- <\/i><\/b>O espet\u00e1culo \u201cSonorama: The Lost Space Age Pop Music of Esquivel\u201d(foto) apresentando Mr. Ho\u2019s Orchestrotica, maior banda do mundo dedicada \u00e0s m\u00fasicas de Juan Garcia Esquivel, liderada por Brian O\u2019Neill e composta de mais de 20 instrumentistas, acontece neste s\u00e1bado \u00e0s 7h30pm. Os arranjos transcendem as grava\u00e7\u00f5es de Esquivel, conhecido por explorar o som est\u00e9reo ent\u00e3o novidade nas d\u00e9cadas de 50 e 60, usando pap\u00e9is at\u00edpicos de guitarras, quartetos, B3 \u00f3rg\u00e3o e percussionistas recriando o estilo Latino em Hollywood. O evento faz parte da S\u00e9rie Celebrate M\u00e9xico Now. Ingressos de $20 a $50. Visite <a href=\"http:\/\/www.schimmel.pace.edu\">www.schimmel.pace.edu<\/a>.<\/p>\n<p><img loading=\"lazy\" class=\"alignnone size-full wp-image-2962\" alt=\"agenda cultural 1645 20130919 (2)\" src=\"http:\/\/www.brazilianpress.com\/v1\/wp-content\/uploads\/2013\/09\/agenda-cultural-1645-20130919-2.jpg\" width=\"500\" height=\"286\" srcset=\"https:\/\/www.brazilianpress.com\/v1\/wp-content\/uploads\/2013\/09\/agenda-cultural-1645-20130919-2.jpg 500w, https:\/\/www.brazilianpress.com\/v1\/wp-content\/uploads\/2013\/09\/agenda-cultural-1645-20130919-2-300x171.jpg 300w\" sizes=\"(max-width: 500px) 100vw, 500px\" \/><\/p>\n<p><b><i>*Museum of Moving Image (36-01 35<sup>th<\/sup> Avenue, Astoria)-<\/i><\/b> O ator Bill Sage, ser\u00e1 celebrado com a exibi\u00e7\u00e3o do filme \u201cSimple Men\u201d, pr\u00f3xima segunda \u00e0s 7pm e a pr\u00e9-estreia do aguardado filme de horror \u201cWe Are What We Are\u201d na ter\u00e7a, tamb\u00e9m \u00e0s 7h00pm. Conhecido por suas interpreta\u00e7\u00f5es nos filmes de Hal Harltley, Bill \u00e9 consagrado por sua versatilidade, e estar\u00e1 presente para discutir sua carreira com os participantes. Visite <a href=\"http:\/\/www.movingimage.us\">www.movingimage.us<\/a>.<\/p>\n","protected":false},"excerpt":{"rendered":"<p>*Kupferberg Center For The Arts (65-30 Kissena Blvd. Queens College)- A legend\u00e1ria cantora da Broadway, Audra McDonald (foto), se apresentar\u00e1 pr\u00f3ximo dia 5 de outubro \u00e0s 8pm apresentando repert\u00f3rio que inclui sucessos revisitados e can\u00e7\u00f5es de seu novo \u00e0lbum \u201cGo Back Home\u201d. Conhecida tamb\u00e9m por seu papel no seriado de TV \u201cPrivate Practice\u201d, a int\u00e9rprete ganhadora de 2 Grammys, ser\u00e1 acompanhada por uma trupe de jazz, para real\u00e7ar seu talento inspirador, e relembrar o espet\u00e1culo da Broadway \u201cPergy and Bess\u201d, que lhe valeu 5 Tony Awards. Ingressos a partir de $50. Visite www.kupferbergcenter.org.<\/p>\n","protected":false},"author":1,"featured_media":2961,"comment_status":"open","ping_status":"open","sticky":false,"template":"","format":"standard","meta":{"_links_to":"","_links_to_target":""},"categories":[20,5,1],"tags":[],"views":2808,"_links":{"self":[{"href":"https:\/\/www.brazilianpress.com\/v1\/wp-json\/wp\/v2\/posts\/2960"}],"collection":[{"href":"https:\/\/www.brazilianpress.com\/v1\/wp-json\/wp\/v2\/posts"}],"about":[{"href":"https:\/\/www.brazilianpress.com\/v1\/wp-json\/wp\/v2\/types\/post"}],"author":[{"embeddable":true,"href":"https:\/\/www.brazilianpress.com\/v1\/wp-json\/wp\/v2\/users\/1"}],"replies":[{"embeddable":true,"href":"https:\/\/www.brazilianpress.com\/v1\/wp-json\/wp\/v2\/comments?post=2960"}],"version-history":[{"count":3,"href":"https:\/\/www.brazilianpress.com\/v1\/wp-json\/wp\/v2\/posts\/2960\/revisions"}],"predecessor-version":[{"id":2965,"href":"https:\/\/www.brazilianpress.com\/v1\/wp-json\/wp\/v2\/posts\/2960\/revisions\/2965"}],"wp:featuredmedia":[{"embeddable":true,"href":"https:\/\/www.brazilianpress.com\/v1\/wp-json\/wp\/v2\/media\/2961"}],"wp:attachment":[{"href":"https:\/\/www.brazilianpress.com\/v1\/wp-json\/wp\/v2\/media?parent=2960"}],"wp:term":[{"taxonomy":"category","embeddable":true,"href":"https:\/\/www.brazilianpress.com\/v1\/wp-json\/wp\/v2\/categories?post=2960"},{"taxonomy":"post_tag","embeddable":true,"href":"https:\/\/www.brazilianpress.com\/v1\/wp-json\/wp\/v2\/tags?post=2960"}],"curies":[{"name":"wp","href":"https:\/\/api.w.org\/{rel}","templated":true}]}}