{"id":2966,"date":"2013-09-19T10:07:27","date_gmt":"2013-09-19T14:07:27","guid":{"rendered":"http:\/\/www.brazilianpress.com\/v1\/?p=2966"},"modified":"2013-09-19T10:07:27","modified_gmt":"2013-09-19T14:07:27","slug":"guilherme-sofre-nova-contusao-muscular-e-volta-a-desfalcar-o-atletico-mg","status":"publish","type":"post","link":"https:\/\/www.brazilianpress.com\/v1\/2013\/09\/19\/guilherme-sofre-nova-contusao-muscular-e-volta-a-desfalcar-o-atletico-mg\/","title":{"rendered":"Guilherme sofre nova contus\u00e3o muscular e volta a desfalcar o Atl\u00e9tico-MG"},"content":{"rendered":"<p>O atacante Guilherme ficar\u00e1 novamente longo per\u00edodo afastado dos gramados, ao ter constatado, na segunda-feira, estiramento grau dois no adutor da coxa esquerda. O jogador j\u00e1 vem fazendo tratamento desde a \u00faltima sexta-feira.<\/p>\n<p><img loading=\"lazy\" class=\"alignnone size-full wp-image-2967\" alt=\"guilherme atletigo mg\" src=\"http:\/\/www.brazilianpress.com\/v1\/wp-content\/uploads\/2013\/09\/guilherme-atletigo-mg.jpg\" width=\"500\" height=\"300\" srcset=\"https:\/\/www.brazilianpress.com\/v1\/wp-content\/uploads\/2013\/09\/guilherme-atletigo-mg.jpg 500w, https:\/\/www.brazilianpress.com\/v1\/wp-content\/uploads\/2013\/09\/guilherme-atletigo-mg-300x180.jpg 300w\" sizes=\"(max-width: 500px) 100vw, 500px\" \/><\/p>\n<p>Guilherme n\u00e3o viajou a Porto Alegre, para enfrentar o Gr\u00eamio, no domingo passado, por ter reclamado de dores na coxa esquerda. O atleta foi submetido a exame de resson\u00e2ncia magn\u00e9tica, que apontou nova contus\u00e3o, a quarta sofrida na temporada.<!--more--><\/p>\n<p>A primeira foi um edema na panturrilha esquerda e ocorreu na pr\u00e9-temporada, quando perdeu o come\u00e7o da temporada e toda a prepara\u00e7\u00e3o na Cidade do Galo. A segunda, na coxa esquerda, foi nas oitavas de final da Libertadores. A terceira ocorreu na final da Libertadores, na coxa direita, diante do Olimpia.<\/p>\n<p>Desde que chegou ao Atl\u00e9tico, em 2011, Guilherme convive com seguidas les\u00f5es e n\u00e3o consegue uma sequ\u00eancia de partidas pelo time mineiro. No clube, o atacante vive situa\u00e7\u00f5es de altos e baixos nos dois anos em que veste a camisa alvinegra.<\/p>\n<p>O elenco atleticano realizou um treinamento na manh\u00e3 da segunda-feira, em Porto Alegre. A delega\u00e7\u00e3o alvinegra viajar\u00e1 para S\u00e3o Paulo \u00e0 noite. Na quarta-feira, o time mineiro enfrenta o S\u00e3o Paulo, no Morumbi, em jogo da 22\u00aa rodada do Campeonato Brasileiro.<\/p>\n","protected":false},"excerpt":{"rendered":"<p>O atacante Guilherme ficar\u00e1 novamente longo per\u00edodo afastado dos gramados, ao ter constatado, na segunda-feira, estiramento grau dois no adutor da coxa esquerda. O jogador j\u00e1 vem fazendo tratamento desde a \u00faltima sexta-feira. Guilherme n\u00e3o viajou a Porto Alegre, para enfrentar o Gr\u00eamio, no domingo passado, por ter reclamado de dores na coxa esquerda. O atleta foi submetido a exame de resson\u00e2ncia magn\u00e9tica, que apontou nova contus\u00e3o, a quarta sofrida na temporada.<\/p>\n","protected":false},"author":1,"featured_media":2967,"comment_status":"open","ping_status":"open","sticky":false,"template":"","format":"standard","meta":{"_links_to":"","_links_to_target":""},"categories":[9,1],"tags":[],"views":2826,"_links":{"self":[{"href":"https:\/\/www.brazilianpress.com\/v1\/wp-json\/wp\/v2\/posts\/2966"}],"collection":[{"href":"https:\/\/www.brazilianpress.com\/v1\/wp-json\/wp\/v2\/posts"}],"about":[{"href":"https:\/\/www.brazilianpress.com\/v1\/wp-json\/wp\/v2\/types\/post"}],"author":[{"embeddable":true,"href":"https:\/\/www.brazilianpress.com\/v1\/wp-json\/wp\/v2\/users\/1"}],"replies":[{"embeddable":true,"href":"https:\/\/www.brazilianpress.com\/v1\/wp-json\/wp\/v2\/comments?post=2966"}],"version-history":[{"count":1,"href":"https:\/\/www.brazilianpress.com\/v1\/wp-json\/wp\/v2\/posts\/2966\/revisions"}],"predecessor-version":[{"id":2968,"href":"https:\/\/www.brazilianpress.com\/v1\/wp-json\/wp\/v2\/posts\/2966\/revisions\/2968"}],"wp:featuredmedia":[{"embeddable":true,"href":"https:\/\/www.brazilianpress.com\/v1\/wp-json\/wp\/v2\/media\/2967"}],"wp:attachment":[{"href":"https:\/\/www.brazilianpress.com\/v1\/wp-json\/wp\/v2\/media?parent=2966"}],"wp:term":[{"taxonomy":"category","embeddable":true,"href":"https:\/\/www.brazilianpress.com\/v1\/wp-json\/wp\/v2\/categories?post=2966"},{"taxonomy":"post_tag","embeddable":true,"href":"https:\/\/www.brazilianpress.com\/v1\/wp-json\/wp\/v2\/tags?post=2966"}],"curies":[{"name":"wp","href":"https:\/\/api.w.org\/{rel}","templated":true}]}}