{"id":2969,"date":"2013-09-19T10:08:51","date_gmt":"2013-09-19T14:08:51","guid":{"rendered":"http:\/\/www.brazilianpress.com\/v1\/?p=2969"},"modified":"2013-09-19T10:08:51","modified_gmt":"2013-09-19T14:08:51","slug":"anderson-silva-critica-superlutas-sao-uma-perfeita-idiotice","status":"publish","type":"post","link":"https:\/\/www.brazilianpress.com\/v1\/2013\/09\/19\/anderson-silva-critica-superlutas-sao-uma-perfeita-idiotice\/","title":{"rendered":"Anderson Silva critica superlutas: &#8220;S\u00e3o uma perfeita idiotice&#8221;"},"content":{"rendered":"<p>Anderson Silva deixou bem clara sua opini\u00e3o sobre a realiza\u00e7\u00e3o de &#8216;superlutas&#8217; no MMA. Em entrevista ao site ingl\u00eas<em> GiveMeSport<\/em>, o Spider criticou os combates entre lutadores em categorias diferentes de peso: &#8220;S\u00e3o uma perfeita idiotice&#8221;, atacou.<\/p>\n<p><img loading=\"lazy\" class=\"alignnone size-full wp-image-2970\" alt=\"jon jones anderson silva\" src=\"http:\/\/www.brazilianpress.com\/v1\/wp-content\/uploads\/2013\/09\/jon-jones-anderson-silva.jpg\" width=\"500\" height=\"300\" srcset=\"https:\/\/www.brazilianpress.com\/v1\/wp-content\/uploads\/2013\/09\/jon-jones-anderson-silva.jpg 500w, https:\/\/www.brazilianpress.com\/v1\/wp-content\/uploads\/2013\/09\/jon-jones-anderson-silva-300x180.jpg 300w\" sizes=\"(max-width: 500px) 100vw, 500px\" \/><\/p>\n<p>Na opini\u00e3o de Anderson Silva, a realiza\u00e7\u00e3o destas lutas entre grandes nomes do MMA, mas pertencentes a categorias distintas de peso, limitam o surgimento de lutadores. &#8220;As pessoas sempre falam a respeito de superlutas, mas como ficam as chances para que apare\u00e7am novos garotos?&#8221;, questionou.<!--more--><\/p>\n<p>Embora tenha refor\u00e7ado que est\u00e1 em condi\u00e7\u00f5es de enfrentar rivais como Jon Jones ou Georges St. Pierre, Anderson Silva criticou a forma de pensar dos organizadores das lutas, que deixariam o lado esportivo em segundo plano. &#8220;Uma superluta \u00e9 boa para os neg\u00f3cios, mas p\u00e9ssima para os lutadores&#8221;, afirmou.<\/p>\n<p>Para justificar seu ponto de vista, o brasileiro usou um exemplo pessoal. &#8220;Estou pronto para enfrentar Jon Jones ou Georges St. Pierre, mas na minha academia h\u00e1 nomes como Minotouro e Glover Teixeira. O GSP \u00e9 de uma faixa de peso diferente da minha [meio-m\u00e9dio; Silva \u00e9 m\u00e9dio e Jones, meio-pesado]. J\u00e1 tenho muitos problemas na minha categoria. Suponhamos que eu lute contra GSP. Ele sobe um pouco seu peso e eu des\u00e7o o meu. Se eu vencer, enfrento Jon Jones em seguida. Caso eu ven\u00e7a, o que pode ser maior do que isso? Nada! Para mim, superlutas s\u00e3o uma perfeita idiotice&#8221;, criticou Spider.<\/p>\n<p>Anderson Silva est\u00e1 de passagem pela Inglaterra, com visitas a diversas academias. Em seguida, ele viaja para a \u00c1sia em sua prepara\u00e7\u00e3o para a revanche contra Chris Weidman, que ficou com o cintur\u00e3o dos pesos m\u00e9dios ao vencer o brasileiro no UFC 162. Por fim, o Spider descartou qualquer chance de enfrentar Chael Sonnen pela terceira vez. &#8220;Dei a ele duas oportunidades para vencer. Chael, voc\u00ea n\u00e3o conseguiu&#8221;, disse, rindo.<\/p>\n","protected":false},"excerpt":{"rendered":"<p>Anderson Silva deixou bem clara sua opini\u00e3o sobre a realiza\u00e7\u00e3o de &#8216;superlutas&#8217; no MMA. Em entrevista ao site ingl\u00eas GiveMeSport, o Spider criticou os combates entre lutadores em categorias diferentes de peso: &#8220;S\u00e3o uma perfeita idiotice&#8221;, atacou. Na opini\u00e3o de Anderson Silva, a realiza\u00e7\u00e3o destas lutas entre grandes nomes do MMA, mas pertencentes a categorias distintas de peso, limitam o surgimento de lutadores. &#8220;As pessoas sempre falam a respeito de superlutas, mas como ficam as chances para que apare\u00e7am novos garotos?&#8221;, questionou.<\/p>\n","protected":false},"author":1,"featured_media":2970,"comment_status":"open","ping_status":"open","sticky":false,"template":"","format":"standard","meta":{"_links_to":"","_links_to_target":""},"categories":[9,1],"tags":[],"views":2565,"_links":{"self":[{"href":"https:\/\/www.brazilianpress.com\/v1\/wp-json\/wp\/v2\/posts\/2969"}],"collection":[{"href":"https:\/\/www.brazilianpress.com\/v1\/wp-json\/wp\/v2\/posts"}],"about":[{"href":"https:\/\/www.brazilianpress.com\/v1\/wp-json\/wp\/v2\/types\/post"}],"author":[{"embeddable":true,"href":"https:\/\/www.brazilianpress.com\/v1\/wp-json\/wp\/v2\/users\/1"}],"replies":[{"embeddable":true,"href":"https:\/\/www.brazilianpress.com\/v1\/wp-json\/wp\/v2\/comments?post=2969"}],"version-history":[{"count":1,"href":"https:\/\/www.brazilianpress.com\/v1\/wp-json\/wp\/v2\/posts\/2969\/revisions"}],"predecessor-version":[{"id":2971,"href":"https:\/\/www.brazilianpress.com\/v1\/wp-json\/wp\/v2\/posts\/2969\/revisions\/2971"}],"wp:featuredmedia":[{"embeddable":true,"href":"https:\/\/www.brazilianpress.com\/v1\/wp-json\/wp\/v2\/media\/2970"}],"wp:attachment":[{"href":"https:\/\/www.brazilianpress.com\/v1\/wp-json\/wp\/v2\/media?parent=2969"}],"wp:term":[{"taxonomy":"category","embeddable":true,"href":"https:\/\/www.brazilianpress.com\/v1\/wp-json\/wp\/v2\/categories?post=2969"},{"taxonomy":"post_tag","embeddable":true,"href":"https:\/\/www.brazilianpress.com\/v1\/wp-json\/wp\/v2\/tags?post=2969"}],"curies":[{"name":"wp","href":"https:\/\/api.w.org\/{rel}","templated":true}]}}