{"id":2972,"date":"2013-09-19T10:10:31","date_gmt":"2013-09-19T14:10:31","guid":{"rendered":"http:\/\/www.brazilianpress.com\/v1\/?p=2972"},"modified":"2013-09-19T10:43:20","modified_gmt":"2013-09-19T14:43:20","slug":"presidente-da-ferrari-diz-que-mudanca-de-ares-fara-bem-a-felipe-massa","status":"publish","type":"post","link":"https:\/\/www.brazilianpress.com\/v1\/2013\/09\/19\/presidente-da-ferrari-diz-que-mudanca-de-ares-fara-bem-a-felipe-massa\/","title":{"rendered":"Presidente da Ferrari diz que &#8216;mudan\u00e7a de ares far\u00e1 bem&#8217; a Felipe Massa"},"content":{"rendered":"<p>O presidente da Ferrari, Luca di Montezemolo, falou sobre o fim da parceria da equipe italiana com Felipe Massa, ap\u00f3s o an\u00fancio do acerto com o finland\u00eas Kimi Raikkonen. Em entrevista ao jornal italiano <em>La Gazzetta dello Sport<\/em>, o dirigente fez um balan\u00e7o da trajet\u00f3ria do piloto na escuderia e disse que uma mudan\u00e7a de ares &#8220;far\u00e1 bem&#8221; \u00e0 carreira do brasileiro.<\/p>\n<p><img loading=\"lazy\" class=\"alignnone size-full wp-image-2973\" alt=\"felipe massa\" src=\"http:\/\/www.brazilianpress.com\/v1\/wp-content\/uploads\/2013\/09\/felipe-massa.jpg\" width=\"500\" height=\"308\" srcset=\"https:\/\/www.brazilianpress.com\/v1\/wp-content\/uploads\/2013\/09\/felipe-massa.jpg 500w, https:\/\/www.brazilianpress.com\/v1\/wp-content\/uploads\/2013\/09\/felipe-massa-300x184.jpg 300w\" sizes=\"(max-width: 500px) 100vw, 500px\" \/><\/p>\n<p>&#8220;A rela\u00e7\u00e3o com o Felipe era transparente. Ele precisava de resultados e n\u00f3s tamb\u00e9m. Alguns vieram, mas ele estava muito inconstante. Fazia boas corridas, mas sem regularidade. Em 2012, perdeu muitos pontos no Mundial de Construtores. Uma mudan\u00e7a de ares vai lhe fazer bem&#8221;, afirmou Montezemolo.<!--more--><\/p>\n<p>O dirigente da Ferrari disse ainda que Massa \u00e9 &#8220;um grande homem e uma pessoa maravilhosa&#8221;, e que espera de Kimi Raikkonen um bom desempenho na equipe ao lado de Fernando Alonso para n\u00e3o sentir falta do brasileiro. &#8220;Eu queria um piloto que n\u00e3o fizesse me arrepender de abrir m\u00e3o do Massa. Raikkonen \u00e9 o cara&#8221;, disse Montezemolo.<\/p>\n<p>Montezemolo ainda aproveitou para comparar Kimi Raikkonen ao \u00edcone austr\u00edaco da F\u00f3rmula 1, Niki Lauda, por causa do retorno \u00e0s pistas ap\u00f3s um per\u00edodo &#8220;sab\u00e1tico&#8221;. &#8220;Niki tamb\u00e9m deu um basta em certo momento porque estava cansado&#8221;, lembrou. Em sua volta \u00e0 F-1, Lauda foi campe\u00e3o mundial superando o franc\u00eas Alain Prost na temporada de 1984.<\/p>\n<p>Felipe Massa ainda n\u00e3o tem seu futuro definido na F\u00f3rmula 1. Em entrevista ao <em>Esporte Espetacular<\/em>, da TV Globo, no \u00faltimo domingo, o piloto disse que j\u00e1 conversou com duas equipes, McLaren e Lotus, mas sem avan\u00e7ar nos detalhes das negocia\u00e7\u00f5es. O Brasil corre o risco de n\u00e3o ter um piloto na pr\u00f3xima temporada, caso Massa n\u00e3o acerte com nenhuma escuderia, e Luiz Razia e Felipe Nasr tamb\u00e9m n\u00e3o consigam uma vaga na categoria.<\/p>\n","protected":false},"excerpt":{"rendered":"<p>O presidente da Ferrari, Luca di Montezemolo, falou sobre o fim da parceria da equipe italiana com Felipe Massa, ap\u00f3s o an\u00fancio do acerto com o finland\u00eas Kimi Raikkonen. Em entrevista ao jornal italiano La Gazzetta dello Sport, o dirigente fez um balan\u00e7o da trajet\u00f3ria do piloto na escuderia e disse que uma mudan\u00e7a de ares &#8220;far\u00e1 bem&#8221; \u00e0 carreira do brasileiro. &#8220;A rela\u00e7\u00e3o com o Felipe era transparente. Ele precisava de resultados e n\u00f3s tamb\u00e9m. Alguns vieram, mas ele estava muito inconstante. Fazia boas corridas, mas sem regularidade. Em 2012, perdeu muitos pontos no Mundial de Construtores. Uma mudan\u00e7a [&hellip;]<\/p>\n","protected":false},"author":1,"featured_media":2973,"comment_status":"open","ping_status":"open","sticky":false,"template":"","format":"standard","meta":{"_links_to":"","_links_to_target":""},"categories":[9,1],"tags":[],"views":2411,"_links":{"self":[{"href":"https:\/\/www.brazilianpress.com\/v1\/wp-json\/wp\/v2\/posts\/2972"}],"collection":[{"href":"https:\/\/www.brazilianpress.com\/v1\/wp-json\/wp\/v2\/posts"}],"about":[{"href":"https:\/\/www.brazilianpress.com\/v1\/wp-json\/wp\/v2\/types\/post"}],"author":[{"embeddable":true,"href":"https:\/\/www.brazilianpress.com\/v1\/wp-json\/wp\/v2\/users\/1"}],"replies":[{"embeddable":true,"href":"https:\/\/www.brazilianpress.com\/v1\/wp-json\/wp\/v2\/comments?post=2972"}],"version-history":[{"count":3,"href":"https:\/\/www.brazilianpress.com\/v1\/wp-json\/wp\/v2\/posts\/2972\/revisions"}],"predecessor-version":[{"id":2976,"href":"https:\/\/www.brazilianpress.com\/v1\/wp-json\/wp\/v2\/posts\/2972\/revisions\/2976"}],"wp:featuredmedia":[{"embeddable":true,"href":"https:\/\/www.brazilianpress.com\/v1\/wp-json\/wp\/v2\/media\/2973"}],"wp:attachment":[{"href":"https:\/\/www.brazilianpress.com\/v1\/wp-json\/wp\/v2\/media?parent=2972"}],"wp:term":[{"taxonomy":"category","embeddable":true,"href":"https:\/\/www.brazilianpress.com\/v1\/wp-json\/wp\/v2\/categories?post=2972"},{"taxonomy":"post_tag","embeddable":true,"href":"https:\/\/www.brazilianpress.com\/v1\/wp-json\/wp\/v2\/tags?post=2972"}],"curies":[{"name":"wp","href":"https:\/\/api.w.org\/{rel}","templated":true}]}}