{"id":2983,"date":"2013-09-19T10:36:23","date_gmt":"2013-09-19T14:36:23","guid":{"rendered":"http:\/\/www.brazilianpress.com\/v1\/?p=2983"},"modified":"2013-09-19T10:51:30","modified_gmt":"2013-09-19T14:51:30","slug":"potencias-se-reunem-na-onu-para-discutir-resolucao-para-a-siria","status":"publish","type":"post","link":"https:\/\/www.brazilianpress.com\/v1\/2013\/09\/19\/potencias-se-reunem-na-onu-para-discutir-resolucao-para-a-siria\/","title":{"rendered":"Pot\u00eancias se re\u00fanem na ONU para discutir resolu\u00e7\u00e3o para a S\u00edria"},"content":{"rendered":"<p>Os cinco membros permanentes do Conselho de Seguran\u00e7a da ONU se encontraram em Nova York, nos EUA, na segunda-feira (16) para discutir sobre uma resolu\u00e7\u00e3o que coloque as armas qu\u00edmicas da S\u00edria sob o controle internacional.<\/p>\n<p><img loading=\"lazy\" class=\"alignnone size-full wp-image-2984\" alt=\"reuniao siria\" src=\"http:\/\/www.brazilianpress.com\/v1\/wp-content\/uploads\/2013\/09\/reuniao-siria.jpg\" width=\"500\" height=\"313\" srcset=\"https:\/\/www.brazilianpress.com\/v1\/wp-content\/uploads\/2013\/09\/reuniao-siria.jpg 500w, https:\/\/www.brazilianpress.com\/v1\/wp-content\/uploads\/2013\/09\/reuniao-siria-300x187.jpg 300w\" sizes=\"(max-width: 500px) 100vw, 500px\" \/><\/p>\n<p>Uma resolu\u00e7\u00e3o na ONU \u00e9 vista como um passo importante para oplano acordado entre a R\u00fassia e os EUA no s\u00e1bado\u00a0, sob o qual a S\u00edria deve entregar um invent\u00e1rio de suas armas qu\u00edmicas em uma semana e elimin\u00e1-las em meados de 2014.<!--more--><\/p>\n<p>A reuni\u00e3o entre representantes da Fran\u00e7a, Reino Unido, EUA, R\u00fassia e China durou cerca de uma hora. Segundo diplomatas, o di\u00e1logo sobre a S\u00edria continuar\u00e1 nesta quarta-feira. Eles discutiam sobre um projeto de resolu\u00e7\u00e3o acordado entre o Reino Unido, a Fran\u00e7a e os EUA.<\/p>\n<p>A Fran\u00e7a, o Reino Unido e os EUA querem que a resolu\u00e7\u00e3o traga a possibilidade de uma a\u00e7\u00e3o militar caso a S\u00edria n\u00e3o cumpra o combinado, um ponto que a R\u00fassia discorda.<\/p>\n<p>A reuni\u00e3o entre as pot\u00eancias do Conselho de Seguran\u00e7a ocorre um dia depois que a\u00a0ONU divulgou seu relat\u00f3rio sobre o ataque qu\u00edmico na S\u00edria\u00a0nos arredores de Damasco, confirmando o uso do g\u00e1s neurol\u00f3gico sarin no dia 21 de agosto. A Fran\u00e7a, o Reino Unido e os EUA insistem que o relat\u00f3rio\u00a0claramente prova que o governo s\u00edrio foi o autor do massacre\u00a0&#8211; que deixou centenas de mortos -, pois de acordo com os detalhes t\u00e9cnicos, somente o regime de Bashar al-Assad teria condi\u00e7\u00f5es de conduzi-lo.<\/p>\n<p>De manh\u00e3, durante encontro com o chanceler franc\u00eas, Laurent Fabius, o ministro das Rela\u00e7\u00f5es Exteriores russo\u00a0rejeitou a an\u00e1lise\u00a0dizendo nesta ter\u00e7a-feira que seu pa\u00eds acredita que o ataque foi uma provoca\u00e7\u00e3o das for\u00e7as rebeldes no pa\u00eds, mesmo argumento usado por Assad.<\/p>\n<p>Antes, o representante da Fran\u00e7a havia dito que: &#8220;Quando voc\u00ea olha a quantidade de g\u00e1s sarin usado, os vetores, as t\u00e9cnicas por tr\u00e1s de tais ataques, bem como outros aspectos, parece n\u00e3o deixar d\u00favidas que o regime (de Assad) est\u00e1 por tr\u00e1s disso.&#8221;<\/p>\n<p>Essas discord\u00e2ncias entre as pot\u00eancias dever\u00e3o refetir-se na discuss\u00e3o sobre a resolu\u00e7\u00e3o na ONU. Por tr\u00eas vezes no passado, a R\u00fassia e a China bloquearam tentativas de punir o regime Assad por causa da extens\u00e3o da viol\u00eancia usada durante a guerra civil no pa\u00eds, que j\u00e1 dura dois anos e meio.<\/p>\n<p>Em Damasco, o ministro das Rela\u00e7\u00f5es Exteriores s\u00edrio criticou os chanceleres dos EUA, do Reino Unido e da Fran\u00e7a, acusando-os de tentar impor sua agenda ao povo s\u00edrio. Em comunicado, ele denunciou os tr\u00eas ministros por &#8220;sua brusca fren\u00e9tica de impor sua vontade&#8221; ao povo s\u00edrio, destacando que qualquer discuss\u00e3o sobre a legitimidade pol\u00edtica e constitucional na S\u00edria \u00e9 um &#8220;direito exclusivo do povo s\u00edrio&#8221;.<\/p>\n<p>O principal grupo de oposi\u00e7\u00e3o da S\u00edria, a Coaliz\u00e3o Nacional S\u00edria, apoiada pelo Ocidente, disse que o relat\u00f3rio da ONU forceceu &#8220;evid\u00eancias irrefut\u00e1veis&#8221; e claramente mostra que o regime s\u00edrio \u00e9 o \u00fanico que teria sido capaz de lan\u00e7ar o atauqe, que o chefe da ONU Ban Ki-moon denunciou como um &#8220;crime de guerra&#8221;.<\/p>\n","protected":false},"excerpt":{"rendered":"<p>Os cinco membros permanentes do Conselho de Seguran\u00e7a da ONU se encontraram em Nova York, nos EUA, na segunda-feira (16) para discutir sobre uma resolu\u00e7\u00e3o que coloque as armas qu\u00edmicas da S\u00edria sob o controle internacional. Uma resolu\u00e7\u00e3o na ONU \u00e9 vista como um passo importante para oplano acordado entre a R\u00fassia e os EUA no s\u00e1bado\u00a0, sob o qual a S\u00edria deve entregar um invent\u00e1rio de suas armas qu\u00edmicas em uma semana e elimin\u00e1-las em meados de 2014.<\/p>\n","protected":false},"author":1,"featured_media":2984,"comment_status":"open","ping_status":"open","sticky":false,"template":"","format":"standard","meta":{"_links_to":"","_links_to_target":""},"categories":[8,1],"tags":[],"views":2306,"_links":{"self":[{"href":"https:\/\/www.brazilianpress.com\/v1\/wp-json\/wp\/v2\/posts\/2983"}],"collection":[{"href":"https:\/\/www.brazilianpress.com\/v1\/wp-json\/wp\/v2\/posts"}],"about":[{"href":"https:\/\/www.brazilianpress.com\/v1\/wp-json\/wp\/v2\/types\/post"}],"author":[{"embeddable":true,"href":"https:\/\/www.brazilianpress.com\/v1\/wp-json\/wp\/v2\/users\/1"}],"replies":[{"embeddable":true,"href":"https:\/\/www.brazilianpress.com\/v1\/wp-json\/wp\/v2\/comments?post=2983"}],"version-history":[{"count":3,"href":"https:\/\/www.brazilianpress.com\/v1\/wp-json\/wp\/v2\/posts\/2983\/revisions"}],"predecessor-version":[{"id":2987,"href":"https:\/\/www.brazilianpress.com\/v1\/wp-json\/wp\/v2\/posts\/2983\/revisions\/2987"}],"wp:featuredmedia":[{"embeddable":true,"href":"https:\/\/www.brazilianpress.com\/v1\/wp-json\/wp\/v2\/media\/2984"}],"wp:attachment":[{"href":"https:\/\/www.brazilianpress.com\/v1\/wp-json\/wp\/v2\/media?parent=2983"}],"wp:term":[{"taxonomy":"category","embeddable":true,"href":"https:\/\/www.brazilianpress.com\/v1\/wp-json\/wp\/v2\/categories?post=2983"},{"taxonomy":"post_tag","embeddable":true,"href":"https:\/\/www.brazilianpress.com\/v1\/wp-json\/wp\/v2\/tags?post=2983"}],"curies":[{"name":"wp","href":"https:\/\/api.w.org\/{rel}","templated":true}]}}