{"id":2988,"date":"2013-09-19T10:40:16","date_gmt":"2013-09-19T14:40:16","guid":{"rendered":"http:\/\/www.brazilianpress.com\/v1\/?p=2988"},"modified":"2013-09-19T10:40:16","modified_gmt":"2013-09-19T14:40:16","slug":"onibus-desgovernado-mata-um-e-deixa-20-feridos-em-ponto-em-minas-gerais","status":"publish","type":"post","link":"https:\/\/www.brazilianpress.com\/v1\/2013\/09\/19\/onibus-desgovernado-mata-um-e-deixa-20-feridos-em-ponto-em-minas-gerais\/","title":{"rendered":"\u00d4nibus desgovernado mata um e deixa 20 feridos em ponto em Minas Gerais"},"content":{"rendered":"<p>Um \u00f4nibus desgovernado matou uma pessoa e atropelou outras que aguardavam no ponto, na cidade de Contagem (MG). O acidente deixou 20 v\u00edtimas, contando as que estavam dentro do coletivo e os pedestres, de acordo com o Corpo de Bombeiros de Minas Gerais.<!--more--><\/p>\n<p><img loading=\"lazy\" class=\"alignnone size-full wp-image-2989\" alt=\"acidente onibus minas gerais\" src=\"http:\/\/www.brazilianpress.com\/v1\/wp-content\/uploads\/2013\/09\/acidente-onibus-minas-gerais.jpg\" width=\"500\" height=\"313\" srcset=\"https:\/\/www.brazilianpress.com\/v1\/wp-content\/uploads\/2013\/09\/acidente-onibus-minas-gerais.jpg 500w, https:\/\/www.brazilianpress.com\/v1\/wp-content\/uploads\/2013\/09\/acidente-onibus-minas-gerais-300x187.jpg 300w\" sizes=\"(max-width: 500px) 100vw, 500px\" \/><\/p>\n<p>Quatro pessoas foram retiradas debaixo do \u00f4nibus e tr\u00eas v\u00edtimas est\u00e3o em estado grave e foram encaminhas para o Hospital Jo\u00e3o 23.<\/p>\n<p>O acidente aconteceu por volta das 7h40 na avenida Cardeal Eug\u00eanio Pacelli, bairro Cidade Industrial. Informa\u00e7\u00f5es colhidas no local apontam que o motorista sofreu de um &#8220;mal s\u00fabito&#8221;, tamb\u00e9m segundo os bombeiros. O coletivo era um \u00f4nibus executivo da linha 3212 e realizava o trajeto Betim\/Belo Horizonte.<\/p>\n","protected":false},"excerpt":{"rendered":"<p>Um \u00f4nibus desgovernado matou uma pessoa e atropelou outras que aguardavam no ponto, na cidade de Contagem (MG). O acidente deixou 20 v\u00edtimas, contando as que estavam dentro do coletivo e os pedestres, de acordo com o Corpo de Bombeiros de Minas Gerais.<\/p>\n","protected":false},"author":1,"featured_media":2989,"comment_status":"open","ping_status":"open","sticky":false,"template":"","format":"standard","meta":{"_links_to":"","_links_to_target":""},"categories":[7,1],"tags":[],"views":2815,"_links":{"self":[{"href":"https:\/\/www.brazilianpress.com\/v1\/wp-json\/wp\/v2\/posts\/2988"}],"collection":[{"href":"https:\/\/www.brazilianpress.com\/v1\/wp-json\/wp\/v2\/posts"}],"about":[{"href":"https:\/\/www.brazilianpress.com\/v1\/wp-json\/wp\/v2\/types\/post"}],"author":[{"embeddable":true,"href":"https:\/\/www.brazilianpress.com\/v1\/wp-json\/wp\/v2\/users\/1"}],"replies":[{"embeddable":true,"href":"https:\/\/www.brazilianpress.com\/v1\/wp-json\/wp\/v2\/comments?post=2988"}],"version-history":[{"count":1,"href":"https:\/\/www.brazilianpress.com\/v1\/wp-json\/wp\/v2\/posts\/2988\/revisions"}],"predecessor-version":[{"id":2990,"href":"https:\/\/www.brazilianpress.com\/v1\/wp-json\/wp\/v2\/posts\/2988\/revisions\/2990"}],"wp:featuredmedia":[{"embeddable":true,"href":"https:\/\/www.brazilianpress.com\/v1\/wp-json\/wp\/v2\/media\/2989"}],"wp:attachment":[{"href":"https:\/\/www.brazilianpress.com\/v1\/wp-json\/wp\/v2\/media?parent=2988"}],"wp:term":[{"taxonomy":"category","embeddable":true,"href":"https:\/\/www.brazilianpress.com\/v1\/wp-json\/wp\/v2\/categories?post=2988"},{"taxonomy":"post_tag","embeddable":true,"href":"https:\/\/www.brazilianpress.com\/v1\/wp-json\/wp\/v2\/tags?post=2988"}],"curies":[{"name":"wp","href":"https:\/\/api.w.org\/{rel}","templated":true}]}}